{"id":45373,"date":"2012-09-01T10:33:45","date_gmt":"2012-09-01T08:33:45","guid":{"rendered":"http:\/\/semmelweis.hu\/mediasarok\/?p=45373"},"modified":"2019-06-11T15:38:35","modified_gmt":"2019-06-11T13:38:35","slug":"koranyi-projekt-befejezodik-a-bontas","status":"publish","type":"post","link":"https:\/\/semmelweis.hu\/mediasarok\/2012\/09\/01\/koranyi-projekt-befejezodik-a-bontas\/","title":{"rendered":"Kor\u00e1nyi projekt: befejez\u0151dik a bont\u00e1s"},"content":{"rendered":"<p>Nagyr\u00e9szt m\u00e1r lezajlottak, 2012. szeptember elej\u00e9n pedig v\u00e1rhat\u00f3an le is z\u00e1rulnak a Kor\u00e1nyi projekt \u00a0(KMOP-4.3.1\/A_2-09-2F-2010-0001)\u00a0bont\u00e1si munk\u00e1latai.\u00a0A bont\u00e1si munk\u00e1latok mellett sz\u00e1mos, a beruh\u00e1z\u00e1st megel\u0151z\u0151 \u00e1talak\u00edt\u00e1si munka is zajlott, illetve zajlik a K\u00fcls\u0151 Klinikai T\u00f6mb (KKT) ter\u00fclet\u00e9n, amelyek a biztons\u00e1gos \u00e9s min\u0151s\u00e9gi betegell\u00e1t\u00e1s sz\u00ednvonal\u00e1nak biztos\u00edt\u00e1s\u00e1t szolg\u00e1lj\u00e1k. fot\u00f3k: Kov\u00e1cs Attila &#8211; Semmelweis Egyetem<\/p>\n\r\n        [slb_exclude]\r\n        <div class=\"row galeria-wrapper mx-0 h-auto\">\r\n            <div class=\"col-9 pl-0 pr-2\">\r\n            <span class=\"gallery-item frame\">\r\n\t\t\t\t<div class=\"galeria-left-img\"><a href=\"https:\/\/semmelweis.hu\/mediasarok\/files\/2014\/08\/20130621-img_4081-koranyi-eptikezes-alap-bontas-web.jpg\"><img src=https:\/\/semmelweis.hu\/mediasarok\/files\/2014\/08\/20130621-img_4081-koranyi-eptikezes-alap-bontas-web.jpg  \r\n                            alt=\"\" \r\n                            class=\"attachment-sote-gallery-big size-sote-gallery-big\" \r\n                            srcset=\"https:\/\/semmelweis.hu\/mediasarok\/files\/2014\/08\/20130621-img_4081-koranyi-eptikezes-alap-bontas-web-200x300.jpg 200w, https:\/\/semmelweis.hu\/mediasarok\/files\/2014\/08\/20130621-img_4081-koranyi-eptikezes-alap-bontas-web.jpg 600w\" ><\/a><\/div>\r\n            <\/span>\r\n\r\n            <\/div>\r\n\r\n\t\t\t<div class=\"col-3 pl-0 pr-0\">\r\n\t\t\t\t<div class=\"galeria-right-img d-flex justify-content-between flex-column h-100 w-100 px-0 mx-0 \">\r\n                <div class=\"galeria-box\">\r\n\t\t\t\t\t<h3 class=\"galeria-title\">Gal\u00e9ria<\/h3>\r\n\t\t\t\t\t<div class=\"galeria-subtitle\">\r\n\r\n\t\t\t\t\t\t<div class=\"galeria-page-counter\"><span>10<\/span>k\u00e9p<\/div>\r\n                    <\/div> <\/div>\r\n                    <span class=\"gallery-item frame d-none d-md-flex\">\r\n\t\t\t\t\t<div class=\"galeria-small-img mt-0\"><a href=\"https:\/\/semmelweis.hu\/mediasarok\/files\/2014\/08\/20130621-img_4088-koranyi-eptikezes-alap-bontas-web.jpg\"><img src=https:\/\/semmelweis.hu\/mediasarok\/files\/2014\/08\/20130621-img_4088-koranyi-eptikezes-alap-bontas-web.jpg \r\n                                alt=\"\"  \r\n                                class=\"attachment-sote-gallery-small size-sote-gallery-small\" \r\n                                srcset=\"https:\/\/semmelweis.hu\/mediasarok\/files\/2014\/08\/20130621-img_4088-koranyi-eptikezes-alap-bontas-web-300x200.jpg 300w, https:\/\/semmelweis.hu\/mediasarok\/files\/2014\/08\/20130621-img_4088-koranyi-eptikezes-alap-bontas-web-450x300.jpg 450w, https:\/\/semmelweis.hu\/mediasarok\/files\/2014\/08\/20130621-img_4088-koranyi-eptikezes-alap-bontas-web.jpg 900w\" ><\/a><\/div>\r\n                    <\/span>\r\n                    <span class=\"gallery-item frame d-none d-md-flex\">\r\n\t\t\t\t\t<div class=\"galeria-small-img mt-0\"><a href=\"https:\/\/semmelweis.hu\/mediasarok\/files\/2014\/08\/20130621-img_4091-koranyi-eptikezes-alap-bontas-web.jpg\"><img src=https:\/\/semmelweis.hu\/mediasarok\/files\/2014\/08\/20130621-img_4091-koranyi-eptikezes-alap-bontas-web.jpg \r\n                                alt=\"\" \r\n                                class=\"attachment-sote-gallery-small size-sote-gallery-small\" \r\n                                srcset=\"https:\/\/semmelweis.hu\/mediasarok\/files\/2014\/08\/20130621-img_4091-koranyi-eptikezes-alap-bontas-web-300x200.jpg 300w, https:\/\/semmelweis.hu\/mediasarok\/files\/2014\/08\/20130621-img_4091-koranyi-eptikezes-alap-bontas-web-450x300.jpg 450w, https:\/\/semmelweis.hu\/mediasarok\/files\/2014\/08\/20130621-img_4091-koranyi-eptikezes-alap-bontas-web.jpg 900w\" ><\/a><\/div>\r\n                    <\/span>\r\n\r\n                <\/div>\r\n\r\n            <\/div>\r\n\r\n            <span class=\"gallery-item\"><div class=\"hidden\"><a href=\"https:\/\/semmelweis.hu\/mediasarok\/files\/2014\/08\/20130621-img_4095-koranyi-eptikezes-alap-bontas-web.jpg\">\r\n        <img src=https:\/\/semmelweis.hu\/mediasarok\/files\/2014\/08\/20130621-img_4095-koranyi-eptikezes-alap-bontas-web.jpg alt=\"\" class=\"attachment-sote-gallery-big size-sote-gallery-big\" srcset=\"https:\/\/semmelweis.hu\/mediasarok\/files\/2014\/08\/20130621-img_4095-koranyi-eptikezes-alap-bontas-web-300x200.jpg 300w, https:\/\/semmelweis.hu\/mediasarok\/files\/2014\/08\/20130621-img_4095-koranyi-eptikezes-alap-bontas-web-450x300.jpg 450w, https:\/\/semmelweis.hu\/mediasarok\/files\/2014\/08\/20130621-img_4095-koranyi-eptikezes-alap-bontas-web.jpg 900w\" >\r\n        <\/a><\/div><\/span><span class=\"gallery-item\"><div class=\"hidden\"><a href=\"https:\/\/semmelweis.hu\/mediasarok\/files\/2014\/08\/20130621-img_4097-koranyi-eptikezes-alap-bontas-web.jpg\">\r\n        <img src=https:\/\/semmelweis.hu\/mediasarok\/files\/2014\/08\/20130621-img_4097-koranyi-eptikezes-alap-bontas-web.jpg alt=\"\" class=\"attachment-sote-gallery-big size-sote-gallery-big\" srcset=\"https:\/\/semmelweis.hu\/mediasarok\/files\/2014\/08\/20130621-img_4097-koranyi-eptikezes-alap-bontas-web-300x200.jpg 300w, https:\/\/semmelweis.hu\/mediasarok\/files\/2014\/08\/20130621-img_4097-koranyi-eptikezes-alap-bontas-web-450x300.jpg 450w, https:\/\/semmelweis.hu\/mediasarok\/files\/2014\/08\/20130621-img_4097-koranyi-eptikezes-alap-bontas-web.jpg 900w\" >\r\n        <\/a><\/div><\/span><span class=\"gallery-item\"><div class=\"hidden\"><a href=\"https:\/\/semmelweis.hu\/mediasarok\/files\/2014\/08\/20130621-img_4098-koranyi-eptikezes-alap-bontas-web.jpg\">\r\n        <img src=https:\/\/semmelweis.hu\/mediasarok\/files\/2014\/08\/20130621-img_4098-koranyi-eptikezes-alap-bontas-web.jpg alt=\"\" class=\"attachment-sote-gallery-big size-sote-gallery-big\" srcset=\"https:\/\/semmelweis.hu\/mediasarok\/files\/2014\/08\/20130621-img_4098-koranyi-eptikezes-alap-bontas-web-200x300.jpg 200w, https:\/\/semmelweis.hu\/mediasarok\/files\/2014\/08\/20130621-img_4098-koranyi-eptikezes-alap-bontas-web.jpg 600w\" >\r\n        <\/a><\/div><\/span><span class=\"gallery-item\"><div class=\"hidden\"><a href=\"https:\/\/semmelweis.hu\/mediasarok\/files\/2014\/08\/20130621-img_4108-koranyi-eptikezes-alap-bontas-web.jpg\">\r\n        <img src=https:\/\/semmelweis.hu\/mediasarok\/files\/2014\/08\/20130621-img_4108-koranyi-eptikezes-alap-bontas-web.jpg alt=\"\" class=\"attachment-sote-gallery-big size-sote-gallery-big\" srcset=\"https:\/\/semmelweis.hu\/mediasarok\/files\/2014\/08\/20130621-img_4108-koranyi-eptikezes-alap-bontas-web-300x200.jpg 300w, https:\/\/semmelweis.hu\/mediasarok\/files\/2014\/08\/20130621-img_4108-koranyi-eptikezes-alap-bontas-web-450x300.jpg 450w, https:\/\/semmelweis.hu\/mediasarok\/files\/2014\/08\/20130621-img_4108-koranyi-eptikezes-alap-bontas-web.jpg 900w\" >\r\n        <\/a><\/div><\/span><span class=\"gallery-item\"><div class=\"hidden\"><a href=\"https:\/\/semmelweis.hu\/mediasarok\/files\/2014\/08\/20130621-img_4110-koranyi-eptikezes-alap-bontas-web.jpg\">\r\n        <img src=https:\/\/semmelweis.hu\/mediasarok\/files\/2014\/08\/20130621-img_4110-koranyi-eptikezes-alap-bontas-web.jpg alt=\"\" class=\"attachment-sote-gallery-big size-sote-gallery-big\" srcset=\"https:\/\/semmelweis.hu\/mediasarok\/files\/2014\/08\/20130621-img_4110-koranyi-eptikezes-alap-bontas-web-300x200.jpg 300w, https:\/\/semmelweis.hu\/mediasarok\/files\/2014\/08\/20130621-img_4110-koranyi-eptikezes-alap-bontas-web-450x300.jpg 450w, https:\/\/semmelweis.hu\/mediasarok\/files\/2014\/08\/20130621-img_4110-koranyi-eptikezes-alap-bontas-web.jpg 900w\" >\r\n        <\/a><\/div><\/span><span class=\"gallery-item\"><div class=\"hidden\"><a href=\"https:\/\/semmelweis.hu\/mediasarok\/files\/2014\/08\/20130621-img_4113-koranyi-eptikezes-alap-bontas-web.jpg\">\r\n        <img src=https:\/\/semmelweis.hu\/mediasarok\/files\/2014\/08\/20130621-img_4113-koranyi-eptikezes-alap-bontas-web.jpg alt=\"\" class=\"attachment-sote-gallery-big size-sote-gallery-big\" srcset=\"https:\/\/semmelweis.hu\/mediasarok\/files\/2014\/08\/20130621-img_4113-koranyi-eptikezes-alap-bontas-web-300x200.jpg 300w, https:\/\/semmelweis.hu\/mediasarok\/files\/2014\/08\/20130621-img_4113-koranyi-eptikezes-alap-bontas-web-450x300.jpg 450w, https:\/\/semmelweis.hu\/mediasarok\/files\/2014\/08\/20130621-img_4113-koranyi-eptikezes-alap-bontas-web.jpg 900w\" >\r\n        <\/a><\/div><\/span><span class=\"gallery-item\"><div class=\"hidden\"><a href=\"https:\/\/semmelweis.hu\/mediasarok\/files\/2014\/08\/20130621-img_4114-koranyi-eptikezes-alap-bontas-web.jpg\">\r\n        <img src=https:\/\/semmelweis.hu\/mediasarok\/files\/2014\/08\/20130621-img_4114-koranyi-eptikezes-alap-bontas-web.jpg alt=\"\" class=\"attachment-sote-gallery-big size-sote-gallery-big\" srcset=\"https:\/\/semmelweis.hu\/mediasarok\/files\/2014\/08\/20130621-img_4114-koranyi-eptikezes-alap-bontas-web-200x300.jpg 200w, https:\/\/semmelweis.hu\/mediasarok\/files\/2014\/08\/20130621-img_4114-koranyi-eptikezes-alap-bontas-web.jpg 600w\" >\r\n        <\/a><\/div><\/span>\r\n            <\/div>\r\n\r\n            [\/slb_exclude]\r\n\t\n<p>&nbsp;<\/p>\n<p>&nbsp;<\/p>\n","protected":false},"excerpt":{"rendered":"<p>Nagyr\u00e9szt m\u00e1r lezajlottak, 2012. szeptember elej\u00e9n pedig v\u00e1rhat\u00f3an le is z\u00e1rulnak a Kor\u00e1nyi projekt \u00a0(KMOP-4.3.1\/A_2-09-2F-2010-0001)\u00a0bont\u00e1si munk\u00e1latai.\u00a0A bont\u00e1si munk\u00e1latok mellett sz\u00e1mos, a beruh\u00e1z\u00e1st megel\u0151z\u0151 \u00e1talak\u00edt\u00e1si munka is zajlott, illetve zajlik a K\u00fcls\u0151 Klinikai T\u00f6mb (KKT) ter\u00fclet\u00e9n, amelyek a biztons\u00e1gos \u00e9s min\u0151s\u00e9gi betegell\u00e1t\u00e1s sz\u00ednvonal\u00e1nak biztos\u00edt\u00e1s\u00e1t szolg\u00e1lj\u00e1k. fot\u00f3k: Kov\u00e1cs Attila &#8211; Semmelweis Egyetem<\/p>\n<p>&nbsp;<br \/>\n&nbsp;<\/p>\n","protected":false},"author":169,"featured_media":45382,"comment_status":"closed","ping_status":"closed","sticky":false,"template":"","format":"standard","meta":{"_acf_changed":false,"footnotes":""},"categories":[413],"tags":[728],"class_list":["post-45373","post","type-post","status-publish","format-standard","has-post-thumbnail","hentry","category-galeria","tag-pozitiv"],"acf":[],"_links":{"self":[{"href":"https:\/\/semmelweis.hu\/mediasarok\/wp-json\/wp\/v2\/posts\/45373","targetHints":{"allow":["GET"]}}],"collection":[{"href":"https:\/\/semmelweis.hu\/mediasarok\/wp-json\/wp\/v2\/posts"}],"about":[{"href":"https:\/\/semmelweis.hu\/mediasarok\/wp-json\/wp\/v2\/types\/post"}],"author":[{"embeddable":true,"href":"https:\/\/semmelweis.hu\/mediasarok\/wp-json\/wp\/v2\/users\/169"}],"replies":[{"embeddable":true,"href":"https:\/\/semmelweis.hu\/mediasarok\/wp-json\/wp\/v2\/comments?post=45373"}],"version-history":[{"count":2,"href":"https:\/\/semmelweis.hu\/mediasarok\/wp-json\/wp\/v2\/posts\/45373\/revisions"}],"predecessor-version":[{"id":94157,"href":"https:\/\/semmelweis.hu\/mediasarok\/wp-json\/wp\/v2\/posts\/45373\/revisions\/94157"}],"wp:featuredmedia":[{"embeddable":true,"href":"https:\/\/semmelweis.hu\/mediasarok\/wp-json\/wp\/v2\/media\/45382"}],"wp:attachment":[{"href":"https:\/\/semmelweis.hu\/mediasarok\/wp-json\/wp\/v2\/media?parent=45373"}],"wp:term":[{"taxonomy":"category","embeddable":true,"href":"https:\/\/semmelweis.hu\/mediasarok\/wp-json\/wp\/v2\/categories?post=45373"},{"taxonomy":"post_tag","embeddable":true,"href":"https:\/\/semmelweis.hu\/mediasarok\/wp-json\/wp\/v2\/tags?post=45373"}],"curies":[{"name":"wp","href":"https:\/\/api.w.org\/{rel}","templated":true}]}}