{"id":45363,"date":"2012-03-29T10:24:45","date_gmt":"2012-03-29T08:24:45","guid":{"rendered":"http:\/\/semmelweis.hu\/mediasarok\/?p=45363"},"modified":"2019-06-11T15:53:05","modified_gmt":"2019-06-11T13:53:05","slug":"visszavonta-a-szenatus-schmitt-pal-kisdoktori-cimet-2","status":"publish","type":"post","link":"https:\/\/semmelweis.hu\/mediasarok\/2012\/03\/29\/visszavonta-a-szenatus-schmitt-pal-kisdoktori-cimet-2\/","title":{"rendered":"Visszavonta a Szen\u00e1tus Schmitt P\u00e1l kisdoktori c\u00edm\u00e9t"},"content":{"rendered":"<p>Az egyetem Doktori Tan\u00e1cs\u00e1nak ind\u00edtv\u00e1nya nyom\u00e1n a Szen\u00e1tus\u00a02012. m\u00e1rcius 29-i\u00a0d\u00e9lut\u00e1ni \u00fcl\u00e9s\u00e9n \u00fagy d\u00f6nt\u00f6tt: visszavonja dr. Schmitt P\u00e1l egyetemi tudom\u00e1nyos fokozat\u00e1t, vagyis dr. univ. c\u00edm\u00e9t \u2013 jelentette be Dr. Tulassay Tivadar rektor \u00fajs\u00e1g\u00edr\u00f3k el\u0151tt, a test\u00fclet \u00fcl\u00e9s\u00e9t k\u00f6vet\u0151en. A rektor hangs\u00falyozta: amint az egyetem felhatalmaz\u00e1st kapott, 36 \u00f3r\u00e1n bel\u00fcl d\u00f6nt\u00f6tt a k\u00e9rd\u00e9sben. fot\u00f3: D. Kiss Bal\u00e1zs<\/p>\n\r\n        [slb_exclude]\r\n        <div class=\"row galeria-wrapper mx-0 h-auto\">\r\n            <div class=\"col-9 pl-0 pr-2\">\r\n            <span class=\"gallery-item frame\">\r\n\t\t\t\t<div class=\"galeria-left-img\"><a href=\"https:\/\/semmelweis.hu\/mediasarok\/files\/2014\/08\/img_0997.jpg\"><img src=https:\/\/semmelweis.hu\/mediasarok\/files\/2014\/08\/img_0997.jpg  \r\n                            alt=\"\" \r\n                            class=\"attachment-sote-gallery-big size-sote-gallery-big\" \r\n                            srcset=\"https:\/\/semmelweis.hu\/mediasarok\/files\/2014\/08\/img_0997-300x200.jpg 300w, https:\/\/semmelweis.hu\/mediasarok\/files\/2014\/08\/img_0997-1024x682.jpg 1024w, https:\/\/semmelweis.hu\/mediasarok\/files\/2014\/08\/img_0997-450x300.jpg 450w\" ><\/a><\/div>\r\n            <\/span>\r\n\r\n            <\/div>\r\n\r\n\t\t\t<div class=\"col-3 pl-0 pr-0\">\r\n\t\t\t\t<div class=\"galeria-right-img d-flex justify-content-between flex-column h-100 w-100 px-0 mx-0 \">\r\n                <div class=\"galeria-box\">\r\n\t\t\t\t\t<h3 class=\"galeria-title\">Gal\u00e9ria<\/h3>\r\n\t\t\t\t\t<div class=\"galeria-subtitle\">\r\n\r\n\t\t\t\t\t\t<div class=\"galeria-page-counter\"><span>4<\/span>k\u00e9p<\/div>\r\n                    <\/div> <\/div>\r\n                    <span class=\"gallery-item frame d-none d-md-flex\">\r\n\t\t\t\t\t<div class=\"galeria-small-img mt-0\"><a href=\"https:\/\/semmelweis.hu\/mediasarok\/files\/2014\/08\/img_0995.jpg\"><img src=https:\/\/semmelweis.hu\/mediasarok\/files\/2014\/08\/img_0995.jpg \r\n                                alt=\"\"  \r\n                                class=\"attachment-sote-gallery-small size-sote-gallery-small\" \r\n                                srcset=\"https:\/\/semmelweis.hu\/mediasarok\/files\/2014\/08\/img_0995-300x200.jpg 300w, https:\/\/semmelweis.hu\/mediasarok\/files\/2014\/08\/img_0995-1024x682.jpg 1024w, https:\/\/semmelweis.hu\/mediasarok\/files\/2014\/08\/img_0995-450x300.jpg 450w\" ><\/a><\/div>\r\n                    <\/span>\r\n                    <span class=\"gallery-item frame d-none d-md-flex\">\r\n\t\t\t\t\t<div class=\"galeria-small-img mt-0\"><a href=\"https:\/\/semmelweis.hu\/mediasarok\/files\/2014\/08\/ds-1140.jpg\"><img src=https:\/\/semmelweis.hu\/mediasarok\/files\/2014\/08\/ds-1140.jpg \r\n                                alt=\"\" \r\n                                class=\"attachment-sote-gallery-small size-sote-gallery-small\" \r\n                                srcset=\"https:\/\/semmelweis.hu\/mediasarok\/files\/2014\/08\/ds-1140-300x200.jpg 300w, https:\/\/semmelweis.hu\/mediasarok\/files\/2014\/08\/ds-1140-1024x682.jpg 1024w, https:\/\/semmelweis.hu\/mediasarok\/files\/2014\/08\/ds-1140-450x300.jpg 450w\" ><\/a><\/div>\r\n                    <\/span>\r\n\r\n                <\/div>\r\n\r\n            <\/div>\r\n\r\n            <span class=\"gallery-item\"><div class=\"hidden\"><a href=\"https:\/\/semmelweis.hu\/mediasarok\/files\/2014\/08\/ds-1131.jpg\">\r\n        <img src=https:\/\/semmelweis.hu\/mediasarok\/files\/2014\/08\/ds-1131.jpg alt=\"Dr. Tulassay Tivadar\" class=\"attachment-sote-gallery-big size-sote-gallery-big\" srcset=\"https:\/\/semmelweis.hu\/mediasarok\/files\/2014\/08\/ds-1131-300x200.jpg 300w, https:\/\/semmelweis.hu\/mediasarok\/files\/2014\/08\/ds-1131-1024x682.jpg 1024w, https:\/\/semmelweis.hu\/mediasarok\/files\/2014\/08\/ds-1131-450x300.jpg 450w\" >\r\n        <\/a><\/div><\/span>\r\n            <\/div>\r\n\r\n            [\/slb_exclude]\r\n\t\n","protected":false},"excerpt":{"rendered":"<p>Az egyetem Doktori Tan\u00e1cs\u00e1nak ind\u00edtv\u00e1nya nyom\u00e1n a Szen\u00e1tus\u00a02012. m\u00e1rcius 29-i\u00a0d\u00e9lut\u00e1ni \u00fcl\u00e9s\u00e9n \u00fagy d\u00f6nt\u00f6tt: visszavonja dr. Schmitt P\u00e1l egyetemi tudom\u00e1nyos fokozat\u00e1t, vagyis dr. univ. c\u00edm\u00e9t \u2013 jelentette be Dr. Tulassay Tivadar rektor \u00fajs\u00e1g\u00edr\u00f3k el\u0151tt, a test\u00fclet \u00fcl\u00e9s\u00e9t k\u00f6vet\u0151en. A rektor hangs\u00falyozta: amint az egyetem felhatalmaz\u00e1st kapott, 36 \u00f3r\u00e1n bel\u00fcl d\u00f6nt\u00f6tt a k\u00e9rd\u00e9sben. fot\u00f3: D. Kiss Bal\u00e1zs<\/p>\n","protected":false},"author":169,"featured_media":0,"comment_status":"closed","ping_status":"closed","sticky":false,"template":"","format":"standard","meta":{"_acf_changed":false,"footnotes":""},"categories":[413],"tags":[729],"class_list":["post-45363","post","type-post","status-publish","format-standard","hentry","category-galeria","tag-negativ"],"acf":[],"_links":{"self":[{"href":"https:\/\/semmelweis.hu\/mediasarok\/wp-json\/wp\/v2\/posts\/45363","targetHints":{"allow":["GET"]}}],"collection":[{"href":"https:\/\/semmelweis.hu\/mediasarok\/wp-json\/wp\/v2\/posts"}],"about":[{"href":"https:\/\/semmelweis.hu\/mediasarok\/wp-json\/wp\/v2\/types\/post"}],"author":[{"embeddable":true,"href":"https:\/\/semmelweis.hu\/mediasarok\/wp-json\/wp\/v2\/users\/169"}],"replies":[{"embeddable":true,"href":"https:\/\/semmelweis.hu\/mediasarok\/wp-json\/wp\/v2\/comments?post=45363"}],"version-history":[{"count":2,"href":"https:\/\/semmelweis.hu\/mediasarok\/wp-json\/wp\/v2\/posts\/45363\/revisions"}],"predecessor-version":[{"id":94164,"href":"https:\/\/semmelweis.hu\/mediasarok\/wp-json\/wp\/v2\/posts\/45363\/revisions\/94164"}],"wp:attachment":[{"href":"https:\/\/semmelweis.hu\/mediasarok\/wp-json\/wp\/v2\/media?parent=45363"}],"wp:term":[{"taxonomy":"category","embeddable":true,"href":"https:\/\/semmelweis.hu\/mediasarok\/wp-json\/wp\/v2\/categories?post=45363"},{"taxonomy":"post_tag","embeddable":true,"href":"https:\/\/semmelweis.hu\/mediasarok\/wp-json\/wp\/v2\/tags?post=45363"}],"curies":[{"name":"wp","href":"https:\/\/api.w.org\/{rel}","templated":true}]}}