{"id":45333,"date":"2012-01-03T09:57:31","date_gmt":"2012-01-03T08:57:31","guid":{"rendered":"http:\/\/semmelweis.hu\/mediasarok\/?p=45333"},"modified":"2019-06-11T15:53:28","modified_gmt":"2019-06-11T13:53:28","slug":"husz-eve-a-semmelweis-egyetemen-vegeztek-az-elso-hazai-szivatultetest-2","status":"publish","type":"post","link":"https:\/\/semmelweis.hu\/mediasarok\/2012\/01\/03\/husz-eve-a-semmelweis-egyetemen-vegeztek-az-elso-hazai-szivatultetest-2\/","title":{"rendered":"H\u00fasz \u00e9ve a Semmelweis Egyetemen v\u00e9gezt\u00e9k az els\u0151 hazai sz\u00edv\u00e1t\u00fcltet\u00e9st"},"content":{"rendered":"<p>1992. janu\u00e1r 3-\u00e1n hajtotta v\u00e9gre Dr. Szab\u00f3 Zolt\u00e1n az els\u0151 hazai sz\u00edv\u00e1t\u00fcltet\u00e9st a Semmelweis Egyetem \u00c9r- \u00e9s Sz\u00edvseb\u00e9szeti Klinik\u00e1j\u00e1n, amely ma a V\u00e1rosmajori Klinikai T\u00f6mb r\u00e9sze. A beavatkoz\u00e1s sikeres volt, az \u00faj sz\u00edvet kapott beteg ma is j\u00f3l van \u00e9s Dr. Szab\u00f3 Zolt\u00e1nnal egy\u00fctt r\u00e9szt vett a h\u00fasz \u00e9ves \u00e9vfordul\u00f3t \u00fcnnepl\u0151 tudom\u00e1nyos \u00fcl\u00e9st megel\u0151z\u0151 sajt\u00f3t\u00e1j\u00e9koztat\u00f3n. fot\u00f3: www.attekovacs.csom<\/p>\n\r\n        [slb_exclude]\r\n        <div class=\"row galeria-wrapper mx-0 h-auto\">\r\n            <div class=\"col-9 pl-0 pr-2\">\r\n            <span class=\"gallery-item frame\">\r\n\t\t\t\t<div class=\"galeria-left-img\"><a href=\"https:\/\/semmelweis.hu\/mediasarok\/files\/2014\/08\/RS16349_KA-20120103-IMG_4923-scr.jpg\"><img src=https:\/\/semmelweis.hu\/mediasarok\/files\/2014\/08\/RS16349_KA-20120103-IMG_4923-scr.jpg  \r\n                            alt=\"\" \r\n                            class=\"attachment-sote-gallery-big size-sote-gallery-big\" \r\n                            srcset=\"https:\/\/semmelweis.hu\/mediasarok\/files\/2014\/08\/RS16349_KA-20120103-IMG_4923-scr-300x192.jpg 300w, https:\/\/semmelweis.hu\/mediasarok\/files\/2014\/08\/RS16349_KA-20120103-IMG_4923-scr-467x300.jpg 467w, https:\/\/semmelweis.hu\/mediasarok\/files\/2014\/08\/RS16349_KA-20120103-IMG_4923-scr.jpg 950w\" ><\/a><\/div>\r\n            <\/span>\r\n\r\n            <\/div>\r\n\r\n\t\t\t<div class=\"col-3 pl-0 pr-0\">\r\n\t\t\t\t<div class=\"galeria-right-img d-flex justify-content-between flex-column h-100 w-100 px-0 mx-0 \">\r\n                <div class=\"galeria-box\">\r\n\t\t\t\t\t<h3 class=\"galeria-title\">Gal\u00e9ria<\/h3>\r\n\t\t\t\t\t<div class=\"galeria-subtitle\">\r\n\r\n\t\t\t\t\t\t<div class=\"galeria-page-counter\"><span>7<\/span>k\u00e9p<\/div>\r\n                    <\/div> <\/div>\r\n                    <span class=\"gallery-item frame d-none d-md-flex\">\r\n\t\t\t\t\t<div class=\"galeria-small-img mt-0\"><a href=\"https:\/\/semmelweis.hu\/mediasarok\/files\/2014\/08\/20120103-img_5232.jpg\"><img src=https:\/\/semmelweis.hu\/mediasarok\/files\/2014\/08\/20120103-img_5232.jpg \r\n                                alt=\"\"  \r\n                                class=\"attachment-sote-gallery-small size-sote-gallery-small\" \r\n                                srcset=\"https:\/\/semmelweis.hu\/mediasarok\/files\/2014\/08\/20120103-img_5232-300x200.jpg 300w, https:\/\/semmelweis.hu\/mediasarok\/files\/2014\/08\/20120103-img_5232-449x300.jpg 449w, https:\/\/semmelweis.hu\/mediasarok\/files\/2014\/08\/20120103-img_5232.jpg 700w\" ><\/a><\/div>\r\n                    <\/span>\r\n                    <span class=\"gallery-item frame d-none d-md-flex\">\r\n\t\t\t\t\t<div class=\"galeria-small-img mt-0\"><a href=\"https:\/\/semmelweis.hu\/mediasarok\/files\/2014\/08\/20120103-img_5200.jpg\"><img src=https:\/\/semmelweis.hu\/mediasarok\/files\/2014\/08\/20120103-img_5200.jpg \r\n                                alt=\"\" \r\n                                class=\"attachment-sote-gallery-small size-sote-gallery-small\" \r\n                                srcset=\"https:\/\/semmelweis.hu\/mediasarok\/files\/2014\/08\/20120103-img_5200-300x200.jpg 300w, https:\/\/semmelweis.hu\/mediasarok\/files\/2014\/08\/20120103-img_5200-449x300.jpg 449w, https:\/\/semmelweis.hu\/mediasarok\/files\/2014\/08\/20120103-img_5200.jpg 700w\" ><\/a><\/div>\r\n                    <\/span>\r\n\r\n                <\/div>\r\n\r\n            <\/div>\r\n\r\n            <span class=\"gallery-item\"><div class=\"hidden\"><a href=\"https:\/\/semmelweis.hu\/mediasarok\/files\/2014\/08\/20120103-img_5180.jpg\">\r\n        <img src=https:\/\/semmelweis.hu\/mediasarok\/files\/2014\/08\/20120103-img_5180.jpg alt=\"\" class=\"attachment-sote-gallery-big size-sote-gallery-big\" srcset=\"https:\/\/semmelweis.hu\/mediasarok\/files\/2014\/08\/20120103-img_5180-300x200.jpg 300w, https:\/\/semmelweis.hu\/mediasarok\/files\/2014\/08\/20120103-img_5180-449x300.jpg 449w, https:\/\/semmelweis.hu\/mediasarok\/files\/2014\/08\/20120103-img_5180.jpg 700w\" >\r\n        <\/a><\/div><\/span><span class=\"gallery-item\"><div class=\"hidden\"><a href=\"https:\/\/semmelweis.hu\/mediasarok\/files\/2014\/08\/20120103-img_5132.jpg\">\r\n        <img src=https:\/\/semmelweis.hu\/mediasarok\/files\/2014\/08\/20120103-img_5132.jpg alt=\"\" class=\"attachment-sote-gallery-big size-sote-gallery-big\" srcset=\"https:\/\/semmelweis.hu\/mediasarok\/files\/2014\/08\/20120103-img_5132-244x300.jpg 244w, https:\/\/semmelweis.hu\/mediasarok\/files\/2014\/08\/20120103-img_5132.jpg 570w\" >\r\n        <\/a><\/div><\/span><span class=\"gallery-item\"><div class=\"hidden\"><a href=\"https:\/\/semmelweis.hu\/mediasarok\/files\/2014\/08\/20120103-img_5060.jpg\">\r\n        <img src=https:\/\/semmelweis.hu\/mediasarok\/files\/2014\/08\/20120103-img_5060.jpg alt=\"\" class=\"attachment-sote-gallery-big size-sote-gallery-big\" srcset=\"https:\/\/semmelweis.hu\/mediasarok\/files\/2014\/08\/20120103-img_5060-300x214.jpg 300w, https:\/\/semmelweis.hu\/mediasarok\/files\/2014\/08\/20120103-img_5060-419x300.jpg 419w, https:\/\/semmelweis.hu\/mediasarok\/files\/2014\/08\/20120103-img_5060.jpg 700w\" >\r\n        <\/a><\/div><\/span><span class=\"gallery-item\"><div class=\"hidden\"><a href=\"https:\/\/semmelweis.hu\/mediasarok\/files\/2014\/08\/20120103-img_5036.jpg\">\r\n        <img src=https:\/\/semmelweis.hu\/mediasarok\/files\/2014\/08\/20120103-img_5036.jpg alt=\"\" class=\"attachment-sote-gallery-big size-sote-gallery-big\" srcset=\"https:\/\/semmelweis.hu\/mediasarok\/files\/2014\/08\/20120103-img_5036-300x184.jpg 300w, https:\/\/semmelweis.hu\/mediasarok\/files\/2014\/08\/20120103-img_5036-488x300.jpg 488w, https:\/\/semmelweis.hu\/mediasarok\/files\/2014\/08\/20120103-img_5036.jpg 700w\" >\r\n        <\/a><\/div><\/span>\r\n            <\/div>\r\n\r\n            [\/slb_exclude]\r\n\t\n","protected":false},"excerpt":{"rendered":"<p>1992. janu\u00e1r 3-\u00e1n hajtotta v\u00e9gre Dr. Szab\u00f3 Zolt\u00e1n az els\u0151 hazai sz\u00edv\u00e1t\u00fcltet\u00e9st a Semmelweis Egyetem \u00c9r- \u00e9s Sz\u00edvseb\u00e9szeti Klinik\u00e1j\u00e1n, amely ma a V\u00e1rosmajori Klinikai T\u00f6mb r\u00e9sze. A beavatkoz\u00e1s sikeres volt, az \u00faj sz\u00edvet kapott beteg ma is j\u00f3l van \u00e9s Dr. Szab\u00f3 Zolt\u00e1nnal egy\u00fctt r\u00e9szt vett a h\u00fasz \u00e9ves \u00e9vfordul\u00f3t \u00fcnnepl\u0151 tudom\u00e1nyos \u00fcl\u00e9st megel\u0151z\u0151 sajt\u00f3t\u00e1j\u00e9koztat\u00f3n. &hellip;<\/p>\n","protected":false},"author":169,"featured_media":45352,"comment_status":"closed","ping_status":"closed","sticky":false,"template":"","format":"standard","meta":{"_acf_changed":false,"footnotes":""},"categories":[413],"tags":[728],"class_list":["post-45333","post","type-post","status-publish","format-standard","has-post-thumbnail","hentry","category-galeria","tag-pozitiv"],"acf":[],"_links":{"self":[{"href":"https:\/\/semmelweis.hu\/mediasarok\/wp-json\/wp\/v2\/posts\/45333","targetHints":{"allow":["GET"]}}],"collection":[{"href":"https:\/\/semmelweis.hu\/mediasarok\/wp-json\/wp\/v2\/posts"}],"about":[{"href":"https:\/\/semmelweis.hu\/mediasarok\/wp-json\/wp\/v2\/types\/post"}],"author":[{"embeddable":true,"href":"https:\/\/semmelweis.hu\/mediasarok\/wp-json\/wp\/v2\/users\/169"}],"replies":[{"embeddable":true,"href":"https:\/\/semmelweis.hu\/mediasarok\/wp-json\/wp\/v2\/comments?post=45333"}],"version-history":[{"count":2,"href":"https:\/\/semmelweis.hu\/mediasarok\/wp-json\/wp\/v2\/posts\/45333\/revisions"}],"predecessor-version":[{"id":94165,"href":"https:\/\/semmelweis.hu\/mediasarok\/wp-json\/wp\/v2\/posts\/45333\/revisions\/94165"}],"wp:featuredmedia":[{"embeddable":true,"href":"https:\/\/semmelweis.hu\/mediasarok\/wp-json\/wp\/v2\/media\/45352"}],"wp:attachment":[{"href":"https:\/\/semmelweis.hu\/mediasarok\/wp-json\/wp\/v2\/media?parent=45333"}],"wp:term":[{"taxonomy":"category","embeddable":true,"href":"https:\/\/semmelweis.hu\/mediasarok\/wp-json\/wp\/v2\/categories?post=45333"},{"taxonomy":"post_tag","embeddable":true,"href":"https:\/\/semmelweis.hu\/mediasarok\/wp-json\/wp\/v2\/tags?post=45333"}],"curies":[{"name":"wp","href":"https:\/\/api.w.org\/{rel}","templated":true}]}}