{"id":45318,"date":"2011-04-21T11:50:20","date_gmt":"2011-04-21T09:50:20","guid":{"rendered":"http:\/\/semmelweis.hu\/mediasarok\/?p=45318"},"modified":"2019-06-12T14:55:19","modified_gmt":"2019-06-12T12:55:19","slug":"fifa-medical-centre-of-excellence","status":"publish","type":"post","link":"https:\/\/semmelweis.hu\/mediasarok\/2011\/04\/21\/fifa-medical-centre-of-excellence\/","title":{"rendered":"FIFA Medical Centre of Excellence"},"content":{"rendered":"<p>A Semmelweis Egyetem Kardiol\u00f3giai K\u00f6zpontja \u00e9s az egyetem Traumatol\u00f3giai Tansz\u00e9ke (melynek a F\u0151v\u00e1rosi \u00d6nkorm\u00e1nyzat Uzsoki utcai K\u00f3rh\u00e1z Ortop\u00e9d-traumatol\u00f3giai Oszt\u00e1lya \u00e9s a P\u00e9terfy S\u00e1ndor utcai K\u00f3rh\u00e1z Baleseti K\u00f6zpontja k\u00f6z\u00f6sen ad helyet), A Semmelweis Egyetem Kardiol\u00f3giai K\u00f6zpontja \u00e9s az egyetem Traumatol\u00f3giai Tansz\u00e9ke Ezzel az int\u00e9zetek egy olyan sz\u0171k klubba l\u00e9ptek be, amelynek imm\u00e1r huszon\u00f6t tagja van vil\u00e1gszerte.\u00a0A csatlakoz\u00e1st bizony\u00edt\u00f3 oklevelet\u00a0\u00e1prilis 21-\u00e9n Ji\u0159i Dvo\u0159ak, a FIFA orvosbizotts\u00e1g\u00e1nak \u00e9s az F-Marc programj\u00e1nak eln\u00f6ke adta \u00e1t. fot\u00f3: D. Kiss Bal\u00e1zs<\/p>\n\r\n        [slb_exclude]\r\n        <div class=\"row galeria-wrapper mx-0 h-auto\">\r\n            <div class=\"col-9 pl-0 pr-2\">\r\n            <span class=\"gallery-item frame\">\r\n\t\t\t\t<div class=\"galeria-left-img\"><a href=\"https:\/\/semmelweis.hu\/mediasarok\/files\/2014\/08\/img_8463.jpg\"><img src=https:\/\/semmelweis.hu\/mediasarok\/files\/2014\/08\/img_8463.jpg  \r\n                            alt=\"\" \r\n                            class=\"attachment-sote-gallery-big size-sote-gallery-big\" \r\n                            srcset=\"https:\/\/semmelweis.hu\/mediasarok\/files\/2014\/08\/img_8463-300x200.jpg 300w, https:\/\/semmelweis.hu\/mediasarok\/files\/2014\/08\/img_8463-1024x682.jpg 1024w, https:\/\/semmelweis.hu\/mediasarok\/files\/2014\/08\/img_8463-450x300.jpg 450w\" ><\/a><\/div>\r\n            <\/span>\r\n\r\n            <\/div>\r\n\r\n\t\t\t<div class=\"col-3 pl-0 pr-0\">\r\n\t\t\t\t<div class=\"galeria-right-img d-flex justify-content-between flex-column h-100 w-100 px-0 mx-0 \">\r\n                <div class=\"galeria-box\">\r\n\t\t\t\t\t<h3 class=\"galeria-title\">Gal\u00e9ria<\/h3>\r\n\t\t\t\t\t<div class=\"galeria-subtitle\">\r\n\r\n\t\t\t\t\t\t<div class=\"galeria-page-counter\"><span>9<\/span>k\u00e9p<\/div>\r\n                    <\/div> <\/div>\r\n                    <span class=\"gallery-item frame d-none d-md-flex\">\r\n\t\t\t\t\t<div class=\"galeria-small-img mt-0\"><a href=\"https:\/\/semmelweis.hu\/mediasarok\/files\/2014\/08\/img_8431.jpg\"><img src=https:\/\/semmelweis.hu\/mediasarok\/files\/2014\/08\/img_8431.jpg \r\n                                alt=\"\"  \r\n                                class=\"attachment-sote-gallery-small size-sote-gallery-small\" \r\n                                srcset=\"https:\/\/semmelweis.hu\/mediasarok\/files\/2014\/08\/img_8431-300x200.jpg 300w, https:\/\/semmelweis.hu\/mediasarok\/files\/2014\/08\/img_8431-1024x682.jpg 1024w, https:\/\/semmelweis.hu\/mediasarok\/files\/2014\/08\/img_8431-450x300.jpg 450w\" ><\/a><\/div>\r\n                    <\/span>\r\n                    <span class=\"gallery-item frame d-none d-md-flex\">\r\n\t\t\t\t\t<div class=\"galeria-small-img mt-0\"><a href=\"https:\/\/semmelweis.hu\/mediasarok\/files\/2014\/08\/img_8420.jpg\"><img src=https:\/\/semmelweis.hu\/mediasarok\/files\/2014\/08\/img_8420.jpg \r\n                                alt=\"\" \r\n                                class=\"attachment-sote-gallery-small size-sote-gallery-small\" \r\n                                srcset=\"https:\/\/semmelweis.hu\/mediasarok\/files\/2014\/08\/img_8420-300x200.jpg 300w, https:\/\/semmelweis.hu\/mediasarok\/files\/2014\/08\/img_8420-1024x682.jpg 1024w, https:\/\/semmelweis.hu\/mediasarok\/files\/2014\/08\/img_8420-450x300.jpg 450w\" ><\/a><\/div>\r\n                    <\/span>\r\n\r\n                <\/div>\r\n\r\n            <\/div>\r\n\r\n            <span class=\"gallery-item\"><div class=\"hidden\"><a href=\"https:\/\/semmelweis.hu\/mediasarok\/files\/2014\/08\/img_8405.jpg\">\r\n        <img src=https:\/\/semmelweis.hu\/mediasarok\/files\/2014\/08\/img_8405.jpg alt=\"\" class=\"attachment-sote-gallery-big size-sote-gallery-big\" srcset=\"https:\/\/semmelweis.hu\/mediasarok\/files\/2014\/08\/img_8405-300x200.jpg 300w, https:\/\/semmelweis.hu\/mediasarok\/files\/2014\/08\/img_8405-1024x682.jpg 1024w, https:\/\/semmelweis.hu\/mediasarok\/files\/2014\/08\/img_8405-450x300.jpg 450w\" >\r\n        <\/a><\/div><\/span><span class=\"gallery-item\"><div class=\"hidden\"><a href=\"https:\/\/semmelweis.hu\/mediasarok\/files\/2014\/08\/img_8397.jpg\">\r\n        <img src=https:\/\/semmelweis.hu\/mediasarok\/files\/2014\/08\/img_8397.jpg alt=\"\" class=\"attachment-sote-gallery-big size-sote-gallery-big\" srcset=\"https:\/\/semmelweis.hu\/mediasarok\/files\/2014\/08\/img_8397-300x200.jpg 300w, https:\/\/semmelweis.hu\/mediasarok\/files\/2014\/08\/img_8397-1024x682.jpg 1024w, https:\/\/semmelweis.hu\/mediasarok\/files\/2014\/08\/img_8397-450x300.jpg 450w\" >\r\n        <\/a><\/div><\/span><span class=\"gallery-item\"><div class=\"hidden\"><a href=\"https:\/\/semmelweis.hu\/mediasarok\/files\/2014\/08\/img_8391.jpg\">\r\n        <img src=https:\/\/semmelweis.hu\/mediasarok\/files\/2014\/08\/img_8391.jpg alt=\"\" class=\"attachment-sote-gallery-big size-sote-gallery-big\" srcset=\"https:\/\/semmelweis.hu\/mediasarok\/files\/2014\/08\/img_8391-300x200.jpg 300w, https:\/\/semmelweis.hu\/mediasarok\/files\/2014\/08\/img_8391-1024x682.jpg 1024w, https:\/\/semmelweis.hu\/mediasarok\/files\/2014\/08\/img_8391-450x300.jpg 450w\" >\r\n        <\/a><\/div><\/span><span class=\"gallery-item\"><div class=\"hidden\"><a href=\"https:\/\/semmelweis.hu\/mediasarok\/files\/2014\/08\/img_8368.jpg\">\r\n        <img src=https:\/\/semmelweis.hu\/mediasarok\/files\/2014\/08\/img_8368.jpg alt=\"\" class=\"attachment-sote-gallery-big size-sote-gallery-big\" srcset=\"https:\/\/semmelweis.hu\/mediasarok\/files\/2014\/08\/img_8368-300x200.jpg 300w, https:\/\/semmelweis.hu\/mediasarok\/files\/2014\/08\/img_8368-1024x682.jpg 1024w, https:\/\/semmelweis.hu\/mediasarok\/files\/2014\/08\/img_8368-450x300.jpg 450w\" >\r\n        <\/a><\/div><\/span><span class=\"gallery-item\"><div class=\"hidden\"><a href=\"https:\/\/semmelweis.hu\/mediasarok\/files\/2014\/08\/img_8358.jpg\">\r\n        <img src=https:\/\/semmelweis.hu\/mediasarok\/files\/2014\/08\/img_8358.jpg alt=\"\" class=\"attachment-sote-gallery-big size-sote-gallery-big\" srcset=\"https:\/\/semmelweis.hu\/mediasarok\/files\/2014\/08\/img_8358-300x200.jpg 300w, https:\/\/semmelweis.hu\/mediasarok\/files\/2014\/08\/img_8358-1024x682.jpg 1024w, https:\/\/semmelweis.hu\/mediasarok\/files\/2014\/08\/img_8358-450x300.jpg 450w\" >\r\n        <\/a><\/div><\/span><span class=\"gallery-item\"><div class=\"hidden\"><a href=\"https:\/\/semmelweis.hu\/mediasarok\/files\/2014\/08\/img_0303.jpg\">\r\n        <img src=https:\/\/semmelweis.hu\/mediasarok\/files\/2014\/08\/img_0303.jpg alt=\"\" class=\"attachment-sote-gallery-big size-sote-gallery-big\" srcset=\"https:\/\/semmelweis.hu\/mediasarok\/files\/2014\/08\/img_0303-300x225.jpg 300w, https:\/\/semmelweis.hu\/mediasarok\/files\/2014\/08\/img_0303-1024x768.jpg 1024w, https:\/\/semmelweis.hu\/mediasarok\/files\/2014\/08\/img_0303-400x300.jpg 400w\" >\r\n        <\/a><\/div><\/span>\r\n            <\/div>\r\n\r\n            [\/slb_exclude]\r\n\t\n","protected":false},"excerpt":{"rendered":"<p>A Semmelweis Egyetem Kardiol\u00f3giai K\u00f6zpontja \u00e9s az egyetem Traumatol\u00f3giai Tansz\u00e9ke (melynek a F\u0151v\u00e1rosi \u00d6nkorm\u00e1nyzat Uzsoki utcai K\u00f3rh\u00e1z Ortop\u00e9d-traumatol\u00f3giai Oszt\u00e1lya \u00e9s a P\u00e9terfy S\u00e1ndor utcai K\u00f3rh\u00e1z Baleseti K\u00f6zpontja k\u00f6z\u00f6sen ad helyet), A Semmelweis Egyetem Kardiol\u00f3giai K\u00f6zpontja \u00e9s az egyetem Traumatol\u00f3giai Tansz\u00e9ke Ezzel az int\u00e9zetek egy olyan sz\u0171k klubba l\u00e9ptek be, amelynek imm\u00e1r huszon\u00f6t tagja van vil\u00e1gszerte.\u00a0A &hellip;<\/p>\n","protected":false},"author":169,"featured_media":39569,"comment_status":"closed","ping_status":"closed","sticky":false,"template":"","format":"standard","meta":{"_acf_changed":false,"footnotes":""},"categories":[413],"tags":[728],"class_list":["post-45318","post","type-post","status-publish","format-standard","has-post-thumbnail","hentry","category-galeria","tag-pozitiv"],"acf":[],"_links":{"self":[{"href":"https:\/\/semmelweis.hu\/mediasarok\/wp-json\/wp\/v2\/posts\/45318","targetHints":{"allow":["GET"]}}],"collection":[{"href":"https:\/\/semmelweis.hu\/mediasarok\/wp-json\/wp\/v2\/posts"}],"about":[{"href":"https:\/\/semmelweis.hu\/mediasarok\/wp-json\/wp\/v2\/types\/post"}],"author":[{"embeddable":true,"href":"https:\/\/semmelweis.hu\/mediasarok\/wp-json\/wp\/v2\/users\/169"}],"replies":[{"embeddable":true,"href":"https:\/\/semmelweis.hu\/mediasarok\/wp-json\/wp\/v2\/comments?post=45318"}],"version-history":[{"count":2,"href":"https:\/\/semmelweis.hu\/mediasarok\/wp-json\/wp\/v2\/posts\/45318\/revisions"}],"predecessor-version":[{"id":94197,"href":"https:\/\/semmelweis.hu\/mediasarok\/wp-json\/wp\/v2\/posts\/45318\/revisions\/94197"}],"wp:featuredmedia":[{"embeddable":true,"href":"https:\/\/semmelweis.hu\/mediasarok\/wp-json\/wp\/v2\/media\/39569"}],"wp:attachment":[{"href":"https:\/\/semmelweis.hu\/mediasarok\/wp-json\/wp\/v2\/media?parent=45318"}],"wp:term":[{"taxonomy":"category","embeddable":true,"href":"https:\/\/semmelweis.hu\/mediasarok\/wp-json\/wp\/v2\/categories?post=45318"},{"taxonomy":"post_tag","embeddable":true,"href":"https:\/\/semmelweis.hu\/mediasarok\/wp-json\/wp\/v2\/tags?post=45318"}],"curies":[{"name":"wp","href":"https:\/\/api.w.org\/{rel}","templated":true}]}}