{"id":45052,"date":"2013-04-03T15:18:10","date_gmt":"2013-04-03T13:18:10","guid":{"rendered":"http:\/\/semmelweis.hu\/mediasarok\/?p=45052"},"modified":"2019-06-11T15:22:59","modified_gmt":"2019-06-11T13:22:59","slug":"szemeszeti-klinika-unnepelyes-atado-2013-04-03","status":"publish","type":"post","link":"https:\/\/semmelweis.hu\/mediasarok\/2013\/04\/03\/szemeszeti-klinika-unnepelyes-atado-2013-04-03\/","title":{"rendered":"Szem\u00e9szeti klinika \u00fcnnep\u00e9lyes \u00e1tad\u00f3 2013.04.03."},"content":{"rendered":"<p>Dr. Sz\u00e9l \u00c1goston, a Semmelweis Egyetem rektora \u00fcnnep\u00e9lyes keretek k\u00f6z\u00f6tt adta \u00e1t a M\u00e1ria utcai fel\u00faj\u00edtott \u00e9p\u00fclet kulcs\u00e1t szimboliz\u00e1l\u00f3 d\u00edszkulcsot Dr. N\u00e9meth J\u00e1nosnak, a Szem\u00e9szeti Klinika igazgat\u00f3j\u00e1nak.Az \u00e1tad\u00e1shoz Dr. Sz\u00f3cska Mikl\u00f3s eg\u00e9szs\u00e9g\u00fcgyi \u00e1llamtitk\u00e1r gratul\u00e1lt. fot\u00f3: Kov\u00e1cs Attila &#8211; Semmelweis Egyetem<\/p>\n\r\n        [slb_exclude]\r\n        <div class=\"row galeria-wrapper mx-0 h-auto\">\r\n            <div class=\"col-9 pl-0 pr-2\">\r\n            <span class=\"gallery-item frame\">\r\n\t\t\t\t<div class=\"galeria-left-img\"><a href=\"https:\/\/semmelweis.hu\/mediasarok\/files\/2013\/08\/RS3770_20130404-IMG_4319-szemklinika-atado-scr.jpg\"><img src=https:\/\/semmelweis.hu\/mediasarok\/files\/2013\/08\/RS3770_20130404-IMG_4319-szemklinika-atado-scr.jpg  \r\n                            alt=\"Dr. Sz\u00f3cska Mikl\u00f3s\" \r\n                            class=\"attachment-sote-gallery-big size-sote-gallery-big\" \r\n                            srcset=\"https:\/\/semmelweis.hu\/mediasarok\/files\/2013\/08\/RS3770_20130404-IMG_4319-szemklinika-atado-scr-300x199.jpg 300w, https:\/\/semmelweis.hu\/mediasarok\/files\/2013\/08\/RS3770_20130404-IMG_4319-szemklinika-atado-scr-450x300.jpg 450w, https:\/\/semmelweis.hu\/mediasarok\/files\/2013\/08\/RS3770_20130404-IMG_4319-szemklinika-atado-scr.jpg 950w\" ><\/a><\/div>\r\n            <\/span>\r\n\r\n            <\/div>\r\n\r\n\t\t\t<div class=\"col-3 pl-0 pr-0\">\r\n\t\t\t\t<div class=\"galeria-right-img d-flex justify-content-between flex-column h-100 w-100 px-0 mx-0 \">\r\n                <div class=\"galeria-box\">\r\n\t\t\t\t\t<h3 class=\"galeria-title\">Gal\u00e9ria<\/h3>\r\n\t\t\t\t\t<div class=\"galeria-subtitle\">\r\n\r\n\t\t\t\t\t\t<div class=\"galeria-page-counter\"><span>12<\/span>k\u00e9p<\/div>\r\n                    <\/div> <\/div>\r\n                    <span class=\"gallery-item frame d-none d-md-flex\">\r\n\t\t\t\t\t<div class=\"galeria-small-img mt-0\"><a href=\"https:\/\/semmelweis.hu\/mediasarok\/files\/2013\/08\/RS3773_20130404-IMG_4273-szemklinika-atado-scr.jpg\"><img src=https:\/\/semmelweis.hu\/mediasarok\/files\/2013\/08\/RS3773_20130404-IMG_4273-szemklinika-atado-scr.jpg \r\n                                alt=\"Dr. N\u00e9meth J\u00e1nos\"  \r\n                                class=\"attachment-sote-gallery-small size-sote-gallery-small\" \r\n                                srcset=\"https:\/\/semmelweis.hu\/mediasarok\/files\/2013\/08\/RS3773_20130404-IMG_4273-szemklinika-atado-scr-300x199.jpg 300w, https:\/\/semmelweis.hu\/mediasarok\/files\/2013\/08\/RS3773_20130404-IMG_4273-szemklinika-atado-scr-450x300.jpg 450w, https:\/\/semmelweis.hu\/mediasarok\/files\/2013\/08\/RS3773_20130404-IMG_4273-szemklinika-atado-scr.jpg 950w\" ><\/a><\/div>\r\n                    <\/span>\r\n                    <span class=\"gallery-item frame d-none d-md-flex\">\r\n\t\t\t\t\t<div class=\"galeria-small-img mt-0\"><a href=\"https:\/\/semmelweis.hu\/mediasarok\/files\/2013\/08\/RS3774_20130404-IMG_4345-szemklinika-atado-scr.jpg\"><img src=https:\/\/semmelweis.hu\/mediasarok\/files\/2013\/08\/RS3774_20130404-IMG_4345-szemklinika-atado-scr.jpg \r\n                                alt=\"Dr. Nagy Zolt\u00e1n Zsolt\" \r\n                                class=\"attachment-sote-gallery-small size-sote-gallery-small\" \r\n                                srcset=\"https:\/\/semmelweis.hu\/mediasarok\/files\/2013\/08\/RS3774_20130404-IMG_4345-szemklinika-atado-scr-300x199.jpg 300w, https:\/\/semmelweis.hu\/mediasarok\/files\/2013\/08\/RS3774_20130404-IMG_4345-szemklinika-atado-scr-450x300.jpg 450w, https:\/\/semmelweis.hu\/mediasarok\/files\/2013\/08\/RS3774_20130404-IMG_4345-szemklinika-atado-scr.jpg 950w\" ><\/a><\/div>\r\n                    <\/span>\r\n\r\n                <\/div>\r\n\r\n            <\/div>\r\n\r\n            <span class=\"gallery-item\"><div class=\"hidden\"><a href=\"https:\/\/semmelweis.hu\/mediasarok\/files\/2013\/08\/RS3739_20130404-IMG_4292-szemklinika-atado-scr.jpg\">\r\n        <img src=https:\/\/semmelweis.hu\/mediasarok\/files\/2013\/08\/RS3739_20130404-IMG_4292-szemklinika-atado-scr.jpg alt=\"Szem\u00e9szeti Klinika \u00e1tad\u00f3\" class=\"attachment-sote-gallery-big size-sote-gallery-big\" srcset=\"https:\/\/semmelweis.hu\/mediasarok\/files\/2013\/08\/RS3739_20130404-IMG_4292-szemklinika-atado-scr-300x199.jpg 300w, https:\/\/semmelweis.hu\/mediasarok\/files\/2013\/08\/RS3739_20130404-IMG_4292-szemklinika-atado-scr-450x300.jpg 450w, https:\/\/semmelweis.hu\/mediasarok\/files\/2013\/08\/RS3739_20130404-IMG_4292-szemklinika-atado-scr.jpg 950w\" >\r\n        <\/a><\/div><\/span><span class=\"gallery-item\"><div class=\"hidden\"><a href=\"https:\/\/semmelweis.hu\/mediasarok\/files\/2013\/08\/RS3743_20130404-IMG_4282-szemklinika-atado-scr.jpg\">\r\n        <img src=https:\/\/semmelweis.hu\/mediasarok\/files\/2013\/08\/RS3743_20130404-IMG_4282-szemklinika-atado-scr.jpg alt=\"Szem\u00e9szeti Klinika \u00e1tad\u00f3\" class=\"attachment-sote-gallery-big size-sote-gallery-big\" srcset=\"https:\/\/semmelweis.hu\/mediasarok\/files\/2013\/08\/RS3743_20130404-IMG_4282-szemklinika-atado-scr-300x199.jpg 300w, https:\/\/semmelweis.hu\/mediasarok\/files\/2013\/08\/RS3743_20130404-IMG_4282-szemklinika-atado-scr-450x300.jpg 450w, https:\/\/semmelweis.hu\/mediasarok\/files\/2013\/08\/RS3743_20130404-IMG_4282-szemklinika-atado-scr.jpg 950w\" >\r\n        <\/a><\/div><\/span><span class=\"gallery-item\"><div class=\"hidden\"><a href=\"https:\/\/semmelweis.hu\/mediasarok\/files\/2013\/08\/RS3749_20130404-IMG_4306-szemklinika-atado-scr.jpg\">\r\n        <img src=https:\/\/semmelweis.hu\/mediasarok\/files\/2013\/08\/RS3749_20130404-IMG_4306-szemklinika-atado-scr.jpg alt=\"Szem\u00e9szeti Klinika \u00e1tad\u00f3\" class=\"attachment-sote-gallery-big size-sote-gallery-big\" srcset=\"https:\/\/semmelweis.hu\/mediasarok\/files\/2013\/08\/RS3749_20130404-IMG_4306-szemklinika-atado-scr-300x199.jpg 300w, https:\/\/semmelweis.hu\/mediasarok\/files\/2013\/08\/RS3749_20130404-IMG_4306-szemklinika-atado-scr-450x300.jpg 450w, https:\/\/semmelweis.hu\/mediasarok\/files\/2013\/08\/RS3749_20130404-IMG_4306-szemklinika-atado-scr.jpg 950w\" >\r\n        <\/a><\/div><\/span><span class=\"gallery-item\"><div class=\"hidden\"><a href=\"https:\/\/semmelweis.hu\/mediasarok\/files\/2013\/08\/RS3750_20130404-IMG_4328-szemklinika-atado-scr.jpg\">\r\n        <img src=https:\/\/semmelweis.hu\/mediasarok\/files\/2013\/08\/RS3750_20130404-IMG_4328-szemklinika-atado-scr.jpg alt=\"Szem\u00e9szeti Klinika \u00e1tad\u00f3\" class=\"attachment-sote-gallery-big size-sote-gallery-big\" srcset=\"https:\/\/semmelweis.hu\/mediasarok\/files\/2013\/08\/RS3750_20130404-IMG_4328-szemklinika-atado-scr-300x199.jpg 300w, https:\/\/semmelweis.hu\/mediasarok\/files\/2013\/08\/RS3750_20130404-IMG_4328-szemklinika-atado-scr-450x300.jpg 450w, https:\/\/semmelweis.hu\/mediasarok\/files\/2013\/08\/RS3750_20130404-IMG_4328-szemklinika-atado-scr.jpg 950w\" >\r\n        <\/a><\/div><\/span><span class=\"gallery-item\"><div class=\"hidden\"><a href=\"https:\/\/semmelweis.hu\/mediasarok\/files\/2013\/08\/RS3735_20130404-IMG_4235-szemklinika-atado-scr.jpg\">\r\n        <img src=https:\/\/semmelweis.hu\/mediasarok\/files\/2013\/08\/RS3735_20130404-IMG_4235-szemklinika-atado-scr.jpg alt=\"Szem\u00e9szeti Klinika \u00e1tad\u00f3\" class=\"attachment-sote-gallery-big size-sote-gallery-big\" srcset=\"https:\/\/semmelweis.hu\/mediasarok\/files\/2013\/08\/RS3735_20130404-IMG_4235-szemklinika-atado-scr-300x199.jpg 300w, https:\/\/semmelweis.hu\/mediasarok\/files\/2013\/08\/RS3735_20130404-IMG_4235-szemklinika-atado-scr-450x300.jpg 450w, https:\/\/semmelweis.hu\/mediasarok\/files\/2013\/08\/RS3735_20130404-IMG_4235-szemklinika-atado-scr.jpg 950w\" >\r\n        <\/a><\/div><\/span><span class=\"gallery-item\"><div class=\"hidden\"><a href=\"https:\/\/semmelweis.hu\/mediasarok\/files\/2013\/08\/RS3764_20130404-IMG_4252-szemklinika-atado-scr.jpg\">\r\n        <img src=https:\/\/semmelweis.hu\/mediasarok\/files\/2013\/08\/RS3764_20130404-IMG_4252-szemklinika-atado-scr.jpg alt=\"Dr. Sz\u00e9l \u00c1goston Dr. N\u00e9meth J\u00e1nos\" class=\"attachment-sote-gallery-big size-sote-gallery-big\" srcset=\"https:\/\/semmelweis.hu\/mediasarok\/files\/2013\/08\/RS3764_20130404-IMG_4252-szemklinika-atado-scr-300x199.jpg 300w, https:\/\/semmelweis.hu\/mediasarok\/files\/2013\/08\/RS3764_20130404-IMG_4252-szemklinika-atado-scr-450x300.jpg 450w, https:\/\/semmelweis.hu\/mediasarok\/files\/2013\/08\/RS3764_20130404-IMG_4252-szemklinika-atado-scr.jpg 950w\" >\r\n        <\/a><\/div><\/span><span class=\"gallery-item\"><div class=\"hidden\"><a href=\"https:\/\/semmelweis.hu\/mediasarok\/files\/2013\/08\/RS3756_20130404-IMG_4266-szemklinika-atado-scr.jpg\">\r\n        <img src=https:\/\/semmelweis.hu\/mediasarok\/files\/2013\/08\/RS3756_20130404-IMG_4266-szemklinika-atado-scr.jpg alt=\"Dr. Sz\u00e9l \u00c1goston Dr. N\u00e9meth J\u00e1nos\" class=\"attachment-sote-gallery-big size-sote-gallery-big\" srcset=\"https:\/\/semmelweis.hu\/mediasarok\/files\/2013\/08\/RS3756_20130404-IMG_4266-szemklinika-atado-scr-300x199.jpg 300w, https:\/\/semmelweis.hu\/mediasarok\/files\/2013\/08\/RS3756_20130404-IMG_4266-szemklinika-atado-scr-450x300.jpg 450w, https:\/\/semmelweis.hu\/mediasarok\/files\/2013\/08\/RS3756_20130404-IMG_4266-szemklinika-atado-scr.jpg 950w\" >\r\n        <\/a><\/div><\/span><span class=\"gallery-item\"><div class=\"hidden\"><a href=\"https:\/\/semmelweis.hu\/mediasarok\/files\/2013\/08\/RS3767_20130404-IMG_4223-szemklinika-atado-scr.jpg\">\r\n        <img src=https:\/\/semmelweis.hu\/mediasarok\/files\/2013\/08\/RS3767_20130404-IMG_4223-szemklinika-atado-scr.jpg alt=\"Dr. N\u00e9meth J\u00e1nos\" class=\"attachment-sote-gallery-big size-sote-gallery-big\" srcset=\"https:\/\/semmelweis.hu\/mediasarok\/files\/2013\/08\/RS3767_20130404-IMG_4223-szemklinika-atado-scr-300x199.jpg 300w, https:\/\/semmelweis.hu\/mediasarok\/files\/2013\/08\/RS3767_20130404-IMG_4223-szemklinika-atado-scr-450x300.jpg 450w, https:\/\/semmelweis.hu\/mediasarok\/files\/2013\/08\/RS3767_20130404-IMG_4223-szemklinika-atado-scr.jpg 950w\" >\r\n        <\/a><\/div><\/span><span class=\"gallery-item\"><div class=\"hidden\"><a href=\"https:\/\/semmelweis.hu\/mediasarok\/files\/2013\/08\/RS3771_20130404-IMG_4219-szemklinika-atado-scr.jpg\">\r\n        <img src=https:\/\/semmelweis.hu\/mediasarok\/files\/2013\/08\/RS3771_20130404-IMG_4219-szemklinika-atado-scr.jpg alt=\"Szem\u00e9szeti Klinika \u00e1tad\u00f3\" class=\"attachment-sote-gallery-big size-sote-gallery-big\" srcset=\"https:\/\/semmelweis.hu\/mediasarok\/files\/2013\/08\/RS3771_20130404-IMG_4219-szemklinika-atado-scr-300x199.jpg 300w, https:\/\/semmelweis.hu\/mediasarok\/files\/2013\/08\/RS3771_20130404-IMG_4219-szemklinika-atado-scr-450x300.jpg 450w, https:\/\/semmelweis.hu\/mediasarok\/files\/2013\/08\/RS3771_20130404-IMG_4219-szemklinika-atado-scr.jpg 950w\" >\r\n        <\/a><\/div><\/span>\r\n            <\/div>\r\n\r\n            [\/slb_exclude]\r\n\t\n","protected":false},"excerpt":{"rendered":"<p>Dr. Sz\u00e9l \u00c1goston, a Semmelweis Egyetem rektora \u00fcnnep\u00e9lyes keretek k\u00f6z\u00f6tt adta \u00e1t a M\u00e1ria utcai fel\u00faj\u00edtott \u00e9p\u00fclet kulcs\u00e1t szimboliz\u00e1l\u00f3 d\u00edszkulcsot Dr. N\u00e9meth J\u00e1nosnak, a Szem\u00e9szeti Klinika igazgat\u00f3j\u00e1nak.Az \u00e1tad\u00e1shoz Dr. Sz\u00f3cska Mikl\u00f3s eg\u00e9szs\u00e9g\u00fcgyi \u00e1llamtitk\u00e1r gratul\u00e1lt. fot\u00f3: Kov\u00e1cs Attila &#8211; Semmelweis Egyetem<\/p>\n","protected":false},"author":12,"featured_media":39204,"comment_status":"closed","ping_status":"closed","sticky":false,"template":"","format":"standard","meta":{"_acf_changed":false,"footnotes":""},"categories":[413],"tags":[728],"class_list":["post-45052","post","type-post","status-publish","format-standard","has-post-thumbnail","hentry","category-galeria","tag-pozitiv"],"acf":[],"_links":{"self":[{"href":"https:\/\/semmelweis.hu\/mediasarok\/wp-json\/wp\/v2\/posts\/45052","targetHints":{"allow":["GET"]}}],"collection":[{"href":"https:\/\/semmelweis.hu\/mediasarok\/wp-json\/wp\/v2\/posts"}],"about":[{"href":"https:\/\/semmelweis.hu\/mediasarok\/wp-json\/wp\/v2\/types\/post"}],"author":[{"embeddable":true,"href":"https:\/\/semmelweis.hu\/mediasarok\/wp-json\/wp\/v2\/users\/12"}],"replies":[{"embeddable":true,"href":"https:\/\/semmelweis.hu\/mediasarok\/wp-json\/wp\/v2\/comments?post=45052"}],"version-history":[{"count":2,"href":"https:\/\/semmelweis.hu\/mediasarok\/wp-json\/wp\/v2\/posts\/45052\/revisions"}],"predecessor-version":[{"id":94153,"href":"https:\/\/semmelweis.hu\/mediasarok\/wp-json\/wp\/v2\/posts\/45052\/revisions\/94153"}],"wp:featuredmedia":[{"embeddable":true,"href":"https:\/\/semmelweis.hu\/mediasarok\/wp-json\/wp\/v2\/media\/39204"}],"wp:attachment":[{"href":"https:\/\/semmelweis.hu\/mediasarok\/wp-json\/wp\/v2\/media?parent=45052"}],"wp:term":[{"taxonomy":"category","embeddable":true,"href":"https:\/\/semmelweis.hu\/mediasarok\/wp-json\/wp\/v2\/categories?post=45052"},{"taxonomy":"post_tag","embeddable":true,"href":"https:\/\/semmelweis.hu\/mediasarok\/wp-json\/wp\/v2\/tags?post=45052"}],"curies":[{"name":"wp","href":"https:\/\/api.w.org\/{rel}","templated":true}]}}