{"id":44270,"date":"2014-07-16T14:31:18","date_gmt":"2014-07-16T12:31:18","guid":{"rendered":"http:\/\/semmelweis.hu\/mediasarok\/?page_id=44270"},"modified":"2019-06-11T15:13:50","modified_gmt":"2019-06-11T13:13:50","slug":"arc-allcsont-szajsebeszeti-es-fogaszati-klinika-szellemi-fogyatekkal-elok-szamara-kialakitott-kezelohelyisegenek-unnepelyes-atadasa-2014-07-16","status":"publish","type":"post","link":"https:\/\/semmelweis.hu\/mediasarok\/2014\/07\/16\/arc-allcsont-szajsebeszeti-es-fogaszati-klinika-szellemi-fogyatekkal-elok-szamara-kialakitott-kezelohelyisegenek-unnepelyes-atadasa-2014-07-16\/","title":{"rendered":"Arc- \u00c1llcsont- Sz\u00e1jseb\u00e9szeti \u00e9s Fog\u00e1szati Klinika szellemi fogyat\u00e9kkal \u00e9l\u0151k sz\u00e1m\u00e1ra kialak\u00edtott kezel\u0151helyis\u00e9g\u00e9nek \u00fcnnep\u00e9lyes \u00e1tad\u00e1sa"},"content":{"rendered":"<p><span style=\"color: #333333\">Jelent\u0151sen jav\u00edtja a fogyat\u00e9kkal \u00e9l\u0151 gyerekek \u00e9s feln\u0151ttek fog\u00e1szati ell\u00e1t\u00e1s\u00e1t a\u00a0Fogorvostudom\u00e1nyi Kar Arc- \u00c1llcsont- Sz\u00e1jseb\u00e9szeti \u00e9s Fog\u00e1szati Klinik\u00e1j\u00e1n kialak\u00edtott \u00faj centrum. Az \u00faj kezel\u0151egys\u00e9get\u00a0Dr. Zombor G\u00e1bor eg\u00e9szs\u00e9g\u00fcgy\u00e9rt felel\u0151s \u00e1llamtitk\u00e1r \u00e9s\u00a0Dr. Moln\u00e1r M\u00e1ria Judit, a Semmelweis Egyetem rektorhelyettese adta \u00e1t. fot\u00f3k: Kov\u00e1cs Attila &#8211; Semmelweis Egyetem<\/span><\/p>\n\r\n        [slb_exclude]\r\n        <div class=\"row galeria-wrapper mx-0 h-auto\">\r\n            <div class=\"col-9 pl-0 pr-2\">\r\n            <span class=\"gallery-item frame\">\r\n\t\t\t\t<div class=\"galeria-left-img\"><a href=\"https:\/\/semmelweis.hu\/mediasarok\/files\/2014\/07\/RS20757_KA-20140716-IMG_6493-scr.jpg\"><img src=https:\/\/semmelweis.hu\/mediasarok\/files\/2014\/07\/RS20757_KA-20140716-IMG_6493-scr.jpg  \r\n                            alt=\"Dr. Hermann P\u00e9ter d\u00e9k\u00e1n, Fogorvostudom\u00e1nyi Kar\" \r\n                            class=\"attachment-sote-gallery-big size-sote-gallery-big\" \r\n                            srcset=\"https:\/\/semmelweis.hu\/mediasarok\/files\/2014\/07\/RS20757_KA-20140716-IMG_6493-scr-300x199.jpg 300w, https:\/\/semmelweis.hu\/mediasarok\/files\/2014\/07\/RS20757_KA-20140716-IMG_6493-scr-450x300.jpg 450w, https:\/\/semmelweis.hu\/mediasarok\/files\/2014\/07\/RS20757_KA-20140716-IMG_6493-scr.jpg 950w\" ><\/a><\/div>\r\n            <\/span>\r\n\r\n            <\/div>\r\n\r\n\t\t\t<div class=\"col-3 pl-0 pr-0\">\r\n\t\t\t\t<div class=\"galeria-right-img d-flex justify-content-between flex-column h-100 w-100 px-0 mx-0 \">\r\n                <div class=\"galeria-box\">\r\n\t\t\t\t\t<h3 class=\"galeria-title\">Gal\u00e9ria<\/h3>\r\n\t\t\t\t\t<div class=\"galeria-subtitle\">\r\n\r\n\t\t\t\t\t\t<div class=\"galeria-page-counter\"><span>13<\/span>k\u00e9p<\/div>\r\n                    <\/div> <\/div>\r\n                    <span class=\"gallery-item frame d-none d-md-flex\">\r\n\t\t\t\t\t<div class=\"galeria-small-img mt-0\"><a href=\"https:\/\/semmelweis.hu\/mediasarok\/files\/2014\/07\/RS20755_KA-20140716-IMG_6500-scr.jpg\"><img src=https:\/\/semmelweis.hu\/mediasarok\/files\/2014\/07\/RS20755_KA-20140716-IMG_6500-scr.jpg \r\n                                alt=\"Dr. Zombor G\u00e1bor eg\u00e9szs\u00e9g\u00fcgy\u00e9rt felel\u0151s \u00e1llamtitk\u00e1r, Emberi Er\u0151forr\u00e1sok Miniszt\u00e9riuma\"  \r\n                                class=\"attachment-sote-gallery-small size-sote-gallery-small\" \r\n                                srcset=\"https:\/\/semmelweis.hu\/mediasarok\/files\/2014\/07\/RS20755_KA-20140716-IMG_6500-scr-200x300.jpg 200w, https:\/\/semmelweis.hu\/mediasarok\/files\/2014\/07\/RS20755_KA-20140716-IMG_6500-scr.jpg 500w\" ><\/a><\/div>\r\n                    <\/span>\r\n                    <span class=\"gallery-item frame d-none d-md-flex\">\r\n\t\t\t\t\t<div class=\"galeria-small-img mt-0\"><a href=\"https:\/\/semmelweis.hu\/mediasarok\/files\/2014\/07\/RS20754_KA-20140716-IMG_6503-scr.jpg\"><img src=https:\/\/semmelweis.hu\/mediasarok\/files\/2014\/07\/RS20754_KA-20140716-IMG_6503-scr.jpg \r\n                                alt=\"Dr. Moln\u00e1r M\u00e1ria Judit rektorhelyettes, Semmelweis Egyetem\" \r\n                                class=\"attachment-sote-gallery-small size-sote-gallery-small\" \r\n                                srcset=\"https:\/\/semmelweis.hu\/mediasarok\/files\/2014\/07\/RS20754_KA-20140716-IMG_6503-scr-300x199.jpg 300w, https:\/\/semmelweis.hu\/mediasarok\/files\/2014\/07\/RS20754_KA-20140716-IMG_6503-scr-450x300.jpg 450w, https:\/\/semmelweis.hu\/mediasarok\/files\/2014\/07\/RS20754_KA-20140716-IMG_6503-scr.jpg 950w\" ><\/a><\/div>\r\n                    <\/span>\r\n\r\n                <\/div>\r\n\r\n            <\/div>\r\n\r\n            <span class=\"gallery-item\"><div class=\"hidden\"><a href=\"https:\/\/semmelweis.hu\/mediasarok\/files\/2014\/07\/RS20753_KA-20140716-IMG_6513-scr.jpg\">\r\n        <img src=https:\/\/semmelweis.hu\/mediasarok\/files\/2014\/07\/RS20753_KA-20140716-IMG_6513-scr.jpg alt=\"Dr. Barab\u00e1s J\u00f3zsef igazgat\u00f3, Arc- \u00c1llcsont- Sz\u00e1jseb\u00e9szeti \u00e9s Fog\u00e1szati Klinika\n\" class=\"attachment-sote-gallery-big size-sote-gallery-big\" srcset=\"https:\/\/semmelweis.hu\/mediasarok\/files\/2014\/07\/RS20753_KA-20140716-IMG_6513-scr-300x199.jpg 300w, https:\/\/semmelweis.hu\/mediasarok\/files\/2014\/07\/RS20753_KA-20140716-IMG_6513-scr-450x300.jpg 450w, https:\/\/semmelweis.hu\/mediasarok\/files\/2014\/07\/RS20753_KA-20140716-IMG_6513-scr.jpg 950w\" >\r\n        <\/a><\/div><\/span><span class=\"gallery-item\"><div class=\"hidden\"><a href=\"https:\/\/semmelweis.hu\/mediasarok\/files\/2014\/07\/RS20750_KA-20140716-IMG_6523-scr.jpg\">\r\n        <img src=https:\/\/semmelweis.hu\/mediasarok\/files\/2014\/07\/RS20750_KA-20140716-IMG_6523-scr.jpg alt=\"Dr. Barab\u00e1s J\u00f3zsef igazgat\u00f3, Arc- \u00c1llcsont- Sz\u00e1jseb\u00e9szeti \u00e9s Fog\u00e1szati Klinika\n\" class=\"attachment-sote-gallery-big size-sote-gallery-big\" srcset=\"https:\/\/semmelweis.hu\/mediasarok\/files\/2014\/07\/RS20750_KA-20140716-IMG_6523-scr-300x199.jpg 300w, https:\/\/semmelweis.hu\/mediasarok\/files\/2014\/07\/RS20750_KA-20140716-IMG_6523-scr-450x300.jpg 450w, https:\/\/semmelweis.hu\/mediasarok\/files\/2014\/07\/RS20750_KA-20140716-IMG_6523-scr.jpg 950w\" >\r\n        <\/a><\/div><\/span><span class=\"gallery-item\"><div class=\"hidden\"><a href=\"https:\/\/semmelweis.hu\/mediasarok\/files\/2014\/07\/RS20748_KA-20140716-IMG_6531-scr.jpg\">\r\n        <img src=https:\/\/semmelweis.hu\/mediasarok\/files\/2014\/07\/RS20748_KA-20140716-IMG_6531-scr.jpg alt=\"\" class=\"attachment-sote-gallery-big size-sote-gallery-big\" srcset=\"https:\/\/semmelweis.hu\/mediasarok\/files\/2014\/07\/RS20748_KA-20140716-IMG_6531-scr-300x199.jpg 300w, https:\/\/semmelweis.hu\/mediasarok\/files\/2014\/07\/RS20748_KA-20140716-IMG_6531-scr-450x300.jpg 450w, https:\/\/semmelweis.hu\/mediasarok\/files\/2014\/07\/RS20748_KA-20140716-IMG_6531-scr.jpg 950w\" >\r\n        <\/a><\/div><\/span><span class=\"gallery-item\"><div class=\"hidden\"><a href=\"https:\/\/semmelweis.hu\/mediasarok\/files\/2014\/07\/RS20747_KA-20140716-IMG_6559-scr.jpg\">\r\n        <img src=https:\/\/semmelweis.hu\/mediasarok\/files\/2014\/07\/RS20747_KA-20140716-IMG_6559-scr.jpg alt=\"\" class=\"attachment-sote-gallery-big size-sote-gallery-big\" srcset=\"https:\/\/semmelweis.hu\/mediasarok\/files\/2014\/07\/RS20747_KA-20140716-IMG_6559-scr-300x199.jpg 300w, https:\/\/semmelweis.hu\/mediasarok\/files\/2014\/07\/RS20747_KA-20140716-IMG_6559-scr-450x300.jpg 450w, https:\/\/semmelweis.hu\/mediasarok\/files\/2014\/07\/RS20747_KA-20140716-IMG_6559-scr.jpg 950w\" >\r\n        <\/a><\/div><\/span><span class=\"gallery-item\"><div class=\"hidden\"><a href=\"https:\/\/semmelweis.hu\/mediasarok\/files\/2014\/07\/RS20745_KA-20140716-IMG_6568-scr.jpg\">\r\n        <img src=https:\/\/semmelweis.hu\/mediasarok\/files\/2014\/07\/RS20745_KA-20140716-IMG_6568-scr.jpg alt=\"\" class=\"attachment-sote-gallery-big size-sote-gallery-big\" srcset=\"https:\/\/semmelweis.hu\/mediasarok\/files\/2014\/07\/RS20745_KA-20140716-IMG_6568-scr-300x199.jpg 300w, https:\/\/semmelweis.hu\/mediasarok\/files\/2014\/07\/RS20745_KA-20140716-IMG_6568-scr-450x300.jpg 450w, https:\/\/semmelweis.hu\/mediasarok\/files\/2014\/07\/RS20745_KA-20140716-IMG_6568-scr.jpg 950w\" >\r\n        <\/a><\/div><\/span><span class=\"gallery-item\"><div class=\"hidden\"><a href=\"https:\/\/semmelweis.hu\/mediasarok\/files\/2014\/07\/RS20742_KA-20140716-IMG_6576-scr.jpg\">\r\n        <img src=https:\/\/semmelweis.hu\/mediasarok\/files\/2014\/07\/RS20742_KA-20140716-IMG_6576-scr.jpg alt=\"\" class=\"attachment-sote-gallery-big size-sote-gallery-big\" srcset=\"https:\/\/semmelweis.hu\/mediasarok\/files\/2014\/07\/RS20742_KA-20140716-IMG_6576-scr-300x199.jpg 300w, https:\/\/semmelweis.hu\/mediasarok\/files\/2014\/07\/RS20742_KA-20140716-IMG_6576-scr-450x300.jpg 450w, https:\/\/semmelweis.hu\/mediasarok\/files\/2014\/07\/RS20742_KA-20140716-IMG_6576-scr.jpg 950w\" >\r\n        <\/a><\/div><\/span><span class=\"gallery-item\"><div class=\"hidden\"><a href=\"https:\/\/semmelweis.hu\/mediasarok\/files\/2014\/07\/RS20740_KA-20140716-IMG_6578-scr.jpg\">\r\n        <img src=https:\/\/semmelweis.hu\/mediasarok\/files\/2014\/07\/RS20740_KA-20140716-IMG_6578-scr.jpg alt=\"\" class=\"attachment-sote-gallery-big size-sote-gallery-big\" srcset=\"https:\/\/semmelweis.hu\/mediasarok\/files\/2014\/07\/RS20740_KA-20140716-IMG_6578-scr-300x199.jpg 300w, https:\/\/semmelweis.hu\/mediasarok\/files\/2014\/07\/RS20740_KA-20140716-IMG_6578-scr-450x300.jpg 450w, https:\/\/semmelweis.hu\/mediasarok\/files\/2014\/07\/RS20740_KA-20140716-IMG_6578-scr.jpg 950w\" >\r\n        <\/a><\/div><\/span><span class=\"gallery-item\"><div class=\"hidden\"><a href=\"https:\/\/semmelweis.hu\/mediasarok\/files\/2014\/07\/RS20738_KA-20140716-IMG_6586-scr.jpg\">\r\n        <img src=https:\/\/semmelweis.hu\/mediasarok\/files\/2014\/07\/RS20738_KA-20140716-IMG_6586-scr.jpg alt=\"\" class=\"attachment-sote-gallery-big size-sote-gallery-big\" srcset=\"https:\/\/semmelweis.hu\/mediasarok\/files\/2014\/07\/RS20738_KA-20140716-IMG_6586-scr-300x199.jpg 300w, https:\/\/semmelweis.hu\/mediasarok\/files\/2014\/07\/RS20738_KA-20140716-IMG_6586-scr-450x300.jpg 450w, https:\/\/semmelweis.hu\/mediasarok\/files\/2014\/07\/RS20738_KA-20140716-IMG_6586-scr.jpg 950w\" >\r\n        <\/a><\/div><\/span><span class=\"gallery-item\"><div class=\"hidden\"><a href=\"https:\/\/semmelweis.hu\/mediasarok\/files\/2014\/07\/RS20737_KA-20140716-IMG_6592-scr.jpg\">\r\n        <img src=https:\/\/semmelweis.hu\/mediasarok\/files\/2014\/07\/RS20737_KA-20140716-IMG_6592-scr.jpg alt=\"\" class=\"attachment-sote-gallery-big size-sote-gallery-big\" srcset=\"https:\/\/semmelweis.hu\/mediasarok\/files\/2014\/07\/RS20737_KA-20140716-IMG_6592-scr-300x199.jpg 300w, https:\/\/semmelweis.hu\/mediasarok\/files\/2014\/07\/RS20737_KA-20140716-IMG_6592-scr-450x300.jpg 450w, https:\/\/semmelweis.hu\/mediasarok\/files\/2014\/07\/RS20737_KA-20140716-IMG_6592-scr.jpg 950w\" >\r\n        <\/a><\/div><\/span><span class=\"gallery-item\"><div class=\"hidden\"><a href=\"https:\/\/semmelweis.hu\/mediasarok\/files\/2014\/07\/RS20732_KA-20140716-IMG_6611-scr.jpg\">\r\n        <img src=https:\/\/semmelweis.hu\/mediasarok\/files\/2014\/07\/RS20732_KA-20140716-IMG_6611-scr.jpg alt=\"\" class=\"attachment-sote-gallery-big size-sote-gallery-big\" srcset=\"https:\/\/semmelweis.hu\/mediasarok\/files\/2014\/07\/RS20732_KA-20140716-IMG_6611-scr-300x199.jpg 300w, https:\/\/semmelweis.hu\/mediasarok\/files\/2014\/07\/RS20732_KA-20140716-IMG_6611-scr-450x300.jpg 450w, https:\/\/semmelweis.hu\/mediasarok\/files\/2014\/07\/RS20732_KA-20140716-IMG_6611-scr.jpg 950w\" >\r\n        <\/a><\/div><\/span>\r\n            <\/div>\r\n\r\n            [\/slb_exclude]\r\n\t\n","protected":false},"excerpt":{"rendered":"<p>Jelent\u0151sen jav\u00edtja a fogyat\u00e9kkal \u00e9l\u0151 gyerekek \u00e9s feln\u0151ttek fog\u00e1szati ell\u00e1t\u00e1s\u00e1t a\u00a0Fogorvostudom\u00e1nyi Kar Arc- \u00c1llcsont- Sz\u00e1jseb\u00e9szeti \u00e9s Fog\u00e1szati Klinik\u00e1j\u00e1n kialak\u00edtott \u00faj centrum. Az \u00faj kezel\u0151egys\u00e9get\u00a0Dr. Zombor G\u00e1bor eg\u00e9szs\u00e9g\u00fcgy\u00e9rt felel\u0151s \u00e1llamtitk\u00e1r \u00e9s\u00a0Dr. Moln\u00e1r M\u00e1ria Judit, a Semmelweis Egyetem rektorhelyettese adta \u00e1t. fot\u00f3k: Kov\u00e1cs Attila &#8211; Semmelweis Egyetem<\/p>\n","protected":false},"author":169,"featured_media":44257,"comment_status":"closed","ping_status":"closed","sticky":false,"template":"","format":"standard","meta":{"_acf_changed":false,"footnotes":""},"categories":[413],"tags":[728],"class_list":["post-44270","post","type-post","status-publish","format-standard","has-post-thumbnail","hentry","category-galeria","tag-pozitiv"],"acf":[],"_links":{"self":[{"href":"https:\/\/semmelweis.hu\/mediasarok\/wp-json\/wp\/v2\/posts\/44270","targetHints":{"allow":["GET"]}}],"collection":[{"href":"https:\/\/semmelweis.hu\/mediasarok\/wp-json\/wp\/v2\/posts"}],"about":[{"href":"https:\/\/semmelweis.hu\/mediasarok\/wp-json\/wp\/v2\/types\/post"}],"author":[{"embeddable":true,"href":"https:\/\/semmelweis.hu\/mediasarok\/wp-json\/wp\/v2\/users\/169"}],"replies":[{"embeddable":true,"href":"https:\/\/semmelweis.hu\/mediasarok\/wp-json\/wp\/v2\/comments?post=44270"}],"version-history":[{"count":8,"href":"https:\/\/semmelweis.hu\/mediasarok\/wp-json\/wp\/v2\/posts\/44270\/revisions"}],"predecessor-version":[{"id":94151,"href":"https:\/\/semmelweis.hu\/mediasarok\/wp-json\/wp\/v2\/posts\/44270\/revisions\/94151"}],"wp:featuredmedia":[{"embeddable":true,"href":"https:\/\/semmelweis.hu\/mediasarok\/wp-json\/wp\/v2\/media\/44257"}],"wp:attachment":[{"href":"https:\/\/semmelweis.hu\/mediasarok\/wp-json\/wp\/v2\/media?parent=44270"}],"wp:term":[{"taxonomy":"category","embeddable":true,"href":"https:\/\/semmelweis.hu\/mediasarok\/wp-json\/wp\/v2\/categories?post=44270"},{"taxonomy":"post_tag","embeddable":true,"href":"https:\/\/semmelweis.hu\/mediasarok\/wp-json\/wp\/v2\/tags?post=44270"}],"curies":[{"name":"wp","href":"https:\/\/api.w.org\/{rel}","templated":true}]}}