{"id":4398,"date":"2011-05-09T09:35:32","date_gmt":"2011-05-09T08:35:32","guid":{"rendered":"http:\/\/mediasarok.sote.hu\/?p=4398"},"modified":"2025-10-22T10:56:34","modified_gmt":"2025-10-22T08:56:34","slug":"4398","status":"publish","type":"post","link":"https:\/\/semmelweis.hu\/mediasarok\/2011\/05\/09\/4398\/","title":{"rendered":"\u00d6r\u00f6maut\u00f3z\u00e1s a Hungaroringen"},"content":{"rendered":"<p><a href=\"https:\/\/semmelweis.hu\/wp-content\/blogs.dir\/106\/files\/2011\/05\/hungaroringslide1.jpg\"><img loading=\"lazy\" decoding=\"async\" class=\"size-medium wp-image-4403 alignleft\" src=\"https:\/\/semmelweis.hu\/wp-content\/blogs.dir\/106\/files\/2011\/05\/hungaroringslide1-300x154.jpg\" alt=\"\" width=\"300\" height=\"154\" srcset=\"https:\/\/semmelweis.hu\/mediasarok\/files\/2011\/05\/hungaroringslide1-300x154.jpg 300w, https:\/\/semmelweis.hu\/mediasarok\/files\/2011\/05\/hungaroringslide1.jpg 600w\" sizes=\"auto, (max-width: 300px) 100vw, 300px\" \/><\/a>Hetvenegy versenyz\u0151 \u00e9s versenyaut\u00f3, k\u00e9t t\u0171zolt\u00f3aut\u00f3, 175 gyerek, t\u00f6bb sz\u00e1z aj\u00e1nd\u00e9k \u00e9s boldog mosoly &#8211; a Hungaroringen megrendezett IV. \u00d6r\u00f6maut\u00f3z\u00e1s m\u00e9rlege. Az esem\u00e9nyt aut\u00f3sport bar\u00e1tok szervezt\u00e9k a k\u00f3rh\u00e1zban \u00e1polt gyermekek sz\u00e1m\u00e1ra a n\u00e9h\u00e1ny \u00e9vvel ezel\u0151tt s\u00falyos betegs\u00e9gben elhunyt fiatal rally-rajong\u00f3 Kl\u00e9ri \u00c1d\u00e1m eml\u00e9k\u00e9re. A Semmelweis Egyetem II. sz\u00e1m\u00fa (T\u0171zolt\u00f3 Utcai) Gyermekklinik\u00e1j\u00e1n kezelt gyermekek versenyz\u0151kkel egy\u00fctt aut\u00f3zhattak igazi versenyaut\u00f3kban. A rendezv\u00e9nyen Rippel Fernec \u00e9s Rippel Viktor is versenypil\u00f3tak\u00e9nt seg\u00edtenek \u00f6r\u00f6met szerezni a beteg gyermekeknek.<\/p>\n<p><a href=\"..\/wp-content\/uploads\/2011\/05\/oromautozas.jpg\">\u00a0<\/a><\/p>\n","protected":false},"excerpt":{"rendered":"<p><a href=\"https:\/\/semmelweis.hu\/wp-content\/blogs.dir\/106\/files\/2011\/05\/hungaroringslide1.jpg\"><\/a> Hetvenegy versenyz\u0151 \u00e9s versenyaut\u00f3, k\u00e9t t\u0171zolt\u00f3aut\u00f3, 175 gyerek, t\u00f6bb sz\u00e1z aj\u00e1nd\u00e9k \u00e9s boldog mosoly &#8211; a Hungaroringen megrendezett IV. \u00d6r\u00f6maut\u00f3z\u00e1s m\u00e9rlege. Az esem\u00e9nyt aut\u00f3sport bar\u00e1tok szervezt\u00e9k a k\u00f3rh\u00e1zban \u00e1polt gyermekek sz\u00e1m\u00e1ra a n\u00e9h\u00e1ny \u00e9vvel ezel\u0151tt s\u00falyos betegs\u00e9gben elhunyt fiatal rally-rajong\u00f3 Kl\u00e9ri \u00c1d\u00e1m eml\u00e9k\u00e9re. A Semmelweis Egyetem II. sz\u00e1m\u00fa (T\u0171zolt\u00f3 Utcai) Gyermekklinik\u00e1j\u00e1n kezelt gyermekek versenyz\u0151kkel egy\u00fctt &hellip;<\/p>\n","protected":false},"author":155,"featured_media":0,"comment_status":"closed","ping_status":"open","sticky":false,"template":"","format":"standard","meta":{"_acf_changed":false,"footnotes":""},"categories":[5],"tags":[734],"class_list":["post-4398","post","type-post","status-publish","format-standard","hentry","category-cikkek","tag-kozlemeny"],"acf":[],"_links":{"self":[{"href":"https:\/\/semmelweis.hu\/mediasarok\/wp-json\/wp\/v2\/posts\/4398","targetHints":{"allow":["GET"]}}],"collection":[{"href":"https:\/\/semmelweis.hu\/mediasarok\/wp-json\/wp\/v2\/posts"}],"about":[{"href":"https:\/\/semmelweis.hu\/mediasarok\/wp-json\/wp\/v2\/types\/post"}],"author":[{"embeddable":true,"href":"https:\/\/semmelweis.hu\/mediasarok\/wp-json\/wp\/v2\/users\/155"}],"replies":[{"embeddable":true,"href":"https:\/\/semmelweis.hu\/mediasarok\/wp-json\/wp\/v2\/comments?post=4398"}],"version-history":[{"count":1,"href":"https:\/\/semmelweis.hu\/mediasarok\/wp-json\/wp\/v2\/posts\/4398\/revisions"}],"predecessor-version":[{"id":93688,"href":"https:\/\/semmelweis.hu\/mediasarok\/wp-json\/wp\/v2\/posts\/4398\/revisions\/93688"}],"wp:attachment":[{"href":"https:\/\/semmelweis.hu\/mediasarok\/wp-json\/wp\/v2\/media?parent=4398"}],"wp:term":[{"taxonomy":"category","embeddable":true,"href":"https:\/\/semmelweis.hu\/mediasarok\/wp-json\/wp\/v2\/categories?post=4398"},{"taxonomy":"post_tag","embeddable":true,"href":"https:\/\/semmelweis.hu\/mediasarok\/wp-json\/wp\/v2\/tags?post=4398"}],"curies":[{"name":"wp","href":"https:\/\/api.w.org\/{rel}","templated":true}]}}