{"id":3961,"date":"2011-04-26T19:10:57","date_gmt":"2011-04-26T17:10:57","guid":{"rendered":"http:\/\/mediasarok.sote.hu\/multimedia\/kepek\/mri-kompatibilis-pacemaker\/"},"modified":"2020-03-31T12:21:28","modified_gmt":"2020-03-31T10:21:28","slug":"mri-kompatibilis-pacemaker-2","status":"publish","type":"post","link":"https:\/\/semmelweis.hu\/mediasarok\/2011\/04\/26\/mri-kompatibilis-pacemaker-2\/","title":{"rendered":"MRI-kompatibilis pacemaker"},"content":{"rendered":"<p>Magyarorsz\u00e1gon k\u00f6r\u00fclbel\u00fcl 35.000 pacemakeres beteg \u00e9l, akiknek nagy r\u00e9sze 65 \u00e9vesn\u00e9l id\u0151sebb. Ebben az \u00e9letkorban az MRI (m\u00e1gneses-rezonancia) vizsg\u00e1lat sz\u00fcks\u00e9g\u00e9nek es\u00e9lye megdupl\u00e1z\u00f3dik. A kardiovaszkul\u00e1ris ter\u00e1pia ter\u00fclet\u00e9n \u00e1tt\u00f6r\u00e9st jelent\u0151 MRI-kompatibilis pacemaker 2010. febru\u00e1r \u00f3ta haz\u00e1nkban is el\u00e9rhet\u0151 az eg\u00e9sz orsz\u00e1g ter\u00fclet\u00e9n. fot\u00f3k: D. Kiss Bal\u00e1zs<\/p>\n\r\n        [slb_exclude]\r\n        <div class=\"row galeria-wrapper mx-0 h-auto\">\r\n            <div class=\"col-9 pl-0 pr-2\">\r\n            <span class=\"gallery-item frame\">\r\n\t\t\t\t<div class=\"galeria-left-img\"><a href=\"https:\/\/semmelweis.hu\/mediasarok\/files\/2011\/04\/img_7937.jpg\"><img src=https:\/\/semmelweis.hu\/mediasarok\/files\/2011\/04\/img_7937.jpg  \r\n                            alt=\"\" \r\n                            class=\"attachment-sote-gallery-big size-sote-gallery-big\" \r\n                            srcset=\"https:\/\/semmelweis.hu\/mediasarok\/files\/2011\/04\/img_7937-300x200.jpg 300w, https:\/\/semmelweis.hu\/mediasarok\/files\/2011\/04\/img_7937-1024x682.jpg 1024w, https:\/\/semmelweis.hu\/mediasarok\/files\/2011\/04\/img_7937-450x300.jpg 450w\" ><\/a><\/div>\r\n            <\/span>\r\n\r\n            <\/div>\r\n\r\n\t\t\t<div class=\"col-3 pl-0 pr-0\">\r\n\t\t\t\t<div class=\"galeria-right-img d-flex justify-content-between flex-column h-100 w-100 px-0 mx-0 \">\r\n                <div class=\"galeria-box\">\r\n\t\t\t\t\t<h3 class=\"galeria-title\">Gal\u00e9ria<\/h3>\r\n\t\t\t\t\t<div class=\"galeria-subtitle\">\r\n\r\n\t\t\t\t\t\t<div class=\"galeria-page-counter\"><span>6<\/span>k\u00e9p<\/div>\r\n                    <\/div> <\/div>\r\n                    <span class=\"gallery-item frame d-none d-md-flex\">\r\n\t\t\t\t\t<div class=\"galeria-small-img mt-0\"><a href=\"https:\/\/semmelweis.hu\/mediasarok\/files\/2011\/04\/img_7948.jpg\"><img src=https:\/\/semmelweis.hu\/mediasarok\/files\/2011\/04\/img_7948.jpg \r\n                                alt=\"\"  \r\n                                class=\"attachment-sote-gallery-small size-sote-gallery-small\" \r\n                                srcset=\"https:\/\/semmelweis.hu\/mediasarok\/files\/2011\/04\/img_7948-300x200.jpg 300w, https:\/\/semmelweis.hu\/mediasarok\/files\/2011\/04\/img_7948-1024x682.jpg 1024w, https:\/\/semmelweis.hu\/mediasarok\/files\/2011\/04\/img_7948-450x300.jpg 450w\" ><\/a><\/div>\r\n                    <\/span>\r\n                    <span class=\"gallery-item frame d-none d-md-flex\">\r\n\t\t\t\t\t<div class=\"galeria-small-img mt-0\"><a href=\"https:\/\/semmelweis.hu\/mediasarok\/files\/2011\/04\/img_7954.jpg\"><img src=https:\/\/semmelweis.hu\/mediasarok\/files\/2011\/04\/img_7954.jpg \r\n                                alt=\"\" \r\n                                class=\"attachment-sote-gallery-small size-sote-gallery-small\" \r\n                                srcset=\"https:\/\/semmelweis.hu\/mediasarok\/files\/2011\/04\/img_7954-300x200.jpg 300w, https:\/\/semmelweis.hu\/mediasarok\/files\/2011\/04\/img_7954-1024x682.jpg 1024w, https:\/\/semmelweis.hu\/mediasarok\/files\/2011\/04\/img_7954-450x300.jpg 450w\" ><\/a><\/div>\r\n                    <\/span>\r\n\r\n                <\/div>\r\n\r\n            <\/div>\r\n\r\n            <span class=\"gallery-item\"><div class=\"hidden\"><a href=\"https:\/\/semmelweis.hu\/mediasarok\/files\/2011\/04\/img_7959.jpg\">\r\n        <img src=https:\/\/semmelweis.hu\/mediasarok\/files\/2011\/04\/img_7959.jpg alt=\"\" class=\"attachment-sote-gallery-big size-sote-gallery-big\" srcset=\"https:\/\/semmelweis.hu\/mediasarok\/files\/2011\/04\/img_7959-200x300.jpg 200w, https:\/\/semmelweis.hu\/mediasarok\/files\/2011\/04\/img_7959-682x1024.jpg 682w\" >\r\n        <\/a><\/div><\/span><span class=\"gallery-item\"><div class=\"hidden\"><a href=\"https:\/\/semmelweis.hu\/mediasarok\/files\/2011\/04\/img_7963.jpg\">\r\n        <img src=https:\/\/semmelweis.hu\/mediasarok\/files\/2011\/04\/img_7963.jpg alt=\"\" class=\"attachment-sote-gallery-big size-sote-gallery-big\" srcset=\"https:\/\/semmelweis.hu\/mediasarok\/files\/2011\/04\/img_7963-300x200.jpg 300w, https:\/\/semmelweis.hu\/mediasarok\/files\/2011\/04\/img_7963-1024x682.jpg 1024w, https:\/\/semmelweis.hu\/mediasarok\/files\/2011\/04\/img_7963-450x300.jpg 450w\" >\r\n        <\/a><\/div><\/span><span class=\"gallery-item\"><div class=\"hidden\"><a href=\"https:\/\/semmelweis.hu\/mediasarok\/files\/2011\/04\/img_7971.jpg\">\r\n        <img src=https:\/\/semmelweis.hu\/mediasarok\/files\/2011\/04\/img_7971.jpg alt=\"\" class=\"attachment-sote-gallery-big size-sote-gallery-big\" srcset=\"https:\/\/semmelweis.hu\/mediasarok\/files\/2011\/04\/img_7971-300x200.jpg 300w, https:\/\/semmelweis.hu\/mediasarok\/files\/2011\/04\/img_7971-1024x682.jpg 1024w, https:\/\/semmelweis.hu\/mediasarok\/files\/2011\/04\/img_7971-450x300.jpg 450w\" >\r\n        <\/a><\/div><\/span>\r\n            <\/div>\r\n\r\n            [\/slb_exclude]\r\n\t\n","protected":false},"excerpt":{"rendered":"<p>Magyarorsz\u00e1gon k\u00f6r\u00fclbel\u00fcl 35.000 pacemakeres beteg \u00e9l, akiknek nagy r\u00e9sze 65 \u00e9vesn\u00e9l id\u0151sebb. Ebben az \u00e9letkorban az MRI (m\u00e1gneses-rezonancia) vizsg\u00e1lat sz\u00fcks\u00e9g\u00e9nek es\u00e9lye megdupl\u00e1z\u00f3dik. A kardiovaszkul\u00e1ris ter\u00e1pia ter\u00fclet\u00e9n \u00e1tt\u00f6r\u00e9st jelent\u0151 MRI-kompatibilis pacemaker 2010. febru\u00e1r \u00f3ta haz\u00e1nkban is el\u00e9rhet\u0151 az eg\u00e9sz orsz\u00e1g ter\u00fclet\u00e9n. fot\u00f3k: D. Kiss Bal\u00e1zs<\/p>\n","protected":false},"author":155,"featured_media":45142,"comment_status":"closed","ping_status":"open","sticky":false,"template":"","format":"standard","meta":{"_acf_changed":false,"footnotes":""},"categories":[413],"tags":[728],"class_list":["post-3961","post","type-post","status-publish","format-standard","has-post-thumbnail","hentry","category-galeria","tag-pozitiv"],"acf":[],"_links":{"self":[{"href":"https:\/\/semmelweis.hu\/mediasarok\/wp-json\/wp\/v2\/posts\/3961","targetHints":{"allow":["GET"]}}],"collection":[{"href":"https:\/\/semmelweis.hu\/mediasarok\/wp-json\/wp\/v2\/posts"}],"about":[{"href":"https:\/\/semmelweis.hu\/mediasarok\/wp-json\/wp\/v2\/types\/post"}],"author":[{"embeddable":true,"href":"https:\/\/semmelweis.hu\/mediasarok\/wp-json\/wp\/v2\/users\/155"}],"replies":[{"embeddable":true,"href":"https:\/\/semmelweis.hu\/mediasarok\/wp-json\/wp\/v2\/comments?post=3961"}],"version-history":[{"count":4,"href":"https:\/\/semmelweis.hu\/mediasarok\/wp-json\/wp\/v2\/posts\/3961\/revisions"}],"predecessor-version":[{"id":94195,"href":"https:\/\/semmelweis.hu\/mediasarok\/wp-json\/wp\/v2\/posts\/3961\/revisions\/94195"}],"wp:featuredmedia":[{"embeddable":true,"href":"https:\/\/semmelweis.hu\/mediasarok\/wp-json\/wp\/v2\/media\/45142"}],"wp:attachment":[{"href":"https:\/\/semmelweis.hu\/mediasarok\/wp-json\/wp\/v2\/media?parent=3961"}],"wp:term":[{"taxonomy":"category","embeddable":true,"href":"https:\/\/semmelweis.hu\/mediasarok\/wp-json\/wp\/v2\/categories?post=3961"},{"taxonomy":"post_tag","embeddable":true,"href":"https:\/\/semmelweis.hu\/mediasarok\/wp-json\/wp\/v2\/tags?post=3961"}],"curies":[{"name":"wp","href":"https:\/\/api.w.org\/{rel}","templated":true}]}}