{"id":3702,"date":"2011-04-18T11:35:06","date_gmt":"2011-04-18T10:35:06","guid":{"rendered":"http:\/\/mediasarok.sote.hu\/?p=3702"},"modified":"2025-10-22T11:02:11","modified_gmt":"2025-10-22T09:02:11","slug":"nyuszivaras-a-rippel-fiverekkel-meghivo","status":"publish","type":"post","link":"https:\/\/semmelweis.hu\/mediasarok\/2011\/04\/18\/nyuszivaras-a-rippel-fiverekkel-meghivo\/","title":{"rendered":"Nyusziv\u00e1r\u00e1s a Rippel fiv\u00e9rekkel"},"content":{"rendered":"<p>A Rippel Fiv\u00e9rek, P\u00f6tt\u00f6m Panna \u00e9s a klinika saj\u00e1t t\u00e1nccsoportja is fell\u00e9pett azon a zen\u00e9s nyusziv\u00e1r\u00f3 m\u0171soron, amelyet a Semmelweis Egyetem II. sz\u00e1m\u00fa (T\u0171zolt\u00f3 utca) Gyermekklinik\u00e1n rendeztek az ott kezelt gyermekek r\u00e9sz\u00e9re.<\/p>\n<p>A II. Sz\u00e1m\u00fa Gyermekklinik\u00e1n sok kr\u00f3nikus (gyermekreumatol\u00f3giai, gyermekonkol\u00f3giai) beteg gyermeket gy\u00f3gy\u00edtanak. A kis betegek sokszor t\u00f6bb h\u00f3napot is elt\u00f6ltenek a klinik\u00e1n a teljes gy\u00f3gyul\u00e1sig. A h\u00fasv\u00e9tv\u00e1r\u00f3 lehet\u0151s\u00e9get ad arra, hogy kiszakadhassanak a k\u00f3rh\u00e1zban elt\u00f6lt\u00f6tt id\u0151 \u00e9s a kezel\u00e9sek \u00e1ltal okozott f\u00e1sults\u00e1gb\u00f3l. Az ilyen \u00e9lm\u00e9nyek nagym\u00e9rt\u00e9kban hozz\u00e1j\u00e1rulnak a gy\u00f3gyul\u00e1shoz, \u00e9s a sikeres rehabilit\u00e1ci\u00f3hoz.<\/p>\n<p>A t\u00f6bb mint 125 \u00e9ves m\u00faltra visszatekint\u0151 T\u0171zolt\u00f3 utcai Gyermekklinik\u00e1n 13 fekv\u0151beteg oszt\u00e1ly \u00e9s 21 szakrendel\u00e9s tal\u00e1lhat\u00f3. \u00c9vente mintegy 9000 fekv\u0151beteget \u00e9s t\u00f6bb mint 80.000 j\u00e1r\u00f3beteget l\u00e1t el.<\/p>\n","protected":false},"excerpt":{"rendered":"<p>A Rippel Fiv\u00e9rek, P\u00f6tt\u00f6m Panna \u00e9s a klinika saj\u00e1t t\u00e1nccsoportja is fell\u00e9pett azon a zen\u00e9s nyusziv\u00e1r\u00f3 m\u0171soron, amelyet a Semmelweis Egyetem II. sz\u00e1m\u00fa (T\u0171zolt\u00f3 utca) Gyermekklinik\u00e1n rendeztek az ott kezelt gyermekek r\u00e9sz\u00e9re. A II. Sz\u00e1m\u00fa Gyermekklinik\u00e1n sok kr\u00f3nikus (gyermekreumatol\u00f3giai, gyermekonkol\u00f3giai) beteg gyermeket gy\u00f3gy\u00edtanak. A kis betegek sokszor t\u00f6bb h\u00f3napot is elt\u00f6ltenek a klinik\u00e1n a teljes &hellip;<\/p>\n","protected":false},"author":155,"featured_media":0,"comment_status":"closed","ping_status":"open","sticky":false,"template":"","format":"standard","meta":{"_acf_changed":false,"footnotes":""},"categories":[5],"tags":[734],"class_list":["post-3702","post","type-post","status-publish","format-standard","hentry","category-cikkek","tag-kozlemeny"],"acf":[],"_links":{"self":[{"href":"https:\/\/semmelweis.hu\/mediasarok\/wp-json\/wp\/v2\/posts\/3702","targetHints":{"allow":["GET"]}}],"collection":[{"href":"https:\/\/semmelweis.hu\/mediasarok\/wp-json\/wp\/v2\/posts"}],"about":[{"href":"https:\/\/semmelweis.hu\/mediasarok\/wp-json\/wp\/v2\/types\/post"}],"author":[{"embeddable":true,"href":"https:\/\/semmelweis.hu\/mediasarok\/wp-json\/wp\/v2\/users\/155"}],"replies":[{"embeddable":true,"href":"https:\/\/semmelweis.hu\/mediasarok\/wp-json\/wp\/v2\/comments?post=3702"}],"version-history":[{"count":1,"href":"https:\/\/semmelweis.hu\/mediasarok\/wp-json\/wp\/v2\/posts\/3702\/revisions"}],"predecessor-version":[{"id":93693,"href":"https:\/\/semmelweis.hu\/mediasarok\/wp-json\/wp\/v2\/posts\/3702\/revisions\/93693"}],"wp:attachment":[{"href":"https:\/\/semmelweis.hu\/mediasarok\/wp-json\/wp\/v2\/media?parent=3702"}],"wp:term":[{"taxonomy":"category","embeddable":true,"href":"https:\/\/semmelweis.hu\/mediasarok\/wp-json\/wp\/v2\/categories?post=3702"},{"taxonomy":"post_tag","embeddable":true,"href":"https:\/\/semmelweis.hu\/mediasarok\/wp-json\/wp\/v2\/tags?post=3702"}],"curies":[{"name":"wp","href":"https:\/\/api.w.org\/{rel}","templated":true}]}}