{"id":35080,"date":"2013-11-15T08:48:48","date_gmt":"2013-11-15T07:48:48","guid":{"rendered":"http:\/\/semmelweis.hu\/mediasarok\/?p=35080"},"modified":"2025-10-30T11:17:59","modified_gmt":"2025-10-30T10:17:59","slug":"orszagos-munkahelyi-stressz-felmeres-indul","status":"publish","type":"post","link":"https:\/\/semmelweis.hu\/mediasarok\/2013\/11\/15\/orszagos-munkahelyi-stressz-felmeres-indul\/","title":{"rendered":"Orsz\u00e1gos munkahelyi stressz felm\u00e9r\u00e9s indul"},"content":{"rendered":"<p>A nagyfok\u00fa munkahelyi stressz pszich\u00e9s (depresszi\u00f3, szorong\u00e1s, p\u00e1nik, ki\u00e9g\u00e9s) \u00e9s szomatikus (sz\u00edv-\u00e9rrendszeri, gyakori nyak-, h\u00e1t- \u00e9s der\u00e9k-f\u00e1jdalom) megbeteged\u00e9sek rizik\u00f3t\u00e9nyez\u0151je. A hazai \u00e9s nemzetk\u00f6zi kutat\u00e1sok szerint a munkahelyi stressz negat\u00edv eg\u00e9szs\u00e9gi hat\u00e1sai a munkav\u00e1llal\u00f3k egynegyed\u00e9t \u00e9rintik. A Semmelweis Egyetem Magatart\u00e1studom\u00e1nyi Int\u00e9zete orsz\u00e1gos stressz felm\u00e9r\u00e9st ind\u00edtott.<\/p>\n<p>A k\u00e9rd\u0151\u00edv a <a href=\"http:\/\/www.munkahelyistresszkerdoiv.hu\">www.munkahelyistresszkerdoiv.hu<\/a> c\u00edmen b\u00e1rki sz\u00e1m\u00e1ra el\u00e9rhet\u0151, a kit\u00f6lt\u00e9s anonim. A v\u00e1laszad\u00f3k a kit\u00f6lt\u00e9st k\u00f6vet\u0151en azonnali visszajelz\u00e9st kapnak saj\u00e1t eredm\u00e9nyeikr\u0151l, nyomtathat\u00f3 form\u00e1tumban. Megtudhatj\u00e1k, hogy saj\u00e1t munkahelyi stressz pontsz\u00e1maik a 28 sk\u00e1la ment\u00e9n hogyan viszonyulnak az orsz\u00e1gos \u00e9s \u00e1gazati \u00e1tlagokhoz, illetve \u00e9szlelt stressz szintj\u00fck, stresszel \u00f6sszef\u00fcgg\u00e9sbe hozhat\u00f3 testi t\u00fcneteik jelent\u0151s egy\u00e9ni kock\u00e1zatot jeleznek-e.<\/p>\n<p><a href=\"https:\/\/semmelweis.hu\/mediasarok\/files\/2013\/11\/RS122__T7C0062-scr.jpg\"><img loading=\"lazy\" decoding=\"async\" class=\"alignleft size-medium wp-image-35086\" title=\"Fot\u00f3: Szigetv\u00e1ry Zsolt - Semmelweis Egyetem\" src=\"https:\/\/semmelweis.hu\/mediasarok\/files\/2013\/11\/RS122__T7C0062-scr-300x210.jpg\" alt=\"RS122__T7C0062-scr\" width=\"300\" height=\"210\" srcset=\"https:\/\/semmelweis.hu\/mediasarok\/files\/2013\/11\/RS122__T7C0062-scr-300x210.jpg 300w, https:\/\/semmelweis.hu\/mediasarok\/files\/2013\/11\/RS122__T7C0062-scr-428x300.jpg 428w, https:\/\/semmelweis.hu\/mediasarok\/files\/2013\/11\/RS122__T7C0062-scr.jpg 950w\" sizes=\"auto, (max-width: 300px) 100vw, 300px\" \/><\/a>A Munkav\u00e9delmi T\u00f6rv\u00e9ny a munk\u00e1ltat\u00f3k sz\u00e1m\u00e1ra 2008. janu\u00e1r 1-t\u0151l el\u0151\u00edrja a pszichoszoci\u00e1lis kock\u00e1zat felm\u00e9r\u00e9s\u00e9t, arra azonban nem vonatkozik egys\u00e9ges el\u0151\u00edr\u00e1s, hogy ez mik\u00e9nt t\u00f6rt\u00e9njen meg. \u201eAz elm\u00falt \u00e9vekben t\u00f6bb aj\u00e1nl\u00e1s is megjelent, amely a pszichoszoci\u00e1lis kock\u00e1zat felm\u00e9r\u00e9s\u00e9nek lehet\u0151s\u00e9geit foglalja \u00f6ssze, azonban tov\u00e1bbra sem \u00e1ll rendelkez\u00e9sre egys\u00e9ges, magyar nyelv\u0171 m\u00e9r\u0151eszk\u00f6z ezen a ter\u00fcleten. Kutat\u00f3csoportunk ezt a hi\u00e1nyt szeretn\u00e9 p\u00f3tolni a D\u00e1ni\u00e1ban kidolgozott COPSOQ II k\u00e9rd\u0151\u00edv magyar verzi\u00f3j\u00e1nak kidolgoz\u00e1s\u00e1val.\u201d \u2013 hangs\u00falyozta Dr. Stauder Adrienne, pszichi\u00e1ter, pszichoterapeuta, a Magatart\u00e1studom\u00e1nyi Int\u00e9zet Munkahelyi Stressz Kutat\u00f3csoportj\u00e1nak vezet\u0151je.<\/p>\n<p>A k\u00e9rd\u0151\u00edv t\u00f6bb mint 15 orsz\u00e1gban sikerrel alkalmazott, hat\u00e9kony kock\u00e1zat\u00e9rt\u00e9kel\u0151 eszk\u00f6znek bizonyult.<b> <\/b>Kutat\u00e1s m\u00e1sodik szakasz\u00e1ban a COPSOQ II k\u00e9rd\u0151\u00edvet tov\u00e1bbi sk\u00e1l\u00e1kkal eg\u00e9sz\u00edtett\u00e9k ki, annak \u00e9rdek\u00e9ben, hogy pontosan felm\u00e9rj\u00e9k az egy\u00e9n \u00e9szlelt stressz szintj\u00e9t, a munkahelyi stresszel \u00f6sszef\u00fcgg\u00e9sbe hozhat\u00f3 leggyakoribb ment\u00e1lis probl\u00e9m\u00e1k \u2013 depresszi\u00f3, ki\u00e9g\u00e9s, alv\u00e1szavar \u2013 t\u00fcneteit, illetve az esetleges testi t\u00fcnetek megl\u00e9t\u00e9t, s\u00falyoss\u00e1g\u00e1t.<\/p>\n<p>\u201eAz okt\u00f3berben elind\u00edtott felm\u00e9r\u00e9s c\u00e9lja, hogy orsz\u00e1gos \u00e9s \u00e1gazati szint\u0171 referencia\u00e9rt\u00e9keket hat\u00e1rozzunk meg \u00e9s felt\u00e9rk\u00e9pezz\u00fck a legjellemz\u0151bb pszichoszoci\u00e1lis stressz t\u00e9nyez\u0151ket, illetve v\u00e9d\u0151 faktorokat. Fontos c\u00e9lkit\u0171z\u00e9s tov\u00e1bb\u00e1, hogy beazonos\u00edtsuk a legink\u00e1bb vesz\u00e9lyeztetett szakmai csoportokat.\u201d \u2013 emelte ki Nistor Katalin pszichol\u00f3gus, kutat\u00f3.<\/p>\n<p>Az online k\u00e9rd\u0151\u00edv csoportos \u00e9s szervezeti szint\u0171 vizsg\u00e1latra is alkalmas. Az egy\u00e9b \u00e1gazatokkal val\u00f3 \u00f6sszehasonl\u00edt\u00e1s mellett, az eg\u00e9szs\u00e9g\u00fcgyben dolgoz\u00f3k stresszforr\u00e1sait kiemelt szempontok szerinti is vizsg\u00e1lja.<\/p>\n<p>A munkahelyi stresszr\u0151l, munkav\u00e1llal\u00f3i \u00e9s munk\u00e1ltat\u00f3i stresszkezel\u00e9si lehet\u0151s\u00e9gekr\u0151l \u00e9s a pszichoszoci\u00e1lis kock\u00e1zat\u00e9rt\u00e9kel\u00e9sr\u0151l b\u0151vebb inform\u00e1ci\u00f3k olvashat\u00f3k a Munkahelyi Stressz Inform\u00e1ci\u00f3s Oldalon a <a href=\"http:\/\/www.munkahelyistresszinfo.hu\">www.munkahelyistresszinfo.hu<\/a> c\u00edmen.<\/p>\n","protected":false},"excerpt":{"rendered":"<p>A nagyfok\u00fa munkahelyi stressz pszich\u00e9s (depresszi\u00f3, szorong\u00e1s, p\u00e1nik, ki\u00e9g\u00e9s) \u00e9s szomatikus (sz\u00edv-\u00e9rrendszeri, gyakori nyak-, h\u00e1t- \u00e9s der\u00e9k-f\u00e1jdalom) megbeteged\u00e9sek rizik\u00f3t\u00e9nyez\u0151je. A hazai \u00e9s nemzetk\u00f6zi kutat\u00e1sok szerint a munkahelyi stressz negat\u00edv eg\u00e9szs\u00e9gi hat\u00e1sai a munkav\u00e1llal\u00f3k egynegyed\u00e9t \u00e9rintik. A Semmelweis Egyetem Magatart\u00e1studom\u00e1nyi Int\u00e9zete orsz\u00e1gos stressz felm\u00e9r\u00e9st ind\u00edtott. A k\u00e9rd\u0151\u00edv a <a href=\"http:\/\/www.munkahelyistresszkerdoiv.hu\">www.munkahelyistresszkerdoiv.hu<\/a> c\u00edmen b\u00e1rki sz\u00e1m\u00e1ra el\u00e9rhet\u0151, a kit\u00f6lt\u00e9s anonim. A &hellip;<\/p>\n","protected":false},"author":132,"featured_media":0,"comment_status":"open","ping_status":"open","sticky":false,"template":"","format":"standard","meta":{"_acf_changed":false,"footnotes":""},"categories":[5],"tags":[734],"class_list":["post-35080","post","type-post","status-publish","format-standard","hentry","category-cikkek","tag-kozlemeny"],"acf":[],"_links":{"self":[{"href":"https:\/\/semmelweis.hu\/mediasarok\/wp-json\/wp\/v2\/posts\/35080","targetHints":{"allow":["GET"]}}],"collection":[{"href":"https:\/\/semmelweis.hu\/mediasarok\/wp-json\/wp\/v2\/posts"}],"about":[{"href":"https:\/\/semmelweis.hu\/mediasarok\/wp-json\/wp\/v2\/types\/post"}],"author":[{"embeddable":true,"href":"https:\/\/semmelweis.hu\/mediasarok\/wp-json\/wp\/v2\/users\/132"}],"replies":[{"embeddable":true,"href":"https:\/\/semmelweis.hu\/mediasarok\/wp-json\/wp\/v2\/comments?post=35080"}],"version-history":[{"count":10,"href":"https:\/\/semmelweis.hu\/mediasarok\/wp-json\/wp\/v2\/posts\/35080\/revisions"}],"predecessor-version":[{"id":173387,"href":"https:\/\/semmelweis.hu\/mediasarok\/wp-json\/wp\/v2\/posts\/35080\/revisions\/173387"}],"wp:attachment":[{"href":"https:\/\/semmelweis.hu\/mediasarok\/wp-json\/wp\/v2\/media?parent=35080"}],"wp:term":[{"taxonomy":"category","embeddable":true,"href":"https:\/\/semmelweis.hu\/mediasarok\/wp-json\/wp\/v2\/categories?post=35080"},{"taxonomy":"post_tag","embeddable":true,"href":"https:\/\/semmelweis.hu\/mediasarok\/wp-json\/wp\/v2\/tags?post=35080"}],"curies":[{"name":"wp","href":"https:\/\/api.w.org\/{rel}","templated":true}]}}