{"id":3403,"date":"2011-04-08T08:44:42","date_gmt":"2011-04-08T07:44:42","guid":{"rendered":"http:\/\/mediasarok.sote.hu\/?p=3403"},"modified":"2025-10-22T11:03:36","modified_gmt":"2025-10-22T09:03:36","slug":"a-tavalyi-eredmeny-12-elodonoros-vesetranszplantacio-meghivo","status":"publish","type":"post","link":"https:\/\/semmelweis.hu\/mediasarok\/2011\/04\/08\/a-tavalyi-eredmeny-12-elodonoros-vesetranszplantacio-meghivo\/","title":{"rendered":"A tavalyi eredm\u00e9ny: 12 \u00e9l\u0151donoros vesetranszplant\u00e1ci\u00f3"},"content":{"rendered":"<p><strong>&#8222;Csak n\u0151 sz\u00fclhet gyermeket, de b\u00e1rki aj\u00e1nd\u00e9kozhat \u00e9letet&#8221; <\/strong><\/p>\n<p><strong>F\u00f3rum a transzplant\u00e1ci\u00f3r\u00f3l<\/strong><br \/>\nNap, mint nap tapasztaljuk, hogy nemcsak a laikus t\u00e1rsadalom, hanem a szervre v\u00e1r\u00f3k egy r\u00e9sze sem megfelel\u0151en t\u00e1j\u00e9kozott, m\u00e1sik r\u00e9sze f\u00e9l a szerv\u00e1t\u00fcltet\u00e9st\u0151l.<\/p>\n<p>A Transzplant\u00e1ci\u00f3s Alap\u00edtv\u00e1ny a Meg\u00faj\u00edtott \u00c9letek\u00e9rt k\u00f6zhaszn\u00fa szervezet k\u00e9t tev\u00e9kenys\u00e9gi ter\u00fclete a szerv\u00e1t\u00fcltetett \u00e9s szervre v\u00e1r\u00f3 gyerekek testi, lelki rehabilit\u00e1ci\u00f3ja, a sz\u00fcl\u0151knek val\u00f3 seg\u00edts\u00e9gny\u00fajt\u00e1s a h\u00e9tk\u00f6znapok probl\u00e9m\u00e1inak megold\u00e1s\u00e1hoz, valamint a szervdon\u00e1ci\u00f3, transzplant\u00e1ci\u00f3 sz\u00e9les t\u00e1rsadalmi elfogadtat\u00e1sa, a szerv\u00e1t\u00fcltet\u00e9sek sz\u00e1m\u00e1nak n\u00f6vel\u00e9se.<\/p>\n<p>A szerv\u00e1t\u00fcltet\u00e9s az orvostudom\u00e1ny nagy aj\u00e1nd\u00e9ka az emberis\u00e9gnek, hiszen gy\u00f3gy\u00edthatatlan beteg emberek sikeres transzplant\u00e1ci\u00f3 ut\u00e1n egy teljes, j\u00f3 min\u0151s\u00e9g\u0171 \u00e9letet \u00e9lhetnek.<\/p>\n<p>A don\u00e1ci\u00f3 sajnos a mai napig sokak sz\u00e1m\u00e1ra ismeretlen fogalom, az emberek t\u00f6bbs\u00e9ge nem is sejti, hogy egy szervdonor ak\u00e1r 6 m\u00e1sik ember \u00e9let\u00e9t is megmentheti (transzplant\u00e1lhat\u00f3 szervek: m\u00e1j, vese, sz\u00edv, t\u00fcd\u0151 \u00e9s hasny\u00e1lmirigy).<\/p>\n<p>Ismeretterjeszt\u0151 programjaink 3 c\u00e9lcsoport fel\u00e9 ir\u00e1nyulnak:<\/p>\n<ol>\n<li>a transzplant\u00e1ci\u00f3 ter\u00fclet\u00e9n ismeretekkel nem rendelkez\u0151 t\u00e1rsadalom<\/li>\n<li>szervdon\u00e1ci\u00f3ban \u00e9rintett eg\u00e9szs\u00e9g\u00fcgyi dolgoz\u00f3k<\/li>\n<li><strong>azon betegcsoportok, melyek \u00e9lete a szerv\u00e1t\u00fcltet\u00e9s seg\u00edts\u00e9g\u00e9vel megmenthet\u0151, ill. az \u00e9letmin\u0151s\u00e9g-\u00e9lethossz jelent\u0151sen jav\u00edthat\u00f3<\/strong><\/li>\n<\/ol>\n<p>&nbsp;<\/p>\n<p><a href=\"https:\/\/semmelweis.hu\/wp-content\/blogs.dir\/106\/files\/2011\/04\/img_6475.jpg\"><img loading=\"lazy\" decoding=\"async\" class=\"alignleft size-medium wp-image-3406\" src=\"https:\/\/semmelweis.hu\/wp-content\/blogs.dir\/106\/files\/2011\/04\/img_6475-300x200.jpg\" alt=\"\" width=\"300\" height=\"200\" srcset=\"https:\/\/semmelweis.hu\/mediasarok\/files\/2011\/04\/img_6475-300x200.jpg 300w, https:\/\/semmelweis.hu\/mediasarok\/files\/2011\/04\/img_6475-1024x682.jpg 1024w\" sizes=\"auto, (max-width: 300px) 100vw, 300px\" \/><\/a>A transzplant\u00e1ci\u00f3r\u00f3l sz\u00f3l\u00f3 f\u00f3rum c\u00e9lja a szerv\u00e1t\u00fcltet\u00e9sre alkalmas betegek t\u00e1j\u00e9kozotts\u00e1g\u00e1nak n\u00f6vel\u00e9se a transzplant\u00e1ci\u00f3val kapcsolatosan \u00e1ltal\u00e1noss\u00e1gban, \u00e9s speci\u00e1lisan az \u00e9l\u0151donoros szerv\u00e1t\u00fcltet\u00e9sr\u0151l a betegek \u00e9s csal\u00e1dtagjaik, hozz\u00e1tartoz\u00f3ik egy\u00fcttes t\u00e1j\u00e9koztat\u00e1sa. A tavalyi f\u00f3rum eredm\u00e9nye 12 \u00e9l\u0151donoros vesetranszplant\u00e1ci\u00f3.<\/p>\n<p>A f\u00f3rummal kapcsolatban tov\u00e1bbi inform\u00e1ci\u00f3kat kaphat <strong>Szalamanov Zsuzsa<\/strong> kurat\u00f3riumi eln\u00f6kt\u0151l: 06\/30\/242-8558<\/p>\n","protected":false},"excerpt":{"rendered":"<p>&#8222;Csak n\u0151 sz\u00fclhet gyermeket, de b\u00e1rki aj\u00e1nd\u00e9kozhat \u00e9letet&#8221; F\u00f3rum a transzplant\u00e1ci\u00f3r\u00f3l Nap, mint nap tapasztaljuk, hogy nemcsak a laikus t\u00e1rsadalom, hanem a szervre v\u00e1r\u00f3k egy r\u00e9sze sem megfelel\u0151en t\u00e1j\u00e9kozott, m\u00e1sik r\u00e9sze f\u00e9l a szerv\u00e1t\u00fcltet\u00e9st\u0151l. A Transzplant\u00e1ci\u00f3s Alap\u00edtv\u00e1ny a Meg\u00faj\u00edtott \u00c9letek\u00e9rt k\u00f6zhaszn\u00fa szervezet k\u00e9t tev\u00e9kenys\u00e9gi ter\u00fclete a szerv\u00e1t\u00fcltetett \u00e9s szervre v\u00e1r\u00f3 gyerekek testi, lelki rehabilit\u00e1ci\u00f3ja, a &hellip;<\/p>\n","protected":false},"author":155,"featured_media":0,"comment_status":"closed","ping_status":"open","sticky":false,"template":"","format":"standard","meta":{"_acf_changed":false,"footnotes":""},"categories":[5],"tags":[732],"class_list":["post-3403","post","type-post","status-publish","format-standard","hentry","category-cikkek","tag-temaajanlo"],"acf":[],"_links":{"self":[{"href":"https:\/\/semmelweis.hu\/mediasarok\/wp-json\/wp\/v2\/posts\/3403","targetHints":{"allow":["GET"]}}],"collection":[{"href":"https:\/\/semmelweis.hu\/mediasarok\/wp-json\/wp\/v2\/posts"}],"about":[{"href":"https:\/\/semmelweis.hu\/mediasarok\/wp-json\/wp\/v2\/types\/post"}],"author":[{"embeddable":true,"href":"https:\/\/semmelweis.hu\/mediasarok\/wp-json\/wp\/v2\/users\/155"}],"replies":[{"embeddable":true,"href":"https:\/\/semmelweis.hu\/mediasarok\/wp-json\/wp\/v2\/comments?post=3403"}],"version-history":[{"count":1,"href":"https:\/\/semmelweis.hu\/mediasarok\/wp-json\/wp\/v2\/posts\/3403\/revisions"}],"predecessor-version":[{"id":93695,"href":"https:\/\/semmelweis.hu\/mediasarok\/wp-json\/wp\/v2\/posts\/3403\/revisions\/93695"}],"wp:attachment":[{"href":"https:\/\/semmelweis.hu\/mediasarok\/wp-json\/wp\/v2\/media?parent=3403"}],"wp:term":[{"taxonomy":"category","embeddable":true,"href":"https:\/\/semmelweis.hu\/mediasarok\/wp-json\/wp\/v2\/categories?post=3403"},{"taxonomy":"post_tag","embeddable":true,"href":"https:\/\/semmelweis.hu\/mediasarok\/wp-json\/wp\/v2\/tags?post=3403"}],"curies":[{"name":"wp","href":"https:\/\/api.w.org\/{rel}","templated":true}]}}