{"id":33485,"date":"2013-10-02T10:03:37","date_gmt":"2013-10-02T08:03:37","guid":{"rendered":"http:\/\/semmelweis-egyetem.hu\/mediasarok\/?p=33485"},"modified":"2019-05-27T11:36:36","modified_gmt":"2019-05-27T09:36:36","slug":"megduplazodott-a-transzplantaciok-szama","status":"publish","type":"post","link":"https:\/\/semmelweis.hu\/mediasarok\/2013\/10\/02\/megduplazodott-a-transzplantaciok-szama\/","title":{"rendered":"Megdupl\u00e1z\u00f3dott a transzplant\u00e1ci\u00f3k sz\u00e1ma"},"content":{"rendered":"<p><b><a href=\"https:\/\/semmelweis.hu\/mediasarok\/files\/2013\/10\/20110921-vese_transzplantacio-IMG_4461-webJO.jpg\"><img loading=\"lazy\" decoding=\"async\" class=\"alignleft size-medium wp-image-33490\" src=\"https:\/\/semmelweis.hu\/mediasarok\/files\/2013\/10\/20110921-vese_transzplantacio-IMG_4461-webJO-207x300.jpg\" alt=\"20110921-vese_transzplantacio-IMG_4461-webJO\" width=\"207\" height=\"300\" srcset=\"https:\/\/semmelweis.hu\/mediasarok\/files\/2013\/10\/20110921-vese_transzplantacio-IMG_4461-webJO-207x300.jpg 207w, https:\/\/semmelweis.hu\/mediasarok\/files\/2013\/10\/20110921-vese_transzplantacio-IMG_4461-webJO.jpg 622w\" sizes=\"auto, (max-width: 207px) 100vw, 207px\" \/><\/a>Ugr\u00e1sszer\u0171en megn\u0151tt a szerv\u00e1t\u00fcltet\u00e9sek sz\u00e1ma a Semmelweis Egyetemen az Eurotransplanthoz val\u00f3 v\u00e9gleges csatlakoz\u00e1s \u00f3ta eltelt h\u00e1rom h\u00f3napban, mindez orsz\u00e1gos siker, hiszen a Semmelweis Egyetem klinik\u00e1in v\u00e9gzik a hazai szerv\u00e1t\u00fcltet\u00e9sek k\u00e9tharmad\u00e1t.<\/b><\/p>\n<p>J\u00falius 1. \u00e9s okt\u00f3ber 1. k\u00f6z\u00f6tt \u00f6sszesen \u00f6tven vese\u00e1t\u00fcltet\u00e9st v\u00e9geztek, amely a szok\u00e1sos dupl\u00e1ja. 2011 \u00e9s 2012 ugyanezen id\u0151szak\u00e1ban 25, illetve 26 vese\u00e1t\u00fcltet\u00e9s t\u00f6rt\u00e9nt. Ha \u00e9ves szinten siker\u00fcl megtartani ezt a dinamikus n\u00f6veked\u00e9st, akkor a vesetranszplant\u00e1ci\u00f3k sz\u00e1ma el\u00e9rheti a 200-at, amire m\u00e9g sosem volt p\u00e9lda Magyarorsz\u00e1gon. A sz\u00e1mokb\u00f3l j\u00f3l l\u00e1tszik az is, hogy a tavalyi cadaver (az \u00e9l\u0151donoros \u00e1t\u00fcltet\u00e9s \u201eellent\u00e9te\u201d, agyhalottb\u00f3l sz\u00e1rmaz\u00f3 szervek eset\u00e9n haszn\u00e1latos kifejez\u00e9s) vesetranszplant\u00e1ci\u00f3k sz\u00e1m\u00e1t id\u00e9n m\u00e1r okt\u00f3berre siker\u00fcl meghaladni. Az \u00e9l\u0151donoros vese\u00e1t\u00fcltet\u00e9sek tekintet\u00e9ben pedig m\u00e1r 2011-ben el\u00e9rte Magyarorsz\u00e1g a 18 sz\u00e1zal\u00e9kos eur\u00f3pai \u00e1tlagot, a Semmelweis Egyetem pedig k\u00e9t sz\u00e1zal\u00e9kkal meg is haladta ezt.<\/p>\n<figure id=\"attachment_33486\" aria-describedby=\"caption-attachment-33486\" style=\"width: 300px\" class=\"wp-caption alignleft\"><a href=\"https:\/\/semmelweis.hu\/mediasarok\/files\/2013\/10\/20131001-IMG_4061-transzplant-tajekoztato-web.jpg\"><img loading=\"lazy\" decoding=\"async\" class=\"size-medium wp-image-33486\" src=\"https:\/\/semmelweis.hu\/mediasarok\/files\/2013\/10\/20131001-IMG_4061-transzplant-tajekoztato-web-300x200.jpg\" alt=\"Dr. Langer R\u00f3bert\" width=\"300\" height=\"200\" srcset=\"https:\/\/semmelweis.hu\/mediasarok\/files\/2013\/10\/20131001-IMG_4061-transzplant-tajekoztato-web-300x200.jpg 300w, https:\/\/semmelweis.hu\/mediasarok\/files\/2013\/10\/20131001-IMG_4061-transzplant-tajekoztato-web-450x300.jpg 450w, https:\/\/semmelweis.hu\/mediasarok\/files\/2013\/10\/20131001-IMG_4061-transzplant-tajekoztato-web.jpg 900w\" sizes=\"auto, (max-width: 300px) 100vw, 300px\" \/><\/a><figcaption id=\"caption-attachment-33486\" class=\"wp-caption-text\">Dr. Langer R\u00f3bert<\/figcaption><\/figure>\n<p>2011-ben 13 sz\u00edvtranszplant\u00e1ci\u00f3 t\u00f6rt\u00e9nt a Semmelweis Egyetemen, m\u00edg id\u00e9n arra sz\u00e1m\u00edtanak, hogy ez a sz\u00e1m el\u00e9ri a negyvenet. Mostan\u00e1ig \u00f6sszesen 30 \u00e1t\u00fcltet\u00e9s t\u00f6rt\u00e9nt, tavaly eg\u00e9sz \u00e9vben volt \u00f6sszesen ennyi beavatkoz\u00e1s. Emellett harminc m\u0171sz\u00edvbe\u00fcltet\u00e9s is t\u00f6rt\u00e9nt, \u00f6t esetben v\u00e9gleges kering\u00e9st\u00e1mogat\u00f3 eszk\u00f6zt kapott a beteg.<\/p>\n<p>M\u00e1j\u00e1t\u00fcltet\u00e9sb\u0151l a jelenlegi helyzet szerint re\u00e1lis az \u00e9vi hatvan el\u00e9r\u00e9se. A hasny\u00e1lmirigy transzplant\u00e1ci\u00f3 ter\u00e9n szint\u00e9n n\u00f6veked\u00e9s \u00e9szlelhet\u0151, eddig \u00e1tlagosan \u00e9vi 2-4 ilyen beavatkoz\u00e1s t\u00f6rt\u00e9nt, most csak okt\u00f3berig h\u00e9t volt.<\/p>\n<p>Az eddigi tapasztalatok szerint a betegek 20 sz\u00e1zal\u00e9ka kap szervet k\u00fclf\u00f6ldr\u0151l. Ez az ar\u00e1ny a gyerekekn\u00e9l j\u00f3val nagyobb, mintegy \u00f6tven sz\u00e1zal\u00e9kos. A 16 \u00e9ven aluliak m\u00e1r az el\u0151zetes csatlakoz\u00e1s sor\u00e1n r\u00e1ker\u00fcltek a k\u00f6z\u00f6s Eurotransplant v\u00e1r\u00f3list\u00e1ra, amelynek k\u00f6vetkezt\u00e9ben ma m\u00e1r a transzplant\u00e1ci\u00f3ra szorul\u00f3 gyermekek 3-4 h\u00f3napon bel\u00fcl megfelel\u0151 szervhez jutnak.<\/p>\n<p><b>Interj\u00fa lehet\u0151s\u00e9g:<\/b><\/p>\n<p>Dr. Langer R\u00f3bert, a Semmelweis Egyetem Transzplant\u00e1ci\u00f3s Klinik\u00e1j\u00e1nak igazgat\u00f3ja, titk\u00e1rs\u00e1gi sz\u00e1m: 20\/666-3042<\/p>\n<p>Transzplant\u00e1lt, otthon\u00e1ban l\u00e9v\u0151 beteg, aki 20 \u00e9vet v\u00e1rt ves\u00e9re \u2013 el\u0151zetes egyeztet\u00e9s sz\u00fcks\u00e9ges:<\/p>\n<p>30\/269-6302<\/p>\n<p><b>Tov\u00e1bbi inform\u00e1ci\u00f3:<\/b> <a href=\"https:\/\/semmelweis.hu\/hirek\/2013\/10\/01\/szervatultetesek-a-semmelweis-egyetemen-megerkeztunk-europaba\/\">https:\/\/semmelweis.hu\/hirek\/2013\/10\/01\/szervatultetesek-a-semmelweis-egyetemen-megerkeztunk-europaba\/<\/a><\/p>\n","protected":false},"excerpt":{"rendered":"<p><a href=\"https:\/\/semmelweis.hu\/mediasarok\/files\/2013\/10\/20110921-vese_transzplantacio-IMG_4461-webJO.jpg\"><\/a> Ugr\u00e1sszer\u0171en megn\u0151tt a szerv\u00e1t\u00fcltet\u00e9sek sz\u00e1ma a Semmelweis Egyetemen az Eurotransplanthoz val\u00f3 v\u00e9gleges csatlakoz\u00e1s \u00f3ta eltelt h\u00e1rom h\u00f3napban, mindez orsz\u00e1gos siker, hiszen a Semmelweis Egyetem klinik\u00e1in v\u00e9gzik a hazai szerv\u00e1t\u00fcltet\u00e9sek k\u00e9tharmad\u00e1t. J\u00falius 1. \u00e9s okt\u00f3ber 1. k\u00f6z\u00f6tt \u00f6sszesen \u00f6tven vese\u00e1t\u00fcltet\u00e9st v\u00e9geztek, amely a szok\u00e1sos dupl\u00e1ja. 2011 \u00e9s 2012 ugyanezen id\u0151szak\u00e1ban 25, illetve 26 vese\u00e1t\u00fcltet\u00e9s t\u00f6rt\u00e9nt. Ha &hellip;<\/p>\n","protected":false},"author":13,"featured_media":33490,"comment_status":"open","ping_status":"open","sticky":false,"template":"","format":"standard","meta":{"_acf_changed":false,"footnotes":""},"categories":[5],"tags":[734],"class_list":["post-33485","post","type-post","status-publish","format-standard","has-post-thumbnail","hentry","category-cikkek","tag-kozlemeny"],"acf":[],"_links":{"self":[{"href":"https:\/\/semmelweis.hu\/mediasarok\/wp-json\/wp\/v2\/posts\/33485","targetHints":{"allow":["GET"]}}],"collection":[{"href":"https:\/\/semmelweis.hu\/mediasarok\/wp-json\/wp\/v2\/posts"}],"about":[{"href":"https:\/\/semmelweis.hu\/mediasarok\/wp-json\/wp\/v2\/types\/post"}],"author":[{"embeddable":true,"href":"https:\/\/semmelweis.hu\/mediasarok\/wp-json\/wp\/v2\/users\/13"}],"replies":[{"embeddable":true,"href":"https:\/\/semmelweis.hu\/mediasarok\/wp-json\/wp\/v2\/comments?post=33485"}],"version-history":[{"count":3,"href":"https:\/\/semmelweis.hu\/mediasarok\/wp-json\/wp\/v2\/posts\/33485\/revisions"}],"predecessor-version":[{"id":93352,"href":"https:\/\/semmelweis.hu\/mediasarok\/wp-json\/wp\/v2\/posts\/33485\/revisions\/93352"}],"wp:featuredmedia":[{"embeddable":true,"href":"https:\/\/semmelweis.hu\/mediasarok\/wp-json\/wp\/v2\/media\/33490"}],"wp:attachment":[{"href":"https:\/\/semmelweis.hu\/mediasarok\/wp-json\/wp\/v2\/media?parent=33485"}],"wp:term":[{"taxonomy":"category","embeddable":true,"href":"https:\/\/semmelweis.hu\/mediasarok\/wp-json\/wp\/v2\/categories?post=33485"},{"taxonomy":"post_tag","embeddable":true,"href":"https:\/\/semmelweis.hu\/mediasarok\/wp-json\/wp\/v2\/tags?post=33485"}],"curies":[{"name":"wp","href":"https:\/\/api.w.org\/{rel}","templated":true}]}}