{"id":32888,"date":"2013-09-22T06:23:53","date_gmt":"2013-09-22T04:23:53","guid":{"rendered":"http:\/\/semmelweis-egyetem.hu\/mediasarok\/?p=32888"},"modified":"2024-05-28T08:40:29","modified_gmt":"2024-05-28T06:40:29","slug":"kozlemeny-24-oras-ingyenes-sziv-es-errendszeri-szurest-tartanak-a-kutatok-ejszakajanak-alkalmabol-a-semmelweis-egyetem","status":"publish","type":"post","link":"https:\/\/semmelweis.hu\/mediasarok\/2013\/09\/22\/kozlemeny-24-oras-ingyenes-sziv-es-errendszeri-szurest-tartanak-a-kutatok-ejszakajanak-alkalmabol-a-semmelweis-egyetem\/","title":{"rendered":"K\u00d6ZLEM\u00c9NY: 24 \u00f3r\u00e1s ingyenes sz\u00edv- \u00e9s \u00e9rrendszeri sz\u0171r\u00e9st tartanak a Kutat\u00f3k \u00c9jszak\u00e1j\u00e1nak alkalm\u00e1b\u00f3l a Semmelweis Egyetem"},"content":{"rendered":"<p>Magyarorsz\u00e1gon kb. 25 ezer ember szenved el sz\u00edvinfarktust \u00e9vente. <strong>Az \u00f6sszes magyar hal\u00e1loz\u00e1s fel\u00e9\u00e9rt a sz\u00edv- \u00e9s \u00e9rrendszeri betegs\u00e9gek felel\u0151sek.<\/strong> A sz\u00edvinfarktus hal\u00e1loz\u00e1si mutat\u00f3ja h\u00e1romszor magasabb, mint a Nyugat-Eur\u00f3pai orsz\u00e1gokban.<\/p>\n<p>A t\u00edz \u00e9ve m\u0171k\u00f6d\u0151 szervezett sz\u00edvinfarktus-ell\u00e1t\u00e1snak \u00e9s a korszer\u0171 gy\u00f3gyszeres kezel\u00e9snek k\u00f6sz\u00f6nhet\u0151en haz\u00e1nkban \u00e9vente kb. h\u00e9tezerrel cs\u00f6kkent, azaz megfelez\u0151d\u00f6tt az infarktushoz kapcsol\u00f3d\u00f3 hal\u00e1lesetek sz\u00e1ma az elm\u00falt 15 \u00e9v sor\u00e1n. A fenntarthat\u00f3 fejl\u0151d\u00e9s alapja a magas szint\u0171 k\u00f3rh\u00e1zi ell\u00e1t\u00e1s mellett a fokozott megel\u0151z\u0151 tev\u00e9kenys\u00e9g. A lakoss\u00e1g sz\u0171r\u00e9s\u00e9vel a magasabb kock\u00e1zat\u00fa betegek megfelel\u0151 orvosi kezel\u00e9se hamarabb megkezd\u0151dhet, a Semmelweis Egyetem kardiol\u00f3gusai ezzel a kamp\u00e1nnyal szeretn\u00e9k r\u00e1ir\u00e1ny\u00edtani a figyelmet a betegs\u00e9g kock\u00e1zataira.<\/p>\n<p><b>A sz\u0171r\u00e9sek a Kutat\u00f3k \u00c9jszak\u00e1j\u00e1nak napj\u00e1n, azaz szeptember 27-\u00e9n, p\u00e9nteken d\u00e9lut\u00e1n 14.00 \u00f3rakor kezd\u0151dnek a Semmelweis Egyetem V\u00e1rosmajori Sz\u00edv- \u00e9s \u00c9rgy\u00f3gy\u00e1szati Klinik\u00e1j\u00e1n, az ingyenes lehet\u0151s\u00e9g szombat 14 \u00f3r\u00e1ig v\u00e1rja az \u00e9rdekl\u0151d\u0151ket. <\/b><\/p>\n<p>Aki id\u0151ben regisztr\u00e1l a <a href=\"http:\/\/www.kardiologia.hu\/szures2013.php\">http:\/\/www.kardiologia.hu\/szures2013.php<\/a> webc\u00edmen, a megadott id\u0151pontban tal\u00e1lkozhat a kardiol\u00f3gussal, az \u00e1llapotfelm\u00e9r\u00e9s ut\u00e1n v\u00e9rv\u00e9tel k\u00f6vetkezik, majd terhel\u00e9ses EKG, amennyiben pedig akut helyzettel tal\u00e1lkoznak az orvosok, <a href=\"https:\/\/semmelweis.hu\/mediasarok\/2011\/02\/02\/uj-generacios-sziv-ct-kozlemeny\/\">az \u00faj gener\u00e1ci\u00f3s Sz\u00edv CT<\/a>-t is bevetik a betegek \u00e9rdek\u00e9ben. (Az \u00faj gener\u00e1ci\u00f3s m\u0171szer a sz\u00edv koszor\u00faereinek \u00e1llapotfelm\u00e9r\u00e9s\u00e9re alkalmazhat\u00f3 egyik leg\u00fajabb technol\u00f3gia<strong>, ami gyors, alacsony rizik\u00f3j\u00fa elj\u00e1r\u00e1s, ugyanakkor k\u00fcl\u00f6n\u00f6sen r\u00e9szletgazdag megold\u00e1st k\u00edn\u00e1l a diagn\u00f3zis fel\u00e1ll\u00edt\u00e1s\u00e1hoz<\/strong><b>.<\/b>)<\/p>\n<p><b>Interj\u00fa \u00e9s v\u00e1g\u00f3k\u00e9pez\u00e9si lehet\u0151s\u00e9g a klinik\u00e1n:<br \/>\n<\/b>Id\u0151pont: 2013. szeptember 22. vas\u00e1rnap C\u00edm: a Semmelweis Egyetem Ga\u00e1l J\u00f3zsef \u00fat 9-11. (V\u00e1rosmajor)<\/p>\n<p><b>Nyilatkoz\u00f3: Dr. Merkely B\u00e9la, a Semmelweis Egyetem professzora 20\/825-8036<\/b><\/p>\n<p>Id\u00e9n csaknem f\u00e9lsz\u00e1z helysz\u00ednen, minden eddigin\u00e9l t\u00f6bb \u00e9rdekes rendezv\u00e9nnyel v\u00e1rja a l\u00e1togat\u00f3kat a Semmelweis Egyetem az idei Kutat\u00f3k \u00e9jszak\u00e1j\u00e1n (let\u00f6lthet\u0151 programf\u00fczet):\u00a0<a href=\"https:\/\/semmelweis.hu\/hirek\/files\/2013\/09\/SE_Kutatok_Ejszakaja_programok_20130919.pdf\">https:\/\/semmelweis.hu\/hirek\/files\/2013\/09\/SE_Kutatok_Ejszakaja_programok_20130919.pdf<\/a><\/p>\n\r\n        [slb_exclude]\r\n        <div class=\"row galeria-wrapper mx-0 h-auto\">\r\n            <div class=\"col-9 pl-0 pr-2\">\r\n            <span class=\"gallery-item frame\">\r\n\t\t\t\t<div class=\"galeria-left-img\"><a href=\"https:\/\/semmelweis.hu\/mediasarok\/files\/2013\/09\/20120103-IMG_4914-web.jpg\"><img src=https:\/\/semmelweis.hu\/mediasarok\/files\/2013\/09\/20120103-IMG_4914-web.jpg  \r\n                            alt=\"\" \r\n                            class=\"attachment-sote-gallery-big size-sote-gallery-big\" \r\n                            srcset=\"https:\/\/semmelweis.hu\/mediasarok\/files\/2013\/09\/20120103-IMG_4914-web-300x218.jpg 300w, https:\/\/semmelweis.hu\/mediasarok\/files\/2013\/09\/20120103-IMG_4914-web-412x300.jpg 412w, https:\/\/semmelweis.hu\/mediasarok\/files\/2013\/09\/20120103-IMG_4914-web.jpg 900w\" ><\/a><\/div>\r\n            <\/span>\r\n\r\n            <\/div>\r\n\r\n\t\t\t<div class=\"col-3 pl-0 pr-0\">\r\n\t\t\t\t<div class=\"galeria-right-img d-flex justify-content-between flex-column h-100 w-100 px-0 mx-0 \">\r\n                <div class=\"galeria-box\">\r\n\t\t\t\t\t<h3 class=\"galeria-title\">Gal\u00e9ria<\/h3>\r\n\t\t\t\t\t<div class=\"galeria-subtitle\">\r\n\r\n\t\t\t\t\t\t<div class=\"galeria-page-counter\"><span>12<\/span>k\u00e9p<\/div>\r\n                    <\/div> <\/div>\r\n                    <span class=\"gallery-item frame d-none d-md-flex\">\r\n\t\t\t\t\t<div class=\"galeria-small-img mt-0\"><a href=\"https:\/\/semmelweis.hu\/mediasarok\/files\/2013\/09\/20120103-IMG_4935-web.jpg\"><img src=https:\/\/semmelweis.hu\/mediasarok\/files\/2013\/09\/20120103-IMG_4935-web.jpg \r\n                                alt=\"\"  \r\n                                class=\"attachment-sote-gallery-small size-sote-gallery-small\" \r\n                                srcset=\"https:\/\/semmelweis.hu\/mediasarok\/files\/2013\/09\/20120103-IMG_4935-web-300x200.jpg 300w, https:\/\/semmelweis.hu\/mediasarok\/files\/2013\/09\/20120103-IMG_4935-web-450x300.jpg 450w, https:\/\/semmelweis.hu\/mediasarok\/files\/2013\/09\/20120103-IMG_4935-web.jpg 900w\" ><\/a><\/div>\r\n                    <\/span>\r\n                    <span class=\"gallery-item frame d-none d-md-flex\">\r\n\t\t\t\t\t<div class=\"galeria-small-img mt-0\"><a href=\"https:\/\/semmelweis.hu\/mediasarok\/files\/2013\/09\/20120103-IMG_4948-web.jpg\"><img src=https:\/\/semmelweis.hu\/mediasarok\/files\/2013\/09\/20120103-IMG_4948-web.jpg \r\n                                alt=\"\" \r\n                                class=\"attachment-sote-gallery-small size-sote-gallery-small\" \r\n                                srcset=\"https:\/\/semmelweis.hu\/mediasarok\/files\/2013\/09\/20120103-IMG_4948-web-300x200.jpg 300w, https:\/\/semmelweis.hu\/mediasarok\/files\/2013\/09\/20120103-IMG_4948-web-450x300.jpg 450w, https:\/\/semmelweis.hu\/mediasarok\/files\/2013\/09\/20120103-IMG_4948-web.jpg 900w\" ><\/a><\/div>\r\n                    <\/span>\r\n\r\n                <\/div>\r\n\r\n            <\/div>\r\n\r\n            <span class=\"gallery-item\"><div class=\"hidden\"><a href=\"https:\/\/semmelweis.hu\/mediasarok\/files\/2013\/09\/20120103-IMG_4949-web.jpg\">\r\n        <img src=https:\/\/semmelweis.hu\/mediasarok\/files\/2013\/09\/20120103-IMG_4949-web.jpg alt=\"\" class=\"attachment-sote-gallery-big size-sote-gallery-big\" srcset=\"https:\/\/semmelweis.hu\/mediasarok\/files\/2013\/09\/20120103-IMG_4949-web-300x200.jpg 300w, https:\/\/semmelweis.hu\/mediasarok\/files\/2013\/09\/20120103-IMG_4949-web-450x300.jpg 450w, https:\/\/semmelweis.hu\/mediasarok\/files\/2013\/09\/20120103-IMG_4949-web.jpg 900w\" >\r\n        <\/a><\/div><\/span><span class=\"gallery-item\"><div class=\"hidden\"><a href=\"https:\/\/semmelweis.hu\/mediasarok\/files\/2013\/09\/20120103-IMG_4981-web.jpg\">\r\n        <img src=https:\/\/semmelweis.hu\/mediasarok\/files\/2013\/09\/20120103-IMG_4981-web.jpg alt=\"\" class=\"attachment-sote-gallery-big size-sote-gallery-big\" srcset=\"https:\/\/semmelweis.hu\/mediasarok\/files\/2013\/09\/20120103-IMG_4981-web-300x200.jpg 300w, https:\/\/semmelweis.hu\/mediasarok\/files\/2013\/09\/20120103-IMG_4981-web-450x300.jpg 450w, https:\/\/semmelweis.hu\/mediasarok\/files\/2013\/09\/20120103-IMG_4981-web.jpg 900w\" >\r\n        <\/a><\/div><\/span><span class=\"gallery-item\"><div class=\"hidden\"><a href=\"https:\/\/semmelweis.hu\/mediasarok\/files\/2013\/09\/20120103-IMG_4983-web.jpg\">\r\n        <img src=https:\/\/semmelweis.hu\/mediasarok\/files\/2013\/09\/20120103-IMG_4983-web.jpg alt=\"\" class=\"attachment-sote-gallery-big size-sote-gallery-big\" srcset=\"https:\/\/semmelweis.hu\/mediasarok\/files\/2013\/09\/20120103-IMG_4983-web-232x300.jpg 232w, https:\/\/semmelweis.hu\/mediasarok\/files\/2013\/09\/20120103-IMG_4983-web.jpg 697w\" >\r\n        <\/a><\/div><\/span><span class=\"gallery-item\"><div class=\"hidden\"><a href=\"https:\/\/semmelweis.hu\/mediasarok\/files\/2013\/09\/20120103-IMG_4986-web.jpg\">\r\n        <img src=https:\/\/semmelweis.hu\/mediasarok\/files\/2013\/09\/20120103-IMG_4986-web.jpg alt=\"\" class=\"attachment-sote-gallery-big size-sote-gallery-big\" srcset=\"https:\/\/semmelweis.hu\/mediasarok\/files\/2013\/09\/20120103-IMG_4986-web-300x200.jpg 300w, https:\/\/semmelweis.hu\/mediasarok\/files\/2013\/09\/20120103-IMG_4986-web-450x300.jpg 450w, https:\/\/semmelweis.hu\/mediasarok\/files\/2013\/09\/20120103-IMG_4986-web.jpg 900w\" >\r\n        <\/a><\/div><\/span><span class=\"gallery-item\"><div class=\"hidden\"><a href=\"https:\/\/semmelweis.hu\/mediasarok\/files\/2013\/09\/20120103-IMG_4987-web.jpg\">\r\n        <img src=https:\/\/semmelweis.hu\/mediasarok\/files\/2013\/09\/20120103-IMG_4987-web.jpg alt=\"\" class=\"attachment-sote-gallery-big size-sote-gallery-big\" srcset=\"https:\/\/semmelweis.hu\/mediasarok\/files\/2013\/09\/20120103-IMG_4987-web-300x200.jpg 300w, https:\/\/semmelweis.hu\/mediasarok\/files\/2013\/09\/20120103-IMG_4987-web-450x300.jpg 450w, https:\/\/semmelweis.hu\/mediasarok\/files\/2013\/09\/20120103-IMG_4987-web.jpg 900w\" >\r\n        <\/a><\/div><\/span><span class=\"gallery-item\"><div class=\"hidden\"><a href=\"https:\/\/semmelweis.hu\/mediasarok\/files\/2013\/09\/20120103-IMG_4992-web.jpg\">\r\n        <img src=https:\/\/semmelweis.hu\/mediasarok\/files\/2013\/09\/20120103-IMG_4992-web.jpg alt=\"\" class=\"attachment-sote-gallery-big size-sote-gallery-big\" srcset=\"https:\/\/semmelweis.hu\/mediasarok\/files\/2013\/09\/20120103-IMG_4992-web-300x200.jpg 300w, https:\/\/semmelweis.hu\/mediasarok\/files\/2013\/09\/20120103-IMG_4992-web-450x300.jpg 450w, https:\/\/semmelweis.hu\/mediasarok\/files\/2013\/09\/20120103-IMG_4992-web.jpg 900w\" >\r\n        <\/a><\/div><\/span><span class=\"gallery-item\"><div class=\"hidden\"><a href=\"https:\/\/semmelweis.hu\/mediasarok\/files\/2013\/09\/20120103-IMG_4997-web.jpg\">\r\n        <img src=https:\/\/semmelweis.hu\/mediasarok\/files\/2013\/09\/20120103-IMG_4997-web.jpg alt=\"\" class=\"attachment-sote-gallery-big size-sote-gallery-big\" srcset=\"https:\/\/semmelweis.hu\/mediasarok\/files\/2013\/09\/20120103-IMG_4997-web-226x300.jpg 226w, https:\/\/semmelweis.hu\/mediasarok\/files\/2013\/09\/20120103-IMG_4997-web.jpg 679w\" >\r\n        <\/a><\/div><\/span><span class=\"gallery-item\"><div class=\"hidden\"><a href=\"https:\/\/semmelweis.hu\/mediasarok\/files\/2013\/09\/20120113-IMG_6977-web.jpg\">\r\n        <img src=https:\/\/semmelweis.hu\/mediasarok\/files\/2013\/09\/20120113-IMG_6977-web.jpg alt=\"Dr. Merkely B\u00e9la\" class=\"attachment-sote-gallery-big size-sote-gallery-big\" srcset=\"https:\/\/semmelweis.hu\/mediasarok\/files\/2013\/09\/20120113-IMG_6977-web-200x300.jpg 200w, https:\/\/semmelweis.hu\/mediasarok\/files\/2013\/09\/20120113-IMG_6977-web.jpg 600w\" >\r\n        <\/a><\/div><\/span><span class=\"gallery-item\"><div class=\"hidden\"><a href=\"https:\/\/semmelweis.hu\/mediasarok\/files\/2013\/09\/20110624-IMG_1488-web.jpg\">\r\n        <img src=https:\/\/semmelweis.hu\/mediasarok\/files\/2013\/09\/20110624-IMG_1488-web.jpg alt=\"\" class=\"attachment-sote-gallery-big size-sote-gallery-big\" srcset=\"https:\/\/semmelweis.hu\/mediasarok\/files\/2013\/09\/20110624-IMG_1488-web-300x185.jpg 300w, https:\/\/semmelweis.hu\/mediasarok\/files\/2013\/09\/20110624-IMG_1488-web-486x300.jpg 486w, https:\/\/semmelweis.hu\/mediasarok\/files\/2013\/09\/20110624-IMG_1488-web.jpg 900w\" >\r\n        <\/a><\/div><\/span>\r\n            <\/div>\r\n\r\n            [\/slb_exclude]\r\n\t\n","protected":false},"excerpt":{"rendered":"<p>Magyarorsz\u00e1gon kb. 25 ezer ember szenved el sz\u00edvinfarktust \u00e9vente. Az \u00f6sszes magyar hal\u00e1loz\u00e1s fel\u00e9\u00e9rt a sz\u00edv- \u00e9s \u00e9rrendszeri betegs\u00e9gek felel\u0151sek. A sz\u00edvinfarktus hal\u00e1loz\u00e1si mutat\u00f3ja h\u00e1romszor magasabb, mint a Nyugat-Eur\u00f3pai orsz\u00e1gokban. A t\u00edz \u00e9ve m\u0171k\u00f6d\u0151 szervezett sz\u00edvinfarktus-ell\u00e1t\u00e1snak \u00e9s a korszer\u0171 gy\u00f3gyszeres kezel\u00e9snek k\u00f6sz\u00f6nhet\u0151en haz\u00e1nkban \u00e9vente kb. h\u00e9tezerrel cs\u00f6kkent, azaz megfelez\u0151d\u00f6tt az infarktushoz kapcsol\u00f3d\u00f3 hal\u00e1lesetek sz\u00e1ma az &hellip;<\/p>\n","protected":false},"author":155,"featured_media":32890,"comment_status":"open","ping_status":"open","sticky":false,"template":"","format":"standard","meta":{"_acf_changed":false,"footnotes":""},"categories":[5],"tags":[734],"class_list":["post-32888","post","type-post","status-publish","format-standard","has-post-thumbnail","hentry","category-cikkek","tag-kozlemeny"],"acf":[],"_links":{"self":[{"href":"https:\/\/semmelweis.hu\/mediasarok\/wp-json\/wp\/v2\/posts\/32888","targetHints":{"allow":["GET"]}}],"collection":[{"href":"https:\/\/semmelweis.hu\/mediasarok\/wp-json\/wp\/v2\/posts"}],"about":[{"href":"https:\/\/semmelweis.hu\/mediasarok\/wp-json\/wp\/v2\/types\/post"}],"author":[{"embeddable":true,"href":"https:\/\/semmelweis.hu\/mediasarok\/wp-json\/wp\/v2\/users\/155"}],"replies":[{"embeddable":true,"href":"https:\/\/semmelweis.hu\/mediasarok\/wp-json\/wp\/v2\/comments?post=32888"}],"version-history":[{"count":4,"href":"https:\/\/semmelweis.hu\/mediasarok\/wp-json\/wp\/v2\/posts\/32888\/revisions"}],"predecessor-version":[{"id":93357,"href":"https:\/\/semmelweis.hu\/mediasarok\/wp-json\/wp\/v2\/posts\/32888\/revisions\/93357"}],"wp:featuredmedia":[{"embeddable":true,"href":"https:\/\/semmelweis.hu\/mediasarok\/wp-json\/wp\/v2\/media\/32890"}],"wp:attachment":[{"href":"https:\/\/semmelweis.hu\/mediasarok\/wp-json\/wp\/v2\/media?parent=32888"}],"wp:term":[{"taxonomy":"category","embeddable":true,"href":"https:\/\/semmelweis.hu\/mediasarok\/wp-json\/wp\/v2\/categories?post=32888"},{"taxonomy":"post_tag","embeddable":true,"href":"https:\/\/semmelweis.hu\/mediasarok\/wp-json\/wp\/v2\/tags?post=32888"}],"curies":[{"name":"wp","href":"https:\/\/api.w.org\/{rel}","templated":true}]}}