{"id":30700,"date":"2013-07-18T14:56:08","date_gmt":"2013-07-18T12:56:08","guid":{"rendered":"http:\/\/semmelweis-egyetem.hu\/mediasarok\/?p=30700"},"modified":"2019-05-27T11:45:45","modified_gmt":"2019-05-27T09:45:45","slug":"a-semmelweis-egyetem-gratual-az-onkokes-nemzetkozi-sikerehez","status":"publish","type":"post","link":"https:\/\/semmelweis.hu\/mediasarok\/2013\/07\/18\/a-semmelweis-egyetem-gratual-az-onkokes-nemzetkozi-sikerehez\/","title":{"rendered":"A Semmelweis Egyetem gratu\u00e1l az onkok\u00e9s nemzetk\u00f6zi siker\u00e9hez!"},"content":{"rendered":"<p>A Semmelweis Egyetem gratul\u00e1l kor\u00e1bbi kutat\u00f3j\u00e1nak,\u00a0 Dr. Tak\u00e1ts Zolt\u00e1nnak, az onkok\u00e9s feltal\u00e1l\u00f3j\u00e1nak nemzetk\u00f6zi siker\u00e9hez!<br \/>\nAz onkok\u00e9s kifejleszt\u00e9se \u00e9s az ehhez kapcsol\u00f3d\u00f3 alapkutat\u00e1s a Semmelweis Egyetemhez k\u00f6t\u0151dik, 2011-t\u0151l daganatos kuty\u00e1kon tesztelt\u00e9k a speci\u00e1lis szik\u00e9t.\u00a0 A kutat\u00e1sokhoz az egyetem a <a href=\"https:\/\/semmelweis.hu\/hirek\/2011\/07\/11\/mutoben-az-intelligens-onko-kes\">kutat\u00f3egyetemi projekt<\/a> keret\u00e9ben j\u00e1rult hozz\u00e1. A technol\u00f3gi\u00e1t a Semmelweis Egyetem I. Sz. Seb\u00e9szeti Klinik\u00e1j\u00e1n, illetve a Debreceni Egyetem Seb\u00e9szeti Int\u00e9zet\u00e9ben tesztelt\u00e9k \u00e9s \u201etan\u00edtott\u00e1k\u201d, azaz a sz\u00f6vetazonos\u00edt\u00e1shoz haszn\u00e1lt adatb\u00e1zist t\u00f6lt\u00f6tt\u00e9k fel a m\u0171t\u00e9tek sor\u00e1n felvett adatokkal.<\/p>\n<p>Sajn\u00e1latos, hogy Magyarorsz\u00e1gon nem \u00e1llt rendelkez\u00e9sre el\u00e9g forr\u00e1s ahhoz, hogy innen induljon vil\u00e1gh\u00f3d\u00edt\u00f3 \u00fatj\u00e1ra az <a href=\"https:\/\/semmelweis.hu\/mediasarok\/2011\/11\/15\/biologiai-szovetazonositas-intelligens-muteti-vagoeszkoz-onkokes\/\">intelligens seb\u00e9szk\u00e9s<\/a>.<\/p>\n","protected":false},"excerpt":{"rendered":"<p>A Semmelweis Egyetem gratul\u00e1l kor\u00e1bbi kutat\u00f3j\u00e1nak,\u00a0 Dr. Tak\u00e1ts Zolt\u00e1nnak, az onkok\u00e9s feltal\u00e1l\u00f3j\u00e1nak nemzetk\u00f6zi siker\u00e9hez! Az onkok\u00e9s kifejleszt\u00e9se \u00e9s az ehhez kapcsol\u00f3d\u00f3 alapkutat\u00e1s a Semmelweis Egyetemhez k\u00f6t\u0151dik, 2011-t\u0151l daganatos kuty\u00e1kon tesztelt\u00e9k a speci\u00e1lis szik\u00e9t.\u00a0 A kutat\u00e1sokhoz az egyetem a <a href=\"https:\/\/semmelweis.hu\/hirek\/2011\/07\/11\/mutoben-az-intelligens-onko-kes\">kutat\u00f3egyetemi projekt<\/a> keret\u00e9ben j\u00e1rult hozz\u00e1. A technol\u00f3gi\u00e1t a Semmelweis Egyetem I. Sz. Seb\u00e9szeti Klinik\u00e1j\u00e1n, illetve a Debreceni Egyetem Seb\u00e9szeti &hellip;<\/p>\n","protected":false},"author":11,"featured_media":30701,"comment_status":"open","ping_status":"open","sticky":false,"template":"","format":"standard","meta":{"_acf_changed":false,"footnotes":""},"categories":[5],"tags":[734],"class_list":["post-30700","post","type-post","status-publish","format-standard","has-post-thumbnail","hentry","category-cikkek","tag-kozlemeny"],"acf":[],"_links":{"self":[{"href":"https:\/\/semmelweis.hu\/mediasarok\/wp-json\/wp\/v2\/posts\/30700","targetHints":{"allow":["GET"]}}],"collection":[{"href":"https:\/\/semmelweis.hu\/mediasarok\/wp-json\/wp\/v2\/posts"}],"about":[{"href":"https:\/\/semmelweis.hu\/mediasarok\/wp-json\/wp\/v2\/types\/post"}],"author":[{"embeddable":true,"href":"https:\/\/semmelweis.hu\/mediasarok\/wp-json\/wp\/v2\/users\/11"}],"replies":[{"embeddable":true,"href":"https:\/\/semmelweis.hu\/mediasarok\/wp-json\/wp\/v2\/comments?post=30700"}],"version-history":[{"count":4,"href":"https:\/\/semmelweis.hu\/mediasarok\/wp-json\/wp\/v2\/posts\/30700\/revisions"}],"predecessor-version":[{"id":93374,"href":"https:\/\/semmelweis.hu\/mediasarok\/wp-json\/wp\/v2\/posts\/30700\/revisions\/93374"}],"wp:featuredmedia":[{"embeddable":true,"href":"https:\/\/semmelweis.hu\/mediasarok\/wp-json\/wp\/v2\/media\/30701"}],"wp:attachment":[{"href":"https:\/\/semmelweis.hu\/mediasarok\/wp-json\/wp\/v2\/media?parent=30700"}],"wp:term":[{"taxonomy":"category","embeddable":true,"href":"https:\/\/semmelweis.hu\/mediasarok\/wp-json\/wp\/v2\/categories?post=30700"},{"taxonomy":"post_tag","embeddable":true,"href":"https:\/\/semmelweis.hu\/mediasarok\/wp-json\/wp\/v2\/tags?post=30700"}],"curies":[{"name":"wp","href":"https:\/\/api.w.org\/{rel}","templated":true}]}}