{"id":30576,"date":"2013-07-17T09:25:12","date_gmt":"2013-07-17T07:25:12","guid":{"rendered":"http:\/\/semmelweis-egyetem.hu\/mediasarok\/?p=30576"},"modified":"2025-10-30T11:10:24","modified_gmt":"2025-10-30T10:10:24","slug":"biztonsagosabba-valik-az-ikerterhesseget-kihordo-edesanyak-varandossaga","status":"publish","type":"post","link":"https:\/\/semmelweis.hu\/mediasarok\/2013\/07\/17\/biztonsagosabba-valik-az-ikerterhesseget-kihordo-edesanyak-varandossaga\/","title":{"rendered":"Biztons\u00e1gosabb\u00e1 v\u00e1lik az ikerterhess\u00e9get kihord\u00f3 \u00e9desany\u00e1k v\u00e1rand\u00f3ss\u00e1ga"},"content":{"rendered":"<p align=\"center\"><b>Szoci\u00e1lis \u00e9s Csal\u00e1d\u00fcgy\u00e9rt Felel\u0151s \u00c1llamtitk\u00e1rs\u00e1g<\/b><\/p>\n<p align=\"center\">\u00a0<b>SAJT\u00d3MEGH\u00cdV\u00d3<\/b><\/p>\n<p align=\"center\"><b>\u00a0Biztons\u00e1gosabb\u00e1 v\u00e1lik az ikerterhess\u00e9get kihord\u00f3 \u00e9desany\u00e1k v\u00e1rand\u00f3ss\u00e1ga<\/b><\/p>\n<p>&nbsp;<\/p>\n<p>Az Emberi Er\u0151forr\u00e1sok Miniszt\u00e9riuma Szoci\u00e1lis \u00e9s Csal\u00e1d\u00fcgy\u00e9rt Felel\u0151s \u00c1llamtitk\u00e1rs\u00e1ga 5 milli\u00f3 forinttal t\u00e1mogatta a Korszer\u0171 Sz\u00fcl\u00e9szet\u00e9rt \u00e9s N\u0151gy\u00f3gy\u00e1szat\u00e9rt Alap\u00edtv\u00e1nyt. Ebb\u0151l a Semmelweis Egyetem I. sz\u00e1m\u00fa Sz\u00fcl\u00e9szeti \u00e9s N\u0151gy\u00f3gy\u00e1szati Klinika sz\u00e1m\u00e1ra egy olyan \u00fagynevezett CTG k\u00e9sz\u00fcl\u00e9ket szereztek be, amely ikerterhess\u00e9g eset\u00e9n mindk\u00e9t magzat sz\u00edvhangj\u00e1t egyszerre k\u00e9pes \u00e9szlelni. A legt\u00f6bb h\u00e1tr\u00e1nyos helyzet\u0171 kismam\u00e1t ell\u00e1t\u00f3 k\u00f3rh\u00e1z eszk\u00f6zbeszerz\u00e9s\u00e9r\u0151l \u00e9s egy\u00e9b fejleszt\u00e9s\u00e9r\u0151l sajt\u00f3t\u00e1j\u00e9koztat\u00f3t tart <b>Solt\u00e9sz Mikl\u00f3s<\/b> szoci\u00e1lis \u00e9s csal\u00e1d\u00fcgy\u00e9rt felel\u0151s \u00e1llamtitk\u00e1r, <b>Dr. G\u00e1l J\u00e1nos<\/b>, a Semmelweis Egyetem klinikai ell\u00e1t\u00e1s\u00e1\u00e9rt is felel\u0151s \u00e1ltal\u00e1nos rektorhelyettese, <b>Dr. Rig\u00f3 J\u00e1nos<\/b>, a Sz\u00fcl\u00e9szeti \u00e9s N\u0151gy\u00f3gy\u00e1szati Klinika igazgat\u00f3ja.<\/p>\n<p><b>Id\u0151pont<\/b>: 2013. j\u00falius 17. (szerda) 11:30<\/p>\n<p><b>Helysz\u00edn<\/b>: 1085 Budapest, Baross u. 27.<\/p>\n<p>Tov\u00e1bbi inform\u00e1ci\u00f3k: Briski Barbara 30\/906-1120 <a href=\"mailto:barbara.briski@emmi.gov.hu\">barbara.briski@emmi.gov.hu<\/a><\/p>\n<p>&nbsp;<\/p>\n<table border=\"0\" cellspacing=\"0\" cellpadding=\"0\">\n<tbody>\n<tr>\n<td valign=\"top\" width=\"144\">\u00a0<\/td>\n<td valign=\"top\" width=\"475\"><b>Szoci\u00e1lis \u00e9s Csal\u00e1d\u00fcgy\u00e9rt Felel\u0151s \u00c1llamtitk\u00e1rs\u00e1g <\/b>H-1054 Budapest, Akad\u00e9mia u. 3.Telefon: +36 (1) 795 1235E-mail:\u00a0\u00a0\u00a0 <a href=\"mailto:sajto@emmi.gov.hu\">sajto@emmi.gov.hu<\/a>Web:\u00a0\u00a0\u00a0\u00a0\u00a0 <a href=\"http:\/\/www.kim.gov.hu\/\">www.kormany.hu<\/a><\/td>\n<\/tr>\n<\/tbody>\n<\/table>\n","protected":false},"excerpt":{"rendered":"<p>Szoci\u00e1lis \u00e9s Csal\u00e1d\u00fcgy\u00e9rt Felel\u0151s \u00c1llamtitk\u00e1rs\u00e1g \u00a0SAJT\u00d3MEGH\u00cdV\u00d3 \u00a0Biztons\u00e1gosabb\u00e1 v\u00e1lik az ikerterhess\u00e9get kihord\u00f3 \u00e9desany\u00e1k v\u00e1rand\u00f3ss\u00e1ga &nbsp; Az Emberi Er\u0151forr\u00e1sok Miniszt\u00e9riuma Szoci\u00e1lis \u00e9s Csal\u00e1d\u00fcgy\u00e9rt Felel\u0151s \u00c1llamtitk\u00e1rs\u00e1ga 5 milli\u00f3 forinttal t\u00e1mogatta a Korszer\u0171 Sz\u00fcl\u00e9szet\u00e9rt \u00e9s N\u0151gy\u00f3gy\u00e1szat\u00e9rt Alap\u00edtv\u00e1nyt. Ebb\u0151l a Semmelweis Egyetem I. sz\u00e1m\u00fa Sz\u00fcl\u00e9szeti \u00e9s N\u0151gy\u00f3gy\u00e1szati Klinika sz\u00e1m\u00e1ra egy olyan \u00fagynevezett CTG k\u00e9sz\u00fcl\u00e9ket szereztek be, amely ikerterhess\u00e9g eset\u00e9n mindk\u00e9t &hellip;<\/p>\n","protected":false},"author":11,"featured_media":0,"comment_status":"open","ping_status":"open","sticky":false,"template":"","format":"standard","meta":{"_acf_changed":false,"footnotes":""},"categories":[5,11],"tags":[733],"class_list":["post-30576","post","type-post","status-publish","format-standard","hentry","category-cikkek","category-sajtomeghivo","tag-meghivo"],"acf":[],"_links":{"self":[{"href":"https:\/\/semmelweis.hu\/mediasarok\/wp-json\/wp\/v2\/posts\/30576","targetHints":{"allow":["GET"]}}],"collection":[{"href":"https:\/\/semmelweis.hu\/mediasarok\/wp-json\/wp\/v2\/posts"}],"about":[{"href":"https:\/\/semmelweis.hu\/mediasarok\/wp-json\/wp\/v2\/types\/post"}],"author":[{"embeddable":true,"href":"https:\/\/semmelweis.hu\/mediasarok\/wp-json\/wp\/v2\/users\/11"}],"replies":[{"embeddable":true,"href":"https:\/\/semmelweis.hu\/mediasarok\/wp-json\/wp\/v2\/comments?post=30576"}],"version-history":[{"count":6,"href":"https:\/\/semmelweis.hu\/mediasarok\/wp-json\/wp\/v2\/posts\/30576\/revisions"}],"predecessor-version":[{"id":93406,"href":"https:\/\/semmelweis.hu\/mediasarok\/wp-json\/wp\/v2\/posts\/30576\/revisions\/93406"}],"wp:attachment":[{"href":"https:\/\/semmelweis.hu\/mediasarok\/wp-json\/wp\/v2\/media?parent=30576"}],"wp:term":[{"taxonomy":"category","embeddable":true,"href":"https:\/\/semmelweis.hu\/mediasarok\/wp-json\/wp\/v2\/categories?post=30576"},{"taxonomy":"post_tag","embeddable":true,"href":"https:\/\/semmelweis.hu\/mediasarok\/wp-json\/wp\/v2\/tags?post=30576"}],"curies":[{"name":"wp","href":"https:\/\/api.w.org\/{rel}","templated":true}]}}