{"id":26532,"date":"2003-11-20T11:47:57","date_gmt":"2003-11-20T10:47:57","guid":{"rendered":"http:\/\/semmelweis-egyetem.hu\/mediasarok\/?p=26532"},"modified":"2019-05-29T12:59:07","modified_gmt":"2019-05-29T10:59:07","slug":"175-ev-az-egeszsegugy-szolgalataban","status":"publish","type":"post","link":"https:\/\/semmelweis.hu\/mediasarok\/2003\/11\/20\/175-ev-az-egeszsegugy-szolgalataban\/","title":{"rendered":"175 \u00e9v az eg\u00e9szs\u00e9g\u00fcgy szolg\u00e1lat\u00e1ban"},"content":{"rendered":"<p>175 \u00e9v az eg\u00e9szs\u00e9g\u00fcgy szolg\u00e1lat\u00e1ban, Sajt\u00f3k\u00f6zlem\u00e9ny<\/p>\n<div>\n<p>Semmelweis Egyetem, Rektori Sajt\u00f3t\u00e1j\u00e9koztat\u00f3, 2003. november 20.<\/p>\n<p>Sajt\u00f3 h\u00e1tt\u00e9ranyag<\/p>\n<p><strong>&#8211; 175 \u00e9ves a Semmelweis Egyetem K\u00f6zponti K\u00f6nyvt\u00e1ra &#8211;<\/strong><\/p>\n<p><strong>A sajt\u00f3t\u00e1j\u00e9koztat\u00f3 r\u00e9sztvev\u0151i:<\/strong><\/p>\n<p>Prof. Dr. Tulassay Tivadar, a Semmelweis Egyetem rektora<br \/>\nDr. Vasas L\u00edvia, a Semmelweis Egyetem K\u00f6zponti K\u00f6nyvt\u00e1r\u00e1nak F\u0151igazgat\u00f3ja<\/p>\n<p>&nbsp;<\/p>\n<p><strong>A Semmelweis Egyetem strat\u00e9giai c\u00e9lja: piacvezet\u0151 tud\u00e1sk\u00f6zpont<\/strong><\/p>\n<p>A Semmelweis Egyetem,\u00a0<strong>2003 \u0151sz\u00e9n 235. akad\u00e9miai \u00e9v\u00e9t<\/strong>\u00a0kezdte meg. A nagyh\u00edr\u0171 egyetem, amely az elm\u00falt \u00e9vek integr\u00e1ci\u00f3s tev\u00e9kenys\u00e9g\u00e9nek eredm\u00e9nyek\u00e9ppen szakegyetemm\u00e9 alakult\u00a0<strong>a t\u00e9rs\u00e9g egyik legr\u00e9gebbi, t\u00f6bb sz\u00e1z \u00e9ves hagyom\u00e1nyokkal rendelkez\u0151 int\u00e9zm\u00e9nye, mely Nyugat Eur\u00f3p\u00e1ban \u00e9s az Egyes\u00fclt \u00c1llamokban is jelent\u0151s ismerts\u00e9ggel \u00e9s pozit\u00edv im\u00e1zzsal rendelkezik.<\/strong>\u00a0Saj\u00e1tos m\u00f3don ez a vil\u00e1gszerte kialakult elfogadotts\u00e1g \u00e9s \u00e9rt\u00e9kel\u00e9s a hazai k\u00f6zv\u00e9lem\u00e9nyben nem t\u00fckr\u00f6z\u0151dik.\u00a0<strong>A Semmelweis Egyetem fontosnak tartja, hogy a magyar k\u00f6zv\u00e9lem\u00e9ny is megismerje \u00e9s megfelel\u0151en \u00e9rt\u00e9kelje azt az egyetemet, amely a magyar \u00e9rtelmis\u00e9gi l\u00e9t egyik fontos sz\u00edntere, az \u00e9rtelmis\u00e9giv\u00e9 v\u00e1l\u00e1s egyik fontos iskol\u00e1ja<\/strong>. Az Eur\u00f3pai Uni\u00f3ban j\u00f3l megfigyelhet\u0151 az egyetemek k\u00f6r\u00e9 szervez\u0151d\u0151 \u00e9rtelmis\u00e9gi k\u00f6rnyezetek t\u00e1rsadalmi, politikai, \u00e9s gazdas\u00e1gi \u00e9letben j\u00e1tszott szerep\u00e9nek jelent\u0151s f\u00f6l\u00e9rt\u00e9kel\u0151d\u00e9se. Magyarorsz\u00e1g sz\u00e1m\u00e1ra is k\u00e9zzelfoghat\u00f3 el\u0151ny\u00f6kkel j\u00e1rhat a Semmelweis Egyetem t\u00e1rsadalom \u00e9s gazdas\u00e1g form\u00e1l\u00f3 erej\u00e9nek megfelel\u0151 felhaszn\u00e1l\u00e1sa az Eur\u00f3pai Uni\u00f3s csatlakoz\u00e1sunk idej\u00e9n.<\/p>\n<p><strong>A Semmelweis Egyetem strat\u00e9giai c\u00e9lja, hogy a 21. sz\u00e1zad elej\u00e9n, mindh\u00e1rom legfontosabb funkci\u00f3j\u00e1t, az oktat\u00e1si tev\u00e9kenys\u00e9get, kutat\u00e1st, \u00e9s betegell\u00e1t\u00e1st tekintve is a t\u00e9rs\u00e9g piacvezet\u0151 tud\u00e1sk\u00f6zpontj\u00e1v\u00e1 v\u00e1ljon.<\/strong><br \/>\n<strong>Int\u00e9zm\u00e9nyfejleszt\u00e9si tervek. Az \u00faj Oktat\u00e1si K\u00f6zpont<\/strong><br \/>\nA k\u00f6lts\u00e9ghat\u00e9kony gazd\u00e1lkod\u00e1s szempontj\u00e1b\u00f3l kiemelked\u0151 jelent\u0151s\u00e9g\u0171, a Semmelweis Egyetem\u00a0<strong>jelenleg ter\u00fcletileg sz\u00e9tsz\u00f3rtan elhelyezked\u0151 egys\u00e9geiben foly\u00f3 oktat\u00f3i, kutat\u00e1si \u00e9s gy\u00f3gy\u00edt\u00f3 tev\u00e9kenys\u00e9gek \u00e9sszer\u0171 centraliz\u00e1ci\u00f3ja.<\/strong>\u00a0Az int\u00e9zm\u00e9nyfejleszt\u00e9s egyik fontos c\u00e9lja az ingatlan portfoli\u00f3 megfelel\u0151 menedzsel\u00e9se, melynek sor\u00e1n ingatlanok szabadulhatnak fel \u00e9s az \u00e9rt\u00e9kes\u00edt\u00e9sek sor\u00e1n befoly\u00f3 p\u00e9nzek int\u00e9zm\u00e9nyi fejleszt\u00e9sre \u00e9s rekonstrukci\u00f3ra haszn\u00e1lhat\u00f3ak.\u00a0<strong>Az int\u00e9zm\u00e9nyfejleszt\u00e9si tervek k\u00f6z\u00f6tt szerepel egy \u00faj Oktat\u00e1si K\u00f6zpont fel\u00e9p\u00edt\u00e9se is, melyben modern k\u00f6nyvt\u00e1ri funkci\u00f3k is helyet kapnak majd.<\/strong><br \/>\n<strong>A leend\u0151 Oktat\u00e1s K\u00f6zpont,<\/strong>\u00a0a IX. ker\u00fclettel t\u00f6rt\u00e9nt meg\u00e1llapod\u00e1s eredm\u00e9nyek\u00e9ppen az Anat\u00f3miai Int\u00e9zetek t\u0151szomsz\u00e9ds\u00e1g\u00e1ban,\u00a0<strong>a T\u0171zolt\u00f3 utc\u00e1ban, azon a mintegy 8000 n\u00e9gyzetm\u00e9teres ter\u00fcleten \u00e9p\u00fcl majd fel, melyet eredetileg a Corvin Egyetemnek sz\u00e1ntak.<\/strong>\u00a0Az \u00e9p\u00edt\u00e9si ter\u00fcletet a jelenleg az egyetem kezel\u00e9s\u00e9ben l\u00e9v\u0151 Markusovszky t\u00e9r\u00e9rt kapja a SE cser\u00e9be. A tervek szerint az Oktat\u00e1si K\u00f6zpontban a kis \u00e9s nagy oktat\u00f3 termek \u00e9s oktat\u00f3laborok mellett helyet kapnak a Puskin utcai t\u00f6mb int\u00e9zetei \u00e9s a K\u00eds\u00e9rleti Kutat\u00f3 \u00e9s Hum\u00e1n\u00e9lettani Int\u00e9zet, a Nyelvi Lektor\u00e1tus \u00e9s az Informatikai K\u00f6zpont valamint egy korszer\u0171, els\u0151sorban elektronikus k\u00f6nyvt\u00e1r \u00e9s itt nyerne elhelyez\u00e9st a Gy\u00f3gyszer\u00e9sztudom\u00e1nyi Kar is.<br \/>\nAz anyagi forr\u00e1sokat tekintve\u00a0<strong>az egyetem f\u0151 t\u00e1mogat\u00f3ja az oktat\u00e1si t\u00e1rca<\/strong>, az egyetem ugyanakkor sz\u00e1m\u00edt\u00a0<strong>az eg\u00e9szs\u00e9g\u00fcgyi t\u00e1rca<\/strong>\u00a0seg\u00edts\u00e9g\u00e9re is, mivel az Oktat\u00e1si K\u00f6zpontban sz\u00e1mos olyan aktivit\u00e1s kap helyet, amely a szakk\u00e9pz\u00e9st \u00e9s tov\u00e1bbk\u00e9pz\u00e9st seg\u00edti. A m\u00e1sik forr\u00e1st az egyetem -els\u0151sorban az\u00a0<strong>ingatlan elad\u00e1sb\u00f3l sz\u00e1rmaz\u00f3- saj\u00e1t bev\u00e9telei<\/strong>jelentik. Harmadikk\u00e9nt\u00a0<strong>komoly lehet\u0151s\u00e9g a mag\u00e1nt\u0151ke bevon\u00e1sa, amely az \u00faj egyetemi koll\u00e9giumok megval\u00f3s\u00edt\u00e1s\u00e1ban is komoly szerepet j\u00e1tszhat.<\/strong>\u00a0A Semmelweis Egyetem mintegy\u00a0<strong>10.000 f\u0151s dolgoz\u00f3i \u00e9s 8.900 f\u0151s hallgat\u00f3i l\u00e9tsz\u00e1m\u00e1val jelent\u0151s gazdas\u00e1gi t\u00e9nyez\u0151t jelenthet a k\u00f6rnyez\u0151 ker\u00fcletek \u00e9s az eg\u00e9sz f\u0151v\u00e1ros sz\u00e1m\u00e1ra.<\/strong>\u00a0A t\u00f6bb f\u00e1zis\u00fa tervez\u00e9si szakaszt k\u00f6vet\u0151en,\u00a0<strong>optim\u00e1lis esetben 2005-ben indulhat meg a t\u00e9nyleges \u00e9p\u00edtkez\u00e9s.<\/strong>\u00a0Az Eur\u00f3pai Uni\u00f3hoz t\u00f6rt\u00e9n\u0151 csatlakoz\u00e1st k\u00f6vet\u0151en az \u00faj Oktat\u00e1si K\u00f6zpont fel\u00e9p\u00edt\u00e9se \u00e9s m\u0171k\u00f6dtet\u00e9se a Semmelweis Egyetem versenyk\u00e9pess\u00e9g\u00e9nek elengedhetetlen felt\u00e9tele lesz.<\/p>\n<p><span style=\"text-decoration: underline\" data-mce-mark=\"1\"><strong>A K\u00f6nyvt\u00e1r t\u00f6rt\u00e9nete:<\/strong><\/span><\/p>\n<p>A Semmelweis Egyetem K\u00f6zponti K\u00f6nyvt\u00e1ra\u00a0<strong>az orsz\u00e1g legnagyobb \u00e9s legr\u00e9gibb alap\u00edt\u00e1s\u00fa orvosi k\u00f6nyvt\u00e1ra.<\/strong>Jogel\u0151dj\u00e9t\u00a0<strong>1828-ban alap\u00edtotta Schordann Zsigmond<\/strong>, aki saj\u00e1t k\u00f6nyvt\u00e1r\u00e1t nyitotta meg tan\u00e1rt\u00e1rsai sz\u00e1m\u00e1ra. Az els\u0151 katal\u00f3gus m\u00e9g Schordann lak\u00e1s\u00e1n k\u00e9sz\u00fclt, mert ide, az akkori Fel-Duna sor 5. sz\u00e1m al\u00e1 \u00e9rkeztek az \u00e9rt\u00e9kes adom\u00e1nyok. A k\u00f6nyvt\u00e1rat az orvoskar tan\u00e1rai vezett\u00e9k, majd Semmelweis Ign\u00e1c hozatta a k\u00f6nyvanyagot az orvoskar \u00e9p\u00fclet\u00e9be, a Hatvani \u00e9s \u00dajvil\u00e1g utca sark\u00e1ra. Ezek ut\u00e1n a k\u00f6nyvt\u00e1r m\u00e9g \u00f6tsz\u00f6r k\u00f6lt\u00f6z\u00f6tt k\u00fcl\u00f6nb\u00f6z\u0151 b\u00e9relt sz\u00e1ll\u00e1sokra, m\u00edg 1861-ben eljutott az orvoskar \u00faj \u00dcll\u0151i \u00fat 26. sz\u00e1m\u00fa \u00e9p\u00fclet\u00e9be, el\u0151sz\u00f6r a m\u00e1sodik, majd 1942-ben az els\u0151 emeletre.<br \/>\n<strong>Semmelweis Ign\u00e1c 1861-ben vette \u00e1t a k\u00f6nyvt\u00e1r vezet\u00e9s\u00e9t \u00e9s hal\u00e1l\u00e1ig, 1865-ig volt a k\u00f6nyvt\u00e1r tan\u00e1reln\u00f6ke.<\/strong>M\u0171k\u00f6d\u00e9st azzal kezdte, hogy lemondott az \u00e9vi 200 forint tiszteletd\u00edjr\u00f3l \u00e9s azt k\u00f6nyvt\u00e1ri beszerz\u00e9sekre ford\u00edtotta. \u0150 k\u00e9sz\u00edtette el az els\u0151 nyomtatott katal\u00f3gust is 1864-ben.<br \/>\nL\u00e9nyeges v\u00e1ltoz\u00e1s 1945 ut\u00e1n k\u00f6vetkezett be, mivel ekkor lett a tan\u00e1rtest\u00fcleti mag\u00e1nk\u00f6nyvt\u00e1rb\u00f3l nyilv\u00e1nos orvostudom\u00e1nyi szakk\u00f6nyvt\u00e1r.<\/p>\n<p><strong><span style=\"text-decoration: underline\" data-mce-mark=\"1\">Adatok a K\u00f6zponti K\u00f6nyvt\u00e1rr\u00f3l:<\/span><\/strong><\/p>\n<p>A k\u00f6nyvt\u00e1r \u00e1llom\u00e1nyadatainak v\u00e1ltoz\u00e1sa 1860 \u00e9s 2002 k\u00f6z\u00f6tt:<\/p>\n<p>1860-ban 5.300 k\u00f6tet<br \/>\n1900-ban 15.000 k\u00f6tet<br \/>\n1945-ben 56.218 k\u00f6tet<br \/>\n1955-ben 110.469 k\u00f6tet<br \/>\n1960-ban 135.887 k\u00f6tet<br \/>\n1964-ben 157.887 k\u00f6tet<br \/>\n2001-ben 248.573 k\u00f6tet<br \/>\n2002-ben 251.281 k\u00f6tet<\/p>\n<p>A K\u00f6nyvt\u00e1r\u00a0<strong>504-f\u00e9le k\u00fclf\u00f6ldi foly\u00f3iratot<\/strong>\u00a0fizet el\u0151 \u00e9s el\u0151fizet\u00e9st \u00e9vek \u00f3ta nem mondott le.\u00a0<strong>A magyar szakmai \u00fajs\u00e1gokkal egy\u00fctt 679 kurrens foly\u00f3irat<\/strong>\u00a0tal\u00e1lhat\u00f3 meg az \u00e1llom\u00e1nyban. \u00c9rdekess\u00e9gk\u00e9nt eml\u00edthet\u0151, hogy az orvostudom\u00e1nyi szakma meghat\u00e1roz\u00f3 foly\u00f3iratai k\u00f6z\u00fcl a magyar Orvosi Hetilap 1857-t\u0151l indul\u00e1s\u00e1t\u00f3l, az angol Lancet pedig 1828-t\u00f3l j\u00e1r a K\u00f6nyvt\u00e1rnak.<\/p>\n<p><span style=\"text-decoration: underline\" data-mce-mark=\"1\"><strong>Olvas\u00f3termi f\u00e9r\u0151helyek:<\/strong><\/span><\/p>\n<p>1900-ban 10 hely<br \/>\n1950-ben 50 hely<br \/>\n2002-ben 130 hely, melyet kieg\u00e9sz\u00edtenek az Inform\u00e1ci\u00f3s Centrum \u00e9s a sz\u00e1m\u00edt\u00f3g\u00e9pek haszn\u00e1lat\u00e1ra biztos\u00edtott f\u00e9r\u0151helyek.<\/p>\n<p>A szakirodalmi t\u00e1j\u00e9koz\u00f3d\u00e1s legfontosabb forr\u00e1sai a\u00a0<strong>teljes sz\u00f6veg\u0171 bibliogr\u00e1fiai adatb\u00e1zisok<\/strong>, melyek sz\u00e1m\u00edt\u00f3g\u00e9pen el\u00e9rhet\u0151ek a Semmelweis Egyetem eg\u00e9sz ter\u00fclet\u00e9r\u0151l.<br \/>\nLegfontosabbak a\u00a0<strong>MEDLINE, EMBASE , IPA, CINAHL, Biological Abstracts adatb\u00e1zisok<\/strong>\u00a0valamint egy olyan Magyarorsz\u00e1gon el\u0151sz\u00f6r \u00e9s egyed\u00fcl\u00e1ll\u00f3an alkalmazott\u00a0<strong>OVID LinkSolver, amely lehet\u0151v\u00e9 teszi a bibliogr\u00e1fiai r\u00f6vid le\u00edr\u00e1sok mellett a teljes foly\u00f3iratcikk azonnali elolvas\u00e1s\u00e1t, let\u00f6lt\u00e9s\u00e9t.<\/strong><br \/>\nEz a let\u00f6lt\u00e9si lehet\u0151s\u00e9g a\u00a0<strong>Semmelweis Egyetem \u00f6sszes kutat\u00f3ja \u00e9s oktat\u00f3ja sz\u00e1m\u00e1ra adott, a munkat\u00e1rsak saj\u00e1t sz\u00e1m\u00edt\u00f3g\u00e9p\u00fck\u00f6n kereszt\u00fcl hozz\u00e1f\u00e9rnek a vil\u00e1g \u00f6sszes meghat\u00e1roz\u00f3 orvos-szakmai foly\u00f3irat\u00e1hoz, a legfrissebb kutat\u00e1si eredm\u00e9nyekhez.<\/strong><\/p>\n<p>A K\u00f6zponti K\u00f6nyvt\u00e1rban 25 teljes \u00e1ll\u00e1s\u00fa munkat\u00e1rs \u00e1ll az olvas\u00f3k rendelkez\u00e9s\u00e9re, nyitvatart\u00e1sa heti 87 \u00f3ra, amely\u00a0<strong>a leghosszabb nyitvatart\u00e1s Magyarorsz\u00e1gon.<\/strong><\/p>\n<p><strong><span style=\"text-decoration: underline\" data-mce-mark=\"1\">A K\u00f6zponti K\u00f6nyvt\u00e1r k\u00fcl\u00f6nleges k\u00f6nyvgy\u0171jtem\u00e9nyei<\/span><\/strong><\/p>\n<p>A K\u00f6zponti K\u00f6nyvt\u00e1r k\u00e9ts\u00e9gk\u00edv\u00fcl leg\u00e9rt\u00e9kesebb k\u00f6nyvritkas\u00e1ga az\u00a0<strong>1543-ban megjelent Vesalius<\/strong>, mely orvosi \u00e9s k\u00f6nyvt\u00e1rt\u00f6rt\u00e9neti szempontb\u00f3l is kiemelked\u0151 jelent\u0151s\u00e9g\u0171 els\u0151 kiad\u00e1s\u00fa munka. Piaci \u00e9rt\u00e9ke megk\u00f6zel\u00edt\u0151leg 200 \u00e9s 300.000 angol font k\u00f6z\u00f6tt helyezkedik el.<br \/>\n<strong>A k\u00f6nyvt\u00e1r k\u00f6zel 100 k\u00f6tetb\u0151l \u00e1ll\u00f3 1600 el\u0151tt megjelent antikk\u00f6nyv gy\u0171jtem\u00e9nnyel rendelkezik<\/strong>, megtal\u00e1lhat\u00f3ak az orvostudom\u00e1ny alapm\u0171veinek tekintett magyar \u00e9s k\u00fclf\u00f6ldi tudom\u00e1nyos munk\u00e1k. (Avicenna, Vesalius, Morgagni, Paracelsus, illetve, Bug\u00e1t P\u00e1l, R\u00e1cz S\u00e1muel, Balassa J\u00e1nos munk\u00e1i) A mostani ki\u00e1ll\u00edt\u00e1son megtekinthet\u0151 lesz t\u00f6bb jelent\u0151s,<strong>1600 el\u0151tt megjelent orvostudom\u00e1nyi m\u0171 is, t\u00f6bbek k\u00f6z\u00f6tt Avicenna 1500-as, Cato 1536-os, Paracelsus 1571-es kiad\u00e1s\u00fa vil\u00e1gh\u00edr\u0171 munk\u00e1i.<\/strong><\/p>\n<p>Megtekinthet\u0151ek ezenk\u00edv\u00fcl a k\u00f6nyvt\u00e1r k\u00e9zzel illusztr\u00e1lt gy\u00f3gyn\u00f6v\u00e9nyk\u00f6nyvei, 1700-as \u00e9vekb\u0151l sz\u00e1rmaz\u00f3 betegs\u00e9gle\u00edr\u00e1sokat tartalmaz\u00f3 gy\u0171jtem\u00e9nyek illetve<br \/>\n<strong>Dr. Semmelweis Ign\u00e1c k\u00e9z\u00edr\u00e1s\u00e1val k\u00e9sz\u00fclt feljegyz\u00e9sek is.<\/strong><br \/>\nKi\u00e1ll\u00edt\u00e1sra ker\u00fcl a Semmelweis Egyetem jogel\u0151djein v\u00e9gzett orvosok teljes jegyz\u00e9ke \u00e9s sz\u00e1mos ritkas\u00e1gsz\u00e1mba men\u0151, r\u00e9gi egyetemi tank\u00f6nyv is.<\/p>\n<\/div>\n","protected":false},"excerpt":{"rendered":"<p>175 \u00e9v az eg\u00e9szs\u00e9g\u00fcgy szolg\u00e1lat\u00e1ban, Sajt\u00f3k\u00f6zlem\u00e9ny Semmelweis Egyetem, Rektori Sajt\u00f3t\u00e1j\u00e9koztat\u00f3, 2003. november 20. Sajt\u00f3 h\u00e1tt\u00e9ranyag &#8211; 175 \u00e9ves a Semmelweis Egyetem K\u00f6zponti K\u00f6nyvt\u00e1ra &#8211; A sajt\u00f3t\u00e1j\u00e9koztat\u00f3 r\u00e9sztvev\u0151i: Prof. Dr. Tulassay Tivadar, a Semmelweis Egyetem rektora Dr. Vasas L\u00edvia, a Semmelweis Egyetem K\u00f6zponti K\u00f6nyvt\u00e1r\u00e1nak F\u0151igazgat\u00f3ja &nbsp; A Semmelweis Egyetem strat\u00e9giai c\u00e9lja: piacvezet\u0151 tud\u00e1sk\u00f6zpont A Semmelweis Egyetem,\u00a02003 &hellip;<\/p>\n","protected":false},"author":12,"featured_media":0,"comment_status":"open","ping_status":"open","sticky":false,"template":"","format":"standard","meta":{"_acf_changed":false,"footnotes":""},"categories":[6,5],"tags":[734],"class_list":["post-26532","post","type-post","status-publish","format-standard","hentry","category-hatteranyagok","category-cikkek","tag-kozlemeny"],"acf":[],"_links":{"self":[{"href":"https:\/\/semmelweis.hu\/mediasarok\/wp-json\/wp\/v2\/posts\/26532","targetHints":{"allow":["GET"]}}],"collection":[{"href":"https:\/\/semmelweis.hu\/mediasarok\/wp-json\/wp\/v2\/posts"}],"about":[{"href":"https:\/\/semmelweis.hu\/mediasarok\/wp-json\/wp\/v2\/types\/post"}],"author":[{"embeddable":true,"href":"https:\/\/semmelweis.hu\/mediasarok\/wp-json\/wp\/v2\/users\/12"}],"replies":[{"embeddable":true,"href":"https:\/\/semmelweis.hu\/mediasarok\/wp-json\/wp\/v2\/comments?post=26532"}],"version-history":[{"count":2,"href":"https:\/\/semmelweis.hu\/mediasarok\/wp-json\/wp\/v2\/posts\/26532\/revisions"}],"predecessor-version":[{"id":93742,"href":"https:\/\/semmelweis.hu\/mediasarok\/wp-json\/wp\/v2\/posts\/26532\/revisions\/93742"}],"wp:attachment":[{"href":"https:\/\/semmelweis.hu\/mediasarok\/wp-json\/wp\/v2\/media?parent=26532"}],"wp:term":[{"taxonomy":"category","embeddable":true,"href":"https:\/\/semmelweis.hu\/mediasarok\/wp-json\/wp\/v2\/categories?post=26532"},{"taxonomy":"post_tag","embeddable":true,"href":"https:\/\/semmelweis.hu\/mediasarok\/wp-json\/wp\/v2\/tags?post=26532"}],"curies":[{"name":"wp","href":"https:\/\/api.w.org\/{rel}","templated":true}]}}