{"id":2652,"date":"2011-03-22T13:26:07","date_gmt":"2011-03-22T12:26:07","guid":{"rendered":"http:\/\/mediasarok.sote.hu\/multimedia\/kepek\/egy-nap-harom-gyermek-harom-vese\/"},"modified":"2020-03-31T12:21:29","modified_gmt":"2020-03-31T10:21:29","slug":"egy-nap-harom-gyermek-harom-vese","status":"publish","type":"post","link":"https:\/\/semmelweis.hu\/mediasarok\/2011\/03\/22\/egy-nap-harom-gyermek-harom-vese\/","title":{"rendered":"Egy nap, h\u00e1rom gyermek, h\u00e1rom vese"},"content":{"rendered":"<p>2011. febru\u00e1r 8-\u00e1n h\u00e1rom vese-transzplant\u00e1ci\u00f3 t\u00f6rt\u00e9nt a Semmelweis Egyetem Transzplant\u00e1ci\u00f3s Klinik\u00e1j\u00e1n. Ez a m\u00e1sodik sz\u00fclet\u00e9snapja a 7 \u00e9ves Benc\u00e9nek, a 14 \u00e9ves D\u00e1vidnak \u00e9s a 17 \u00e9ves Jusztin\u00e1nak. Ma Magyarorsz\u00e1gon 6 ezren j\u00e1rnak vese dial\u00edzisre. K\u00f6z\u00fcl\u00fck 700-an vannak v\u00e1r\u00f3list\u00e1n, \u00e9s egy teljesebb \u00e9let rem\u00e9ny\u00e9ben v\u00e1rj\u00e1k a m\u0171t\u00e9tet. A Semmelweis Egyetem Transzplant\u00e1ci\u00f3s \u00e9s Seb\u00e9szeti Klinik\u00e1j\u00e1n \u00e9vente 150-160 vesem\u0171t\u00e9tet hajtanak v\u00e9gre, de lehet\u0151s\u00e9g lenne ennek dupl\u00e1j\u00e1ra is, ha volna el\u00e9g szerv. fot\u00f3: D. Kiss Bal\u00e1zs<\/p>\n\r\n        [slb_exclude]\r\n        <div class=\"row galeria-wrapper mx-0 h-auto\">\r\n            <div class=\"col-9 pl-0 pr-2\">\r\n            <span class=\"gallery-item frame\">\r\n\t\t\t\t<div class=\"galeria-left-img\"><a href=\"https:\/\/semmelweis.hu\/mediasarok\/files\/2011\/03\/img_7285.jpg\"><img src=https:\/\/semmelweis.hu\/mediasarok\/files\/2011\/03\/img_7285.jpg  \r\n                            alt=\"Egy nap, h\u00e1rom gyermek, h\u00e1rom vese\" \r\n                            class=\"attachment-sote-gallery-big size-sote-gallery-big\" \r\n                            srcset=\"https:\/\/semmelweis.hu\/mediasarok\/files\/2011\/03\/img_7285-300x200.jpg 300w, https:\/\/semmelweis.hu\/mediasarok\/files\/2011\/03\/img_7285-1024x682.jpg 1024w, https:\/\/semmelweis.hu\/mediasarok\/files\/2011\/03\/img_7285-450x300.jpg 450w\" ><\/a><\/div>\r\n            <\/span>\r\n\r\n            <\/div>\r\n\r\n\t\t\t<div class=\"col-3 pl-0 pr-0\">\r\n\t\t\t\t<div class=\"galeria-right-img d-flex justify-content-between flex-column h-100 w-100 px-0 mx-0 \">\r\n                <div class=\"galeria-box\">\r\n\t\t\t\t\t<h3 class=\"galeria-title\">Gal\u00e9ria<\/h3>\r\n\t\t\t\t\t<div class=\"galeria-subtitle\">\r\n\r\n\t\t\t\t\t\t<div class=\"galeria-page-counter\"><span>11<\/span>k\u00e9p<\/div>\r\n                    <\/div> <\/div>\r\n                    <span class=\"gallery-item frame d-none d-md-flex\">\r\n\t\t\t\t\t<div class=\"galeria-small-img mt-0\"><a href=\"https:\/\/semmelweis.hu\/mediasarok\/files\/2011\/03\/img_7269.jpg\"><img src=https:\/\/semmelweis.hu\/mediasarok\/files\/2011\/03\/img_7269.jpg \r\n                                alt=\"Egy nap, h\u00e1rom gyermek, h\u00e1rom vese\"  \r\n                                class=\"attachment-sote-gallery-small size-sote-gallery-small\" \r\n                                srcset=\"https:\/\/semmelweis.hu\/mediasarok\/files\/2011\/03\/img_7269-300x200.jpg 300w, https:\/\/semmelweis.hu\/mediasarok\/files\/2011\/03\/img_7269-1024x682.jpg 1024w, https:\/\/semmelweis.hu\/mediasarok\/files\/2011\/03\/img_7269-450x300.jpg 450w\" ><\/a><\/div>\r\n                    <\/span>\r\n                    <span class=\"gallery-item frame d-none d-md-flex\">\r\n\t\t\t\t\t<div class=\"galeria-small-img mt-0\"><a href=\"https:\/\/semmelweis.hu\/mediasarok\/files\/2011\/03\/img_6712.jpg\"><img src=https:\/\/semmelweis.hu\/mediasarok\/files\/2011\/03\/img_6712.jpg \r\n                                alt=\"Dr. Langer R\u00f3bert\" \r\n                                class=\"attachment-sote-gallery-small size-sote-gallery-small\" \r\n                                srcset=\"https:\/\/semmelweis.hu\/mediasarok\/files\/2011\/03\/img_6712-300x200.jpg 300w, https:\/\/semmelweis.hu\/mediasarok\/files\/2011\/03\/img_6712-1024x682.jpg 1024w, https:\/\/semmelweis.hu\/mediasarok\/files\/2011\/03\/img_6712-450x300.jpg 450w\" ><\/a><\/div>\r\n                    <\/span>\r\n\r\n                <\/div>\r\n\r\n            <\/div>\r\n\r\n            <span class=\"gallery-item\"><div class=\"hidden\"><a href=\"https:\/\/semmelweis.hu\/mediasarok\/files\/2011\/03\/img_6495.jpg\">\r\n        <img src=https:\/\/semmelweis.hu\/mediasarok\/files\/2011\/03\/img_6495.jpg alt=\"Egy nap, h\u00e1rom gyermek, h\u00e1rom vese\" class=\"attachment-sote-gallery-big size-sote-gallery-big\" srcset=\"https:\/\/semmelweis.hu\/mediasarok\/files\/2011\/03\/img_6495-300x200.jpg 300w, https:\/\/semmelweis.hu\/mediasarok\/files\/2011\/03\/img_6495-1024x682.jpg 1024w, https:\/\/semmelweis.hu\/mediasarok\/files\/2011\/03\/img_6495-450x300.jpg 450w\" >\r\n        <\/a><\/div><\/span><span class=\"gallery-item\"><div class=\"hidden\"><a href=\"https:\/\/semmelweis.hu\/mediasarok\/files\/2011\/03\/img_6423.jpg\">\r\n        <img src=https:\/\/semmelweis.hu\/mediasarok\/files\/2011\/03\/img_6423.jpg alt=\"Egy nap, h\u00e1rom gyermek, h\u00e1rom vese\" class=\"attachment-sote-gallery-big size-sote-gallery-big\" srcset=\"https:\/\/semmelweis.hu\/mediasarok\/files\/2011\/03\/img_6423-300x200.jpg 300w, https:\/\/semmelweis.hu\/mediasarok\/files\/2011\/03\/img_6423-1024x682.jpg 1024w, https:\/\/semmelweis.hu\/mediasarok\/files\/2011\/03\/img_6423-450x300.jpg 450w\" >\r\n        <\/a><\/div><\/span><span class=\"gallery-item\"><div class=\"hidden\"><a href=\"https:\/\/semmelweis.hu\/mediasarok\/files\/2011\/03\/img_6409.jpg\">\r\n        <img src=https:\/\/semmelweis.hu\/mediasarok\/files\/2011\/03\/img_6409.jpg alt=\"Egy nap, h\u00e1rom gyermek, h\u00e1rom vese\" class=\"attachment-sote-gallery-big size-sote-gallery-big\" srcset=\"https:\/\/semmelweis.hu\/mediasarok\/files\/2011\/03\/img_6409-300x200.jpg 300w, https:\/\/semmelweis.hu\/mediasarok\/files\/2011\/03\/img_6409-1024x682.jpg 1024w, https:\/\/semmelweis.hu\/mediasarok\/files\/2011\/03\/img_6409-450x300.jpg 450w\" >\r\n        <\/a><\/div><\/span><span class=\"gallery-item\"><div class=\"hidden\"><a href=\"https:\/\/semmelweis.hu\/mediasarok\/files\/2011\/03\/img_6397.jpg\">\r\n        <img src=https:\/\/semmelweis.hu\/mediasarok\/files\/2011\/03\/img_6397.jpg alt=\"Egy nap, h\u00e1rom gyermek, h\u00e1rom vese\" class=\"attachment-sote-gallery-big size-sote-gallery-big\" srcset=\"https:\/\/semmelweis.hu\/mediasarok\/files\/2011\/03\/img_6397-300x200.jpg 300w, https:\/\/semmelweis.hu\/mediasarok\/files\/2011\/03\/img_6397-1024x682.jpg 1024w, https:\/\/semmelweis.hu\/mediasarok\/files\/2011\/03\/img_6397-450x300.jpg 450w\" >\r\n        <\/a><\/div><\/span><span class=\"gallery-item\"><div class=\"hidden\"><a href=\"https:\/\/semmelweis.hu\/mediasarok\/files\/2011\/03\/img_6391.jpg\">\r\n        <img src=https:\/\/semmelweis.hu\/mediasarok\/files\/2011\/03\/img_6391.jpg alt=\"Egy nap, h\u00e1rom gyermek, h\u00e1rom vese\" class=\"attachment-sote-gallery-big size-sote-gallery-big\" srcset=\"https:\/\/semmelweis.hu\/mediasarok\/files\/2011\/03\/img_6391-300x200.jpg 300w, https:\/\/semmelweis.hu\/mediasarok\/files\/2011\/03\/img_6391-1024x682.jpg 1024w, https:\/\/semmelweis.hu\/mediasarok\/files\/2011\/03\/img_6391-450x300.jpg 450w\" >\r\n        <\/a><\/div><\/span><span class=\"gallery-item\"><div class=\"hidden\"><a href=\"https:\/\/semmelweis.hu\/mediasarok\/files\/2011\/03\/img_6338-masolata.jpg\">\r\n        <img src=https:\/\/semmelweis.hu\/mediasarok\/files\/2011\/03\/img_6338-masolata.jpg alt=\"Dr. Langer R\u00f3bert\" class=\"attachment-sote-gallery-big size-sote-gallery-big\" srcset=\"https:\/\/semmelweis.hu\/mediasarok\/files\/2011\/03\/img_6338-masolata-300x200.jpg 300w, https:\/\/semmelweis.hu\/mediasarok\/files\/2011\/03\/img_6338-masolata-1024x682.jpg 1024w, https:\/\/semmelweis.hu\/mediasarok\/files\/2011\/03\/img_6338-masolata-450x300.jpg 450w\" >\r\n        <\/a><\/div><\/span><span class=\"gallery-item\"><div class=\"hidden\"><a href=\"https:\/\/semmelweis.hu\/mediasarok\/files\/2011\/03\/img_6326-masolata.jpg\">\r\n        <img src=https:\/\/semmelweis.hu\/mediasarok\/files\/2011\/03\/img_6326-masolata.jpg alt=\"Dr. Langer R\u00f3bert\" class=\"attachment-sote-gallery-big size-sote-gallery-big\" srcset=\"https:\/\/semmelweis.hu\/mediasarok\/files\/2011\/03\/img_6326-masolata-200x300.jpg 200w, https:\/\/semmelweis.hu\/mediasarok\/files\/2011\/03\/img_6326-masolata-682x1024.jpg 682w\" >\r\n        <\/a><\/div><\/span><span class=\"gallery-item\"><div class=\"hidden\"><a href=\"https:\/\/semmelweis.hu\/mediasarok\/files\/2011\/03\/img_6322-masolata.jpg\">\r\n        <img src=https:\/\/semmelweis.hu\/mediasarok\/files\/2011\/03\/img_6322-masolata.jpg alt=\"Dr. Langer R\u00f3bert\" class=\"attachment-sote-gallery-big size-sote-gallery-big\" srcset=\"https:\/\/semmelweis.hu\/mediasarok\/files\/2011\/03\/img_6322-masolata-200x300.jpg 200w, https:\/\/semmelweis.hu\/mediasarok\/files\/2011\/03\/img_6322-masolata-682x1024.jpg 682w\" >\r\n        <\/a><\/div><\/span>\r\n            <\/div>\r\n\r\n            [\/slb_exclude]\r\n\t\n","protected":false},"excerpt":{"rendered":"<p>2011. febru\u00e1r 8-\u00e1n h\u00e1rom vese-transzplant\u00e1ci\u00f3 t\u00f6rt\u00e9nt a Semmelweis Egyetem Transzplant\u00e1ci\u00f3s Klinik\u00e1j\u00e1n. Ez a m\u00e1sodik sz\u00fclet\u00e9snapja a 7 \u00e9ves Benc\u00e9nek, a 14 \u00e9ves D\u00e1vidnak \u00e9s a 17 \u00e9ves Jusztin\u00e1nak. Ma Magyarorsz\u00e1gon 6 ezren j\u00e1rnak vese dial\u00edzisre. K\u00f6z\u00fcl\u00fck 700-an vannak v\u00e1r\u00f3list\u00e1n, \u00e9s egy teljesebb \u00e9let rem\u00e9ny\u00e9ben v\u00e1rj\u00e1k a m\u0171t\u00e9tet. A Semmelweis Egyetem Transzplant\u00e1ci\u00f3s \u00e9s Seb\u00e9szeti Klinik\u00e1j\u00e1n \u00e9vente &hellip;<\/p>\n","protected":false},"author":155,"featured_media":42689,"comment_status":"closed","ping_status":"open","sticky":false,"template":"","format":"standard","meta":{"_acf_changed":false,"footnotes":""},"categories":[413],"tags":[728],"class_list":["post-2652","post","type-post","status-publish","format-standard","has-post-thumbnail","hentry","category-galeria","tag-pozitiv"],"acf":[],"_links":{"self":[{"href":"https:\/\/semmelweis.hu\/mediasarok\/wp-json\/wp\/v2\/posts\/2652","targetHints":{"allow":["GET"]}}],"collection":[{"href":"https:\/\/semmelweis.hu\/mediasarok\/wp-json\/wp\/v2\/posts"}],"about":[{"href":"https:\/\/semmelweis.hu\/mediasarok\/wp-json\/wp\/v2\/types\/post"}],"author":[{"embeddable":true,"href":"https:\/\/semmelweis.hu\/mediasarok\/wp-json\/wp\/v2\/users\/155"}],"replies":[{"embeddable":true,"href":"https:\/\/semmelweis.hu\/mediasarok\/wp-json\/wp\/v2\/comments?post=2652"}],"version-history":[{"count":5,"href":"https:\/\/semmelweis.hu\/mediasarok\/wp-json\/wp\/v2\/posts\/2652\/revisions"}],"predecessor-version":[{"id":94198,"href":"https:\/\/semmelweis.hu\/mediasarok\/wp-json\/wp\/v2\/posts\/2652\/revisions\/94198"}],"wp:featuredmedia":[{"embeddable":true,"href":"https:\/\/semmelweis.hu\/mediasarok\/wp-json\/wp\/v2\/media\/42689"}],"wp:attachment":[{"href":"https:\/\/semmelweis.hu\/mediasarok\/wp-json\/wp\/v2\/media?parent=2652"}],"wp:term":[{"taxonomy":"category","embeddable":true,"href":"https:\/\/semmelweis.hu\/mediasarok\/wp-json\/wp\/v2\/categories?post=2652"},{"taxonomy":"post_tag","embeddable":true,"href":"https:\/\/semmelweis.hu\/mediasarok\/wp-json\/wp\/v2\/tags?post=2652"}],"curies":[{"name":"wp","href":"https:\/\/api.w.org\/{rel}","templated":true}]}}