{"id":2468,"date":"2011-03-17T14:53:36","date_gmt":"2011-03-17T13:53:36","guid":{"rendered":"http:\/\/mediasarok.sote.hu\/?p=2468"},"modified":"2025-10-21T12:52:28","modified_gmt":"2025-10-21T10:52:28","slug":"intelligens-sebeszeti-vagoeszkoz-2","status":"publish","type":"post","link":"https:\/\/semmelweis.hu\/mediasarok\/2011\/03\/17\/intelligens-sebeszeti-vagoeszkoz-2\/","title":{"rendered":"Intelligens seb\u00e9szeti v\u00e1g\u00f3eszk\u00f6z"},"content":{"rendered":"<p><strong>K\u00d6ZLEM\u00c9NY<\/strong><\/p>\n<p>&nbsp;<\/p>\n<p><strong>A Kutat\u00f3egyetemi p\u00e1ly\u00e1zatnak k\u00f6sz\u00f6nhet\u0151en \u00e9v v\u00e9g\u00e9re hum\u00e1n m\u0171t\u00e9teket is v\u00e9gezhetnek az intelligens onko-k\u00e9ssel. Jelenleg az orsz\u00e1g h\u00e1rom pontj\u00e1n tesztelik a vil\u00e1gh\u00edres magyar szabadalmat, amely m\u00e1r m\u0171t\u00e9t k\u00f6zben t\u00e1j\u00e9koztatja az orvost, hogy \u00e9p, vagy r\u00e1kos sejtettel tal\u00e1lkozott-e. Jelenleg daganatos kuty\u00e1kat mentenek a speci\u00e1lis szik\u00e9vel, de az innov\u00e1ci\u00f3s alap, \u00e9s egy\u00e9b forr\u00e1sok befagyaszt\u00e1sa miatt f\u00e9l\u0151, hogy piacra ker\u00fcl\u00e9se m\u00e1r nem Magyarorsz\u00e1ghoz k\u00f6t\u0151dik majd. <\/strong><\/p>\n<p>&nbsp;<\/p>\n<p><em>\u201eA t\u00e1rsadalmi k\u00f6rnyezet nem kedvez az innov\u00e1ci\u00f3s tervek megval\u00f3s\u00edt\u00e1s\u00e1nak. Jelenleg az innov\u00e1ci\u00f3s alaphoz val\u00f3 hozz\u00e1f\u00e9r\u00e9s, \u00e9s minden egy\u00e9b forr\u00e1s egyel\u0151re nagyon neh\u00e9z.\u201d \u2013<\/em> mondta a Semmelweis Egyetem mai sajt\u00f3t\u00e1j\u00e9koztat\u00f3j\u00e1n Dr. Tulassay Tivadar, az int\u00e9zm\u00e9ny rektora. Ennek ellen\u00e9re az int\u00e9zm\u00e9ny meghirdette a Kutat\u00e1s\u00e1t \u00e9v\u00e9t.<\/p>\n<p><em>\u201eAzt rem\u00e9lem, hogy az \u00e1tmeneti forr\u00e1stalans\u00e1got \u2013 legal\u00e1bb ilyen speci\u00e1lis esetekben, mint az onko-k\u00e9s \u2013 fel tudj\u00e1k oldani. <strong>Mert nem lehet sikeres egy nemzetgazdas\u00e1g, ha az alap \u00e9s alkalmazott kutat\u00e1s, \u00e9s az arra \u00e9p\u00fcl\u0151 hasznosul\u00f3, hasznos\u00edt\u00f3 kutat\u00e1sokat nem tudja piack\u00e9pes term\u00e9kk\u00e9 alak\u00edtani.\u201d \u2013 mondta a rektor. <\/strong><\/em><\/p>\n<p>&nbsp;<\/p>\n<p>A kutat\u00f3egyetemi c\u00edm, \u00e9s az ehhez t\u00e1rsul\u00f3 forr\u00e1s azt hangs\u00falyozza, hogy a kiv\u00e1l\u00f3s\u00e1g kit\u00f6r\u00e9si pont, \u00f6sszt\u00e1rsadalmi szinten is. A Semmelweis Egyetem 3 milli\u00e1rd forintot kapott, a k\u00f6vetkez\u0151 h\u00e1rom \u00e9vre a T\u00c1MOP-4.2.1.B-09\/1\/KMR p\u00e1ly\u00e1zat keret\u00e9ben, melynek t\u00e9m\u00e1ja a \u201cModern Orvostudom\u00e1nyi Technol\u00f3gi\u00e1k a Semmelweis Egyetemen\u201d.<\/p>\n<p><em>\u201eA 3 milli\u00e1rd forint 2\/3-ada kutat\u00f3csoportokhoz ker\u00fclt, 22 olyan kutat\u00f3csoportot v\u00e1lasztottunk ki, akik vagy m\u00e1r bizony\u00edtottak K+F+I ter\u00fcleten, vagy nagyon \u00edg\u00e9retes, fiatalok, akik m\u00e1shogy nem tudn\u00e1nak elindulni ezen a r\u00f6g\u00f6s \u00faton. Az \u00f6sszeg m\u00e1sik r\u00e9sz\u00e9t olyan m\u0171szerekre k\u00f6lt\u00f6tt\u00fcnk, melyeket egy\u00e9bk\u00e9nt az egyetem nem tudott volna beszerezni. B\u00e1zislaborokat hoztunk l\u00e9tre.\u201d- mondta Dr. T\u00f3th Mikl\u00f3s tudom\u00e1nyos \u00e9s innov\u00e1ci\u00f3s rektorhelyettes. <\/em><\/p>\n<p>&nbsp;<\/p>\n<p>Dr. Tak\u00e1ts Zolt\u00e1n, a Semmelweis Egyetem (SE) kutat\u00f3ja fejlesztette ki az eszk\u00f6zt, melyre m\u00e1r a Harvard Medical School \u00e9s a World&#8217;s Best Technology (WBT) f\u00f3ruma is felfigyelt. A tal\u00e1lm\u00e1ny l\u00e9nyegesen felgyors\u00edtja a biol\u00f3giai sz\u00f6vetek anal\u00edzis\u00e9t, cs\u00f6kkenti a r\u00e1kseb\u00e9szeti vizsg\u00e1lat id\u0151tartam\u00e1t, ugyanakkor megn\u00f6veli annak pontoss\u00e1g\u00e1t, azaz k\u00e9pess\u00e9 teszi az orvost arra, hogy gyorsabban \u00e9s jobban d\u00f6nts\u00f6n a gy\u00f3gyszer kiv\u00e1laszt\u00e1s\u00e1r\u00f3l \u00e9s adagol\u00e1s\u00e1r\u00f3l. Az eszk\u00f6z f\u0151 alkalmaz\u00e1si ter\u00fclete a r\u00e1kseb\u00e9szet, az \u00e9rseb\u00e9szet, illetve a b\u0151rgy\u00f3gy\u00e1szati \u00e9s a plasztikai seb\u00e9szet.<\/p>\n<p><a href=\"https:\/\/semmelweis.hu\/wp-content\/blogs.dir\/106\/files\/2011\/03\/kutatoegyetem_hosszu_szamozott.jpg\"><img loading=\"lazy\" decoding=\"async\" class=\"aligncenter size-full wp-image-18485\" src=\"https:\/\/semmelweis.hu\/wp-content\/blogs.dir\/106\/files\/2011\/03\/kutatoegyetem_hosszu_szamozott.jpg\" alt=\"\" width=\"2646\" height=\"448\" srcset=\"https:\/\/semmelweis.hu\/mediasarok\/files\/2011\/03\/kutatoegyetem_hosszu_szamozott.jpg 2560w, https:\/\/semmelweis.hu\/mediasarok\/files\/2011\/03\/kutatoegyetem_hosszu_szamozott-300x50.jpg 300w, https:\/\/semmelweis.hu\/mediasarok\/files\/2011\/03\/kutatoegyetem_hosszu_szamozott-1024x173.jpg 1024w, https:\/\/semmelweis.hu\/mediasarok\/files\/2011\/03\/kutatoegyetem_hosszu_szamozott-580x98.jpg 580w\" sizes=\"auto, (max-width: 2646px) 100vw, 2646px\" \/><\/a><\/p>\n","protected":false},"excerpt":{"rendered":"<p>K\u00d6ZLEM\u00c9NY &nbsp; A Kutat\u00f3egyetemi p\u00e1ly\u00e1zatnak k\u00f6sz\u00f6nhet\u0151en \u00e9v v\u00e9g\u00e9re hum\u00e1n m\u0171t\u00e9teket is v\u00e9gezhetnek az intelligens onko-k\u00e9ssel. Jelenleg az orsz\u00e1g h\u00e1rom pontj\u00e1n tesztelik a vil\u00e1gh\u00edres magyar szabadalmat, amely m\u00e1r m\u0171t\u00e9t k\u00f6zben t\u00e1j\u00e9koztatja az orvost, hogy \u00e9p, vagy r\u00e1kos sejtettel tal\u00e1lkozott-e. Jelenleg daganatos kuty\u00e1kat mentenek a speci\u00e1lis szik\u00e9vel, de az innov\u00e1ci\u00f3s alap, \u00e9s egy\u00e9b forr\u00e1sok befagyaszt\u00e1sa miatt f\u00e9l\u0151, &hellip;<\/p>\n","protected":false},"author":155,"featured_media":0,"comment_status":"closed","ping_status":"open","sticky":false,"template":"","format":"standard","meta":{"_acf_changed":false,"footnotes":""},"categories":[5],"tags":[734],"class_list":["post-2468","post","type-post","status-publish","format-standard","hentry","category-cikkek","tag-kozlemeny"],"acf":[],"_links":{"self":[{"href":"https:\/\/semmelweis.hu\/mediasarok\/wp-json\/wp\/v2\/posts\/2468","targetHints":{"allow":["GET"]}}],"collection":[{"href":"https:\/\/semmelweis.hu\/mediasarok\/wp-json\/wp\/v2\/posts"}],"about":[{"href":"https:\/\/semmelweis.hu\/mediasarok\/wp-json\/wp\/v2\/types\/post"}],"author":[{"embeddable":true,"href":"https:\/\/semmelweis.hu\/mediasarok\/wp-json\/wp\/v2\/users\/155"}],"replies":[{"embeddable":true,"href":"https:\/\/semmelweis.hu\/mediasarok\/wp-json\/wp\/v2\/comments?post=2468"}],"version-history":[{"count":3,"href":"https:\/\/semmelweis.hu\/mediasarok\/wp-json\/wp\/v2\/posts\/2468\/revisions"}],"predecessor-version":[{"id":93706,"href":"https:\/\/semmelweis.hu\/mediasarok\/wp-json\/wp\/v2\/posts\/2468\/revisions\/93706"}],"wp:attachment":[{"href":"https:\/\/semmelweis.hu\/mediasarok\/wp-json\/wp\/v2\/media?parent=2468"}],"wp:term":[{"taxonomy":"category","embeddable":true,"href":"https:\/\/semmelweis.hu\/mediasarok\/wp-json\/wp\/v2\/categories?post=2468"},{"taxonomy":"post_tag","embeddable":true,"href":"https:\/\/semmelweis.hu\/mediasarok\/wp-json\/wp\/v2\/tags?post=2468"}],"curies":[{"name":"wp","href":"https:\/\/api.w.org\/{rel}","templated":true}]}}