{"id":2235,"date":"2011-03-09T11:13:02","date_gmt":"2011-03-09T10:13:02","guid":{"rendered":"http:\/\/mediasarok.sote.hu\/?p=2235"},"modified":"2025-10-18T11:17:29","modified_gmt":"2025-10-18T09:17:29","slug":"eksz-a-dohanyzas-ellen","status":"publish","type":"post","link":"https:\/\/semmelweis.hu\/mediasarok\/2011\/03\/09\/eksz-a-dohanyzas-ellen\/","title":{"rendered":"EKSZ a doh\u00e1nyz\u00e1s ellen"},"content":{"rendered":"<p>Ma haz\u00e1nkban \u00e9vente 28 ezer ember veszti el \u00e9let\u00e9t a doh\u00e1nyz\u00e1s miatt, \u00e9s \u00e9vente 15-20 ezren ker\u00fclnek a hazai orvosegyetemek pulmonol\u00f3giai klinik\u00e1ira doh\u00e1nyz\u00e1ssal \u00f6sszef\u00fcgg\u00e9sbe hozhat\u00f3 betegs\u00e9g miatt. Mindez jelent\u0151s gazdas\u00e1gi \u00e9s n\u00e9peg\u00e9szs\u00e9g\u00fcgyi terhet jelent a 4 hazai orvosegyetemnek.<\/p>\n<p>A legjelent\u0151sebb megel\u0151zhet\u0151 hal\u00e1lok Magyarorsz\u00e1gon is a doh\u00e1nyz\u00e1s, \u00edgy annak visszaszor\u00edt\u00e1sa mindannyiunk \u00e9rdeke.<\/p>\n<p>Ebb\u0151l k\u00f6vetkez\u0151en az EKSZ (Egyetemi Klinik\u00e1k Sz\u00f6vets\u00e9ge) \u00f6r\u00f6mmel \u00fcdv\u00f6zli az \u00faj doh\u00e1nyz\u00e1sellenes t\u00f6rekv\u00e9s \u00e9rdek\u00e9ben beny\u00fajtott \u00f6n\u00e1ll\u00f3 k\u00e9pvisel\u0151i ind\u00edtv\u00e1nyt, amely a z\u00e1rt k\u00f6zter\u00fcleteken val\u00f3 doh\u00e1nyz\u00e1s teljes betilt\u00e1s\u00e1t tartalmazza.<\/p>\n<p><strong>Egyetemi Klinik\u00e1k Sz\u00f6vets\u00e9g\u00e9nek Eln\u00f6ks\u00e9ge<\/strong><\/p>\n<p><strong>Budapest, 2011. m\u00e1rcius 9.<\/strong><\/p>\n","protected":false},"excerpt":{"rendered":"<p>Ma haz\u00e1nkban \u00e9vente 28 ezer ember veszti el \u00e9let\u00e9t a doh\u00e1nyz\u00e1s miatt, \u00e9s \u00e9vente 15-20 ezren ker\u00fclnek a hazai orvosegyetemek pulmonol\u00f3giai klinik\u00e1ira doh\u00e1nyz\u00e1ssal \u00f6sszef\u00fcgg\u00e9sbe hozhat\u00f3 betegs\u00e9g miatt. Mindez jelent\u0151s gazdas\u00e1gi \u00e9s n\u00e9peg\u00e9szs\u00e9g\u00fcgyi terhet jelent a 4 hazai orvosegyetemnek. A legjelent\u0151sebb megel\u0151zhet\u0151 hal\u00e1lok Magyarorsz\u00e1gon is a doh\u00e1nyz\u00e1s, \u00edgy annak visszaszor\u00edt\u00e1sa mindannyiunk \u00e9rdeke. Ebb\u0151l k\u00f6vetkez\u0151en az EKSZ &hellip;<\/p>\n","protected":false},"author":155,"featured_media":0,"comment_status":"closed","ping_status":"open","sticky":false,"template":"","format":"standard","meta":{"_acf_changed":false,"footnotes":""},"categories":[5],"tags":[734],"class_list":["post-2235","post","type-post","status-publish","format-standard","hentry","category-cikkek","tag-kozlemeny"],"acf":[],"_links":{"self":[{"href":"https:\/\/semmelweis.hu\/mediasarok\/wp-json\/wp\/v2\/posts\/2235","targetHints":{"allow":["GET"]}}],"collection":[{"href":"https:\/\/semmelweis.hu\/mediasarok\/wp-json\/wp\/v2\/posts"}],"about":[{"href":"https:\/\/semmelweis.hu\/mediasarok\/wp-json\/wp\/v2\/types\/post"}],"author":[{"embeddable":true,"href":"https:\/\/semmelweis.hu\/mediasarok\/wp-json\/wp\/v2\/users\/155"}],"replies":[{"embeddable":true,"href":"https:\/\/semmelweis.hu\/mediasarok\/wp-json\/wp\/v2\/comments?post=2235"}],"version-history":[{"count":2,"href":"https:\/\/semmelweis.hu\/mediasarok\/wp-json\/wp\/v2\/posts\/2235\/revisions"}],"predecessor-version":[{"id":172846,"href":"https:\/\/semmelweis.hu\/mediasarok\/wp-json\/wp\/v2\/posts\/2235\/revisions\/172846"}],"wp:attachment":[{"href":"https:\/\/semmelweis.hu\/mediasarok\/wp-json\/wp\/v2\/media?parent=2235"}],"wp:term":[{"taxonomy":"category","embeddable":true,"href":"https:\/\/semmelweis.hu\/mediasarok\/wp-json\/wp\/v2\/categories?post=2235"},{"taxonomy":"post_tag","embeddable":true,"href":"https:\/\/semmelweis.hu\/mediasarok\/wp-json\/wp\/v2\/tags?post=2235"}],"curies":[{"name":"wp","href":"https:\/\/api.w.org\/{rel}","templated":true}]}}