{"id":20504,"date":"2012-06-27T07:13:39","date_gmt":"2012-06-27T06:13:39","guid":{"rendered":"http:\/\/mediasarok.sote.hu\/?p=20504"},"modified":"2025-10-29T11:50:24","modified_gmt":"2025-10-29T10:50:24","slug":"minden-masodik-magyar-nyaron-is-d-vitamin-hianyos","status":"publish","type":"post","link":"https:\/\/semmelweis.hu\/mediasarok\/2012\/06\/27\/minden-masodik-magyar-nyaron-is-d-vitamin-hianyos\/","title":{"rendered":"Minden m\u00e1sodik magyar ny\u00e1ron is D-vitamin hi\u00e1nyos"},"content":{"rendered":"<p>M\u00e1just\u00f3l szeptemberig a D-vitamin p\u00f3tl\u00e1s\u00e1hoz az is el\u00e9g lenne, ha p\u00f3l\u00f3ban, r\u00f6vidnadr\u00e1gban els\u00e9t\u00e1ln\u00e1nk bev\u00e1s\u00e1rolni, \u00e9s ez alatt a negyed \u00f3ra alatt testfel\u00fclet\u00fcnk mind\u00f6ssze \u00f6t\u00f6d\u00e9t napf\u00e9ny \u00e9rn\u00e9. Enn\u00e9l t\u00f6bbre nincs is sz\u00fcks\u00e9g, t\u00f6bb napoz\u00e1ssal nem keletkezik egyre t\u00f6bb D-vitamin, a napsugarak k\u00e1ros hat\u00e1sai azonban \u00e9rv\u00e9nyes\u00fclhetnek.<\/p>\n<p>Dr. Lakatos P\u00e9ter, a Semmelweis Egyetem I. Sz. Belgy\u00f3gy\u00e1szati Klinika egyetemi tan\u00e1ra r\u00e1mutatott: \u00c9let\u00fcnket h\u00e1zakban \u00e9lj\u00fck, kev\u00e9s id\u0151t t\u00f6lt\u00fcnk szabad leveg\u0151n, ez okozza, hogy a vil\u00e1g civiliz\u00e1lt r\u00e9sz\u00e9n m\u00e9g ny\u00e1ron is \u00f3ri\u00e1si a D-vitamin hi\u00e1ny, ami a magyar lakoss\u00e1g mintegy fel\u00e9t is \u00e9rinti. Ha ez megsz\u0171nne, \u00e9s a t\u00e9li id\u0151szakban is p\u00f3toln\u00e1 mindenki a D-vitamint, a daganatok sz\u00e1ma harmad\u00e1val, a combnyakt\u00f6r\u00e9sek\u00e9 negyed\u00e9vel, a kardiovaszkul\u00e1ris megbeteged\u00e9sek\u00e9 tized\u00e9vel cs\u00f6kkenne, \u00e9s egyes sz\u00e1m\u00edt\u00e1sok szerint ak\u00e1r 90%-kal kevesebben betegedn\u00e9nek meg influenz\u00e1ban. V\u00e9gs\u0151 eredm\u00e9nyk\u00e9nt 2-3 \u00e9vvel n\u0151ne az \u00e1tlag\u00e9letkor \u2013 emelte ki Dr. Lakatos P\u00e9ter.Magyarorsz\u00e1g lakoss\u00e1g\u00e1nak \u201efelt\u00f6lt\u00e9se\u201d D-vitaminnal az endokrinol\u00f3gus szerint t\u00edzmilli\u00e1rd forintba ker\u00fclne, a v\u00e1rhat\u00f3 eg\u00e9szs\u00e9gnyeres\u00e9g 200-250 milli\u00e1rd forint lenne.<\/p>\n<p>Ez a rendk\u00edv\u00fcl \u00e9rdekes molekula m\u00e1r 500 milli\u00f3 \u00e9ve jelen van a f\u00f6ld\u00f6n. Alapvet\u0151 szerepe a sejtek szaporod\u00e1s\u00e1nak g\u00e1tl\u00e1sa, a sejtek differenci\u00e1l\u00f3d\u00e1s\u00e1nak fokoz\u00e1sa, huszon\u00f6tezer g\u00e9n\u00fcnk tized\u00e9nek m\u0171k\u00f6d\u00e9s\u00e9t k\u00e9pes befoly\u00e1solni. Rajta kereszt\u00fcl az eg\u00e9sz evol\u00faci\u00f3 megl\u00e1that\u00f3, r\u00e1ad\u00e1sul hatalmas gyakorlati jelent\u0151s\u00e9ge van. Az I. Sz. Belgy\u00f3gy\u00e1szati Klinik\u00e1n az \u00f6tvenes \u00e9vek elej\u00e9n Holl\u00f3 Istv\u00e1n professzor az els\u0151k k\u00f6z\u00f6tt a vil\u00e1gon endokrinol\u00f3giai oldalr\u00f3l k\u00f6zel\u00edtette meg a kalcium-anyagcser\u00e9t, \u00e9s m\u00e1r 30 \u00e9vvel ezel\u0151tt felh\u00edvta a figyelmet a D-vitamin jelent\u0151s\u00e9g\u00e9re.<\/p>\n<figure id=\"attachment_11945\" aria-describedby=\"caption-attachment-11945\" style=\"width: 300px\" class=\"wp-caption alignleft\"><a href=\"https:\/\/semmelweis.hu\/hirek\/files\/2012\/06\/wwwattekovacscom_101580.jpg\"><img loading=\"lazy\" decoding=\"async\" src=\"https:\/\/semmelweis.hu\/hirek\/files\/2012\/06\/wwwattekovacscom_101580-300x200.jpg\" alt=\"\" width=\"300\" height=\"200\" \/><\/a><figcaption id=\"caption-attachment-11945\" class=\"wp-caption-text\">Dr. Lakatos P\u00e9ter<\/figcaption><\/figure>\n<p>A D-vitamint \u00e1ltal\u00e1ban a csontrendszer befoly\u00e1sol\u00f3jak\u00e9nt ismerik, de a klinik\u00e1n \u00e9vtizedek \u00f3ta foglalkoztunk a tov\u00e1bbi aspektusokkal \u2013 emelte ki Dr. Lakatos P\u00e9ter. Tudjuk, hogy hi\u00e1ny\u00e1nak szerepe lehet bizonyos daganatok kialakul\u00e1s\u00e1ban, idegrendszeri megbeteged\u00e9sekben, a kering\u00e9si rendszer probl\u00e9m\u00e1iban, befoly\u00e1solja a pajzsmirigy m\u0171k\u00f6d\u00e9s\u00e9t, \u00e9s olyan hormon\u00e1lis betegs\u00e9gek el\u0151fordul\u00e1s\u00e1t is fokozhatja, mint p\u00e9ld\u00e1ul a cukorbetegs\u00e9g. Az elm\u00falt hatvan \u00e9vben v\u00e9gzett munk\u00e1nkat igazolja, hogy a D-vitamin jelent\u0151s\u00e9ge az ut\u00f3bbi \u00e9vtizedben az eg\u00e9sz vil\u00e1gon k\u00f6zponti k\u00e9rd\u00e9ss\u00e9 v\u00e1lt.<\/p>\n<p>El\u0151sz\u00f6r a vil\u00e1gon a tizenk\u00e9t orvosi t\u00e1rsas\u00e1g \u00f6sszefog\u00e1s\u00e1val Magyarorsz\u00e1gon sz\u00fcletett a D-vitamin bevitel\u00e9vel kapcsolatos k\u00f6z\u00f6s szakmai aj\u00e1nl\u00e1s, mely a jelenlegi t\u00f6bbsz\u00f6r\u00f6s\u00e9t javasolja. A Semmelweis Egyetem I. Sz. Belgy\u00f3gy\u00e1szati Klinika vezet\u0151 szerepet j\u00e1tszott abban, hogy ez a konszenzus l\u00e9trej\u00f6jj\u00f6n \u2013 fogalmazott Dr. Tak\u00e1cs Istv\u00e1n endokrinol\u00f3gus, a klinika docense, a Magyar Primer Prevenci\u00f3s Orvosi Egyes\u00fclet eln\u00f6ke.<br \/>\n<a href=\"https:\/\/semmelweis.hu\/hirek\/files\/2012\/06\/wwwattekovacscom_101575.jpg\"><img loading=\"lazy\" decoding=\"async\" class=\"alignleft\" src=\"https:\/\/semmelweis.hu\/hirek\/files\/2012\/06\/wwwattekovacscom_101575-300x200.jpg\" alt=\"\" width=\"300\" height=\"200\" \/><\/a><\/p>\n<p>Ha valaki el\u00e9g sokat dolgozik a klinikumban, r\u00e1j\u00f6n arra, hogy prevenci\u00f3 n\u00e9lk\u00fcl a munk\u00e1ja soha nem lesz el\u00e9gg\u00e9 eredm\u00e9nyes. A D-vitamin-ell\u00e1totts\u00e1gnak hatalmas n\u00e9peg\u00e9szs\u00e9g\u00fcgyi jelent\u0151s\u00e9ge van, milli\u00f3kat \u00e9rint. Az orsz\u00e1g eg\u00e9sz lakoss\u00e1g\u00e1nak \u00e9letmin\u0151s\u00e9ge javulna, ha mindenki megfelel\u0151 mennyis\u00e9g\u0171 D-vitaminhoz jutna. Ha ezt elfogadja az orvost\u00e1rsadalom, \u00e9s ha a lakoss\u00e1got r\u00e1 tudjuk \u00e9breszteni arra, milyen egyszer\u0171en, kis befektet\u00e9ssel tehetnek az eg\u00e9szs\u00e9g\u00fck\u00e9rt, ebb\u0151l az \u00f6sszefog\u00e1sb\u00f3l igazi prevenci\u00f3s program v\u00e1lhat.<br \/>\nFot\u00f3: attekovacs.com<br \/>\nSzZs<\/p>\n","protected":false},"excerpt":{"rendered":"<p>M\u00e1just\u00f3l szeptemberig a D-vitamin p\u00f3tl\u00e1s\u00e1hoz az is el\u00e9g lenne, ha p\u00f3l\u00f3ban, r\u00f6vidnadr\u00e1gban els\u00e9t\u00e1ln\u00e1nk bev\u00e1s\u00e1rolni, \u00e9s ez alatt a negyed \u00f3ra alatt testfel\u00fclet\u00fcnk mind\u00f6ssze \u00f6t\u00f6d\u00e9t napf\u00e9ny \u00e9rn\u00e9. Enn\u00e9l t\u00f6bbre nincs is sz\u00fcks\u00e9g, t\u00f6bb napoz\u00e1ssal nem keletkezik egyre t\u00f6bb D-vitamin, a napsugarak k\u00e1ros hat\u00e1sai azonban \u00e9rv\u00e9nyes\u00fclhetnek. Dr. Lakatos P\u00e9ter, a Semmelweis Egyetem I. Sz. Belgy\u00f3gy\u00e1szati Klinika egyetemi &hellip;<\/p>\n","protected":false},"author":155,"featured_media":0,"comment_status":"closed","ping_status":"open","sticky":false,"template":"","format":"standard","meta":{"_acf_changed":false,"footnotes":""},"categories":[5],"tags":[732],"class_list":["post-20504","post","type-post","status-publish","format-standard","hentry","category-cikkek","tag-temaajanlo"],"acf":[],"_links":{"self":[{"href":"https:\/\/semmelweis.hu\/mediasarok\/wp-json\/wp\/v2\/posts\/20504","targetHints":{"allow":["GET"]}}],"collection":[{"href":"https:\/\/semmelweis.hu\/mediasarok\/wp-json\/wp\/v2\/posts"}],"about":[{"href":"https:\/\/semmelweis.hu\/mediasarok\/wp-json\/wp\/v2\/types\/post"}],"author":[{"embeddable":true,"href":"https:\/\/semmelweis.hu\/mediasarok\/wp-json\/wp\/v2\/users\/155"}],"replies":[{"embeddable":true,"href":"https:\/\/semmelweis.hu\/mediasarok\/wp-json\/wp\/v2\/comments?post=20504"}],"version-history":[{"count":2,"href":"https:\/\/semmelweis.hu\/mediasarok\/wp-json\/wp\/v2\/posts\/20504\/revisions"}],"predecessor-version":[{"id":173337,"href":"https:\/\/semmelweis.hu\/mediasarok\/wp-json\/wp\/v2\/posts\/20504\/revisions\/173337"}],"wp:attachment":[{"href":"https:\/\/semmelweis.hu\/mediasarok\/wp-json\/wp\/v2\/media?parent=20504"}],"wp:term":[{"taxonomy":"category","embeddable":true,"href":"https:\/\/semmelweis.hu\/mediasarok\/wp-json\/wp\/v2\/categories?post=20504"},{"taxonomy":"post_tag","embeddable":true,"href":"https:\/\/semmelweis.hu\/mediasarok\/wp-json\/wp\/v2\/tags?post=20504"}],"curies":[{"name":"wp","href":"https:\/\/api.w.org\/{rel}","templated":true}]}}