{"id":20464,"date":"2012-06-22T09:06:15","date_gmt":"2012-06-22T07:06:15","guid":{"rendered":"http:\/\/mediasarok.sote.hu\/multimedia\/kepek\/kopp-maria\/"},"modified":"2020-03-31T12:21:04","modified_gmt":"2020-03-31T10:21:04","slug":"kopp-maria","status":"publish","type":"post","link":"https:\/\/semmelweis.hu\/mediasarok\/2012\/06\/22\/kopp-maria\/","title":{"rendered":"Kopp M\u00e1ria"},"content":{"rendered":"<p>Kopp M\u00e1ria (Budapest, 1942. janu\u00e1r 14. \u2013 Budapest, 2012. \u00e1prilis 3.) orvos, pszichol\u00f3gus, a Semmelweis Egyetem Magatart\u00e1studom\u00e1nyi Int\u00e9zet\u00e9nek tudom\u00e1nyos igazgat\u00f3helyettese, a Semmelweis Egyetem\u2013MTA \u201eMent\u00e1lis Eg\u00e9szs\u00e9gtudom\u00e1nyok\u201d t\u00e1rsult kutat\u00f3csoportj\u00e1nak vezet\u0151je volt. A pszichol\u00f3giai tudom\u00e1nyok akad\u00e9miai doktora.<\/p>\n\r\n        [slb_exclude]\r\n        <div class=\"row galeria-wrapper mx-0 h-auto\">\r\n            <div class=\"col-9 pl-0 pr-2\">\r\n            <span class=\"gallery-item frame\">\r\n\t\t\t\t<div class=\"galeria-left-img\"><a href=\"https:\/\/semmelweis.hu\/mediasarok\/files\/2012\/06\/kopp_maria_nyomdai_alumni.jpg\"><img src=https:\/\/semmelweis.hu\/mediasarok\/files\/2012\/06\/kopp_maria_nyomdai_alumni.jpg  \r\n                            alt=\"Dr. Kopp M\u00e1ria\" \r\n                            class=\"attachment-sote-gallery-big size-sote-gallery-big\" \r\n                            srcset=\"https:\/\/semmelweis.hu\/mediasarok\/files\/2012\/06\/kopp_maria_nyomdai_alumni-200x300.jpg 200w, https:\/\/semmelweis.hu\/mediasarok\/files\/2012\/06\/kopp_maria_nyomdai_alumni-682x1024.jpg 682w\" ><\/a><\/div>\r\n            <\/span>\r\n\r\n            <\/div>\r\n\r\n\t\t\t<div class=\"col-3 pl-0 pr-0\">\r\n\t\t\t\t<div class=\"galeria-right-img d-flex justify-content-between flex-column h-100 w-100 px-0 mx-0 \">\r\n                <div class=\"galeria-box\">\r\n\t\t\t\t\t<h3 class=\"galeria-title\">Gal\u00e9ria<\/h3>\r\n\t\t\t\t\t<div class=\"galeria-subtitle\">\r\n\r\n\t\t\t\t\t\t<div class=\"galeria-page-counter\"><span>3<\/span>k\u00e9p<\/div>\r\n                    <\/div> <\/div>\r\n                    <span class=\"gallery-item frame d-none d-md-flex\">\r\n\t\t\t\t\t<div class=\"galeria-small-img mt-0\"><a href=\"https:\/\/semmelweis.hu\/mediasarok\/files\/2012\/06\/kopp_maria_nyomdai.jpg\"><img src=https:\/\/semmelweis.hu\/mediasarok\/files\/2012\/06\/kopp_maria_nyomdai.jpg \r\n                                alt=\"Dr. Kopp M\u00e1ria\"  \r\n                                class=\"attachment-sote-gallery-small size-sote-gallery-small\" \r\n                                srcset=\"https:\/\/semmelweis.hu\/mediasarok\/files\/2012\/06\/kopp_maria_nyomdai-200x300.jpg 200w, https:\/\/semmelweis.hu\/mediasarok\/files\/2012\/06\/kopp_maria_nyomdai-682x1024.jpg 682w\" ><\/a><\/div>\r\n                    <\/span>\r\n                    <span class=\"gallery-item frame d-none d-md-flex\">\r\n\t\t\t\t\t<div class=\"galeria-small-img mt-0\"><a href=\"https:\/\/semmelweis.hu\/mediasarok\/files\/2012\/06\/kopp_maria.jpg\"><img src=https:\/\/semmelweis.hu\/mediasarok\/files\/2012\/06\/kopp_maria.jpg \r\n                                alt=\"Dr. Kopp M\u00e1ria\" \r\n                                class=\"attachment-sote-gallery-small size-sote-gallery-small\" \r\n                                srcset=\"https:\/\/semmelweis.hu\/mediasarok\/files\/2012\/06\/kopp_maria-200x300.jpg 200w, https:\/\/semmelweis.hu\/mediasarok\/files\/2012\/06\/kopp_maria.jpg 400w\" ><\/a><\/div>\r\n                    <\/span>\r\n\r\n                <\/div>\r\n\r\n            <\/div>\r\n\r\n            \r\n            <\/div>\r\n\r\n            [\/slb_exclude]\r\n\t\n","protected":false},"excerpt":{"rendered":"<p>Kopp M\u00e1ria (Budapest, 1942. janu\u00e1r 14. \u2013 Budapest, 2012. \u00e1prilis 3.) orvos, pszichol\u00f3gus, a Semmelweis Egyetem Magatart\u00e1studom\u00e1nyi Int\u00e9zet\u00e9nek tudom\u00e1nyos igazgat\u00f3helyettese, a Semmelweis Egyetem\u2013MTA \u201eMent\u00e1lis Eg\u00e9szs\u00e9gtudom\u00e1nyok\u201d t\u00e1rsult kutat\u00f3csoportj\u00e1nak vezet\u0151je volt. A pszichol\u00f3giai tudom\u00e1nyok akad\u00e9miai doktora.<\/p>\n","protected":false},"author":12,"featured_media":39441,"comment_status":"closed","ping_status":"open","sticky":false,"template":"","format":"standard","meta":{"_acf_changed":false,"footnotes":""},"categories":[413],"tags":[730],"class_list":["post-20464","post","type-post","status-publish","format-standard","has-post-thumbnail","hentry","category-galeria","tag-semleges"],"acf":[],"_links":{"self":[{"href":"https:\/\/semmelweis.hu\/mediasarok\/wp-json\/wp\/v2\/posts\/20464","targetHints":{"allow":["GET"]}}],"collection":[{"href":"https:\/\/semmelweis.hu\/mediasarok\/wp-json\/wp\/v2\/posts"}],"about":[{"href":"https:\/\/semmelweis.hu\/mediasarok\/wp-json\/wp\/v2\/types\/post"}],"author":[{"embeddable":true,"href":"https:\/\/semmelweis.hu\/mediasarok\/wp-json\/wp\/v2\/users\/12"}],"replies":[{"embeddable":true,"href":"https:\/\/semmelweis.hu\/mediasarok\/wp-json\/wp\/v2\/comments?post=20464"}],"version-history":[{"count":6,"href":"https:\/\/semmelweis.hu\/mediasarok\/wp-json\/wp\/v2\/posts\/20464\/revisions"}],"predecessor-version":[{"id":94159,"href":"https:\/\/semmelweis.hu\/mediasarok\/wp-json\/wp\/v2\/posts\/20464\/revisions\/94159"}],"wp:featuredmedia":[{"embeddable":true,"href":"https:\/\/semmelweis.hu\/mediasarok\/wp-json\/wp\/v2\/media\/39441"}],"wp:attachment":[{"href":"https:\/\/semmelweis.hu\/mediasarok\/wp-json\/wp\/v2\/media?parent=20464"}],"wp:term":[{"taxonomy":"category","embeddable":true,"href":"https:\/\/semmelweis.hu\/mediasarok\/wp-json\/wp\/v2\/categories?post=20464"},{"taxonomy":"post_tag","embeddable":true,"href":"https:\/\/semmelweis.hu\/mediasarok\/wp-json\/wp\/v2\/tags?post=20464"}],"curies":[{"name":"wp","href":"https:\/\/api.w.org\/{rel}","templated":true}]}}