{"id":20431,"date":"2012-06-21T09:59:25","date_gmt":"2012-06-21T07:59:25","guid":{"rendered":"http:\/\/mediasarok.sote.hu\/multimedia\/kepek\/alvaslabor-i-sz-gyermekgyogyaszati-klinika\/"},"modified":"2020-03-31T12:21:04","modified_gmt":"2020-03-31T10:21:04","slug":"alvaslabor-i-sz-gyermekgyogyaszati-klinika","status":"publish","type":"post","link":"https:\/\/semmelweis.hu\/mediasarok\/2012\/06\/21\/alvaslabor-i-sz-gyermekgyogyaszati-klinika\/","title":{"rendered":"Alv\u00e1slabor &#8211; I. Sz. Gyermekgy\u00f3gy\u00e1szati Klinika"},"content":{"rendered":"<p>A gyermekek harmad\u00e1nak van valamilyen alv\u00e1szavara. \u00a0T\u00f6bb, mint \u00f6tezer gyermek \u00e9s fiatal t\u00f6lt\u00f6tte ki az alv\u00e1ssal, alv\u00e1szavarokkal kapcsolatos t\u00e9nyez\u0151kr\u0151l, rizik\u00f3faktorokr\u00f3l sz\u00f3l\u00f3 k\u00e9rd\u0151\u00edvet, t\u00f6bb, mint k\u00e9tezren v\u00e1laszoltak az \u00f6sszes k\u00e9rd\u00e9sre. fot\u00f3k: D. Kiss Bal\u00e1zs<\/p>\n\r\n        [slb_exclude]\r\n        <div class=\"row galeria-wrapper mx-0 h-auto\">\r\n            <div class=\"col-9 pl-0 pr-2\">\r\n            <span class=\"gallery-item frame\">\r\n\t\t\t\t<div class=\"galeria-left-img\"><a href=\"https:\/\/semmelweis.hu\/mediasarok\/files\/2012\/06\/szabo_attila.jpg\"><img src=https:\/\/semmelweis.hu\/mediasarok\/files\/2012\/06\/szabo_attila.jpg  \r\n                            alt=\"Dr. Szab\u00f3 Attila\" \r\n                            class=\"attachment-sote-gallery-big size-sote-gallery-big\" \r\n                            srcset=\"https:\/\/semmelweis.hu\/mediasarok\/files\/2012\/06\/szabo_attila-200x300.jpg 200w, https:\/\/semmelweis.hu\/mediasarok\/files\/2012\/06\/szabo_attila-682x1024.jpg 682w\" ><\/a><\/div>\r\n            <\/span>\r\n\r\n            <\/div>\r\n\r\n\t\t\t<div class=\"col-3 pl-0 pr-0\">\r\n\t\t\t\t<div class=\"galeria-right-img d-flex justify-content-between flex-column h-100 w-100 px-0 mx-0 \">\r\n                <div class=\"galeria-box\">\r\n\t\t\t\t\t<h3 class=\"galeria-title\">Gal\u00e9ria<\/h3>\r\n\t\t\t\t\t<div class=\"galeria-subtitle\">\r\n\r\n\t\t\t\t\t\t<div class=\"galeria-page-counter\"><span>6<\/span>k\u00e9p<\/div>\r\n                    <\/div> <\/div>\r\n                    <span class=\"gallery-item frame d-none d-md-flex\">\r\n\t\t\t\t\t<div class=\"galeria-small-img mt-0\"><a href=\"https:\/\/semmelweis.hu\/mediasarok\/files\/2012\/06\/alvaslabor5.jpg\"><img src=https:\/\/semmelweis.hu\/mediasarok\/files\/2012\/06\/alvaslabor5.jpg \r\n                                alt=\"Alv\u00e1slabor\"  \r\n                                class=\"attachment-sote-gallery-small size-sote-gallery-small\" \r\n                                srcset=\"https:\/\/semmelweis.hu\/mediasarok\/files\/2012\/06\/alvaslabor5-300x200.jpg 300w, https:\/\/semmelweis.hu\/mediasarok\/files\/2012\/06\/alvaslabor5-1024x682.jpg 1024w, https:\/\/semmelweis.hu\/mediasarok\/files\/2012\/06\/alvaslabor5-450x300.jpg 450w\" ><\/a><\/div>\r\n                    <\/span>\r\n                    <span class=\"gallery-item frame d-none d-md-flex\">\r\n\t\t\t\t\t<div class=\"galeria-small-img mt-0\"><a href=\"https:\/\/semmelweis.hu\/mediasarok\/files\/2012\/06\/alvaslabor4.jpg\"><img src=https:\/\/semmelweis.hu\/mediasarok\/files\/2012\/06\/alvaslabor4.jpg \r\n                                alt=\"Alv\u00e1slabor\" \r\n                                class=\"attachment-sote-gallery-small size-sote-gallery-small\" \r\n                                srcset=\"https:\/\/semmelweis.hu\/mediasarok\/files\/2012\/06\/alvaslabor4-300x200.jpg 300w, https:\/\/semmelweis.hu\/mediasarok\/files\/2012\/06\/alvaslabor4-1024x682.jpg 1024w, https:\/\/semmelweis.hu\/mediasarok\/files\/2012\/06\/alvaslabor4-450x300.jpg 450w\" ><\/a><\/div>\r\n                    <\/span>\r\n\r\n                <\/div>\r\n\r\n            <\/div>\r\n\r\n            <span class=\"gallery-item\"><div class=\"hidden\"><a href=\"https:\/\/semmelweis.hu\/mediasarok\/files\/2012\/06\/alvaslabor3.jpg\">\r\n        <img src=https:\/\/semmelweis.hu\/mediasarok\/files\/2012\/06\/alvaslabor3.jpg alt=\"Alv\u00e1slabor\" class=\"attachment-sote-gallery-big size-sote-gallery-big\" srcset=\"https:\/\/semmelweis.hu\/mediasarok\/files\/2012\/06\/alvaslabor3-300x200.jpg 300w, https:\/\/semmelweis.hu\/mediasarok\/files\/2012\/06\/alvaslabor3-1024x682.jpg 1024w, https:\/\/semmelweis.hu\/mediasarok\/files\/2012\/06\/alvaslabor3-450x300.jpg 450w\" >\r\n        <\/a><\/div><\/span><span class=\"gallery-item\"><div class=\"hidden\"><a href=\"https:\/\/semmelweis.hu\/mediasarok\/files\/2012\/06\/alvaslabor2.jpg\">\r\n        <img src=https:\/\/semmelweis.hu\/mediasarok\/files\/2012\/06\/alvaslabor2.jpg alt=\"Alv\u00e1slabor\" class=\"attachment-sote-gallery-big size-sote-gallery-big\" srcset=\"https:\/\/semmelweis.hu\/mediasarok\/files\/2012\/06\/alvaslabor2-300x200.jpg 300w, https:\/\/semmelweis.hu\/mediasarok\/files\/2012\/06\/alvaslabor2-1024x682.jpg 1024w, https:\/\/semmelweis.hu\/mediasarok\/files\/2012\/06\/alvaslabor2-450x300.jpg 450w\" >\r\n        <\/a><\/div><\/span><span class=\"gallery-item\"><div class=\"hidden\"><a href=\"https:\/\/semmelweis.hu\/mediasarok\/files\/2012\/06\/alvaslabor1.jpg\">\r\n        <img src=https:\/\/semmelweis.hu\/mediasarok\/files\/2012\/06\/alvaslabor1.jpg alt=\"Alv\u00e1slabor\" class=\"attachment-sote-gallery-big size-sote-gallery-big\" srcset=\"https:\/\/semmelweis.hu\/mediasarok\/files\/2012\/06\/alvaslabor1-300x200.jpg 300w, https:\/\/semmelweis.hu\/mediasarok\/files\/2012\/06\/alvaslabor1-1024x682.jpg 1024w, https:\/\/semmelweis.hu\/mediasarok\/files\/2012\/06\/alvaslabor1-450x300.jpg 450w\" >\r\n        <\/a><\/div><\/span>\r\n            <\/div>\r\n\r\n            [\/slb_exclude]\r\n\t\n","protected":false},"excerpt":{"rendered":"<p>A gyermekek harmad\u00e1nak van valamilyen alv\u00e1szavara. \u00a0T\u00f6bb, mint \u00f6tezer gyermek \u00e9s fiatal t\u00f6lt\u00f6tte ki az alv\u00e1ssal, alv\u00e1szavarokkal kapcsolatos t\u00e9nyez\u0151kr\u0151l, rizik\u00f3faktorokr\u00f3l sz\u00f3l\u00f3 k\u00e9rd\u0151\u00edvet, t\u00f6bb, mint k\u00e9tezren v\u00e1laszoltak az \u00f6sszes k\u00e9rd\u00e9sre. fot\u00f3k: D. Kiss Bal\u00e1zs<\/p>\n","protected":false},"author":12,"featured_media":39367,"comment_status":"closed","ping_status":"open","sticky":false,"template":"","format":"standard","meta":{"_acf_changed":false,"footnotes":""},"categories":[413],"tags":[728],"class_list":["post-20431","post","type-post","status-publish","format-standard","has-post-thumbnail","hentry","category-galeria","tag-pozitiv"],"acf":[],"_links":{"self":[{"href":"https:\/\/semmelweis.hu\/mediasarok\/wp-json\/wp\/v2\/posts\/20431","targetHints":{"allow":["GET"]}}],"collection":[{"href":"https:\/\/semmelweis.hu\/mediasarok\/wp-json\/wp\/v2\/posts"}],"about":[{"href":"https:\/\/semmelweis.hu\/mediasarok\/wp-json\/wp\/v2\/types\/post"}],"author":[{"embeddable":true,"href":"https:\/\/semmelweis.hu\/mediasarok\/wp-json\/wp\/v2\/users\/12"}],"replies":[{"embeddable":true,"href":"https:\/\/semmelweis.hu\/mediasarok\/wp-json\/wp\/v2\/comments?post=20431"}],"version-history":[{"count":7,"href":"https:\/\/semmelweis.hu\/mediasarok\/wp-json\/wp\/v2\/posts\/20431\/revisions"}],"predecessor-version":[{"id":94160,"href":"https:\/\/semmelweis.hu\/mediasarok\/wp-json\/wp\/v2\/posts\/20431\/revisions\/94160"}],"wp:featuredmedia":[{"embeddable":true,"href":"https:\/\/semmelweis.hu\/mediasarok\/wp-json\/wp\/v2\/media\/39367"}],"wp:attachment":[{"href":"https:\/\/semmelweis.hu\/mediasarok\/wp-json\/wp\/v2\/media?parent=20431"}],"wp:term":[{"taxonomy":"category","embeddable":true,"href":"https:\/\/semmelweis.hu\/mediasarok\/wp-json\/wp\/v2\/categories?post=20431"},{"taxonomy":"post_tag","embeddable":true,"href":"https:\/\/semmelweis.hu\/mediasarok\/wp-json\/wp\/v2\/tags?post=20431"}],"curies":[{"name":"wp","href":"https:\/\/api.w.org\/{rel}","templated":true}]}}