{"id":19961,"date":"2012-06-06T06:31:12","date_gmt":"2012-06-06T04:31:12","guid":{"rendered":"http:\/\/mediasarok.sote.hu\/multimedia\/kepek\/hemokromatozis-vervizsgalat\/"},"modified":"2020-03-31T12:21:04","modified_gmt":"2020-03-31T10:21:04","slug":"hemokromatozis-vervizsgalat","status":"publish","type":"post","link":"https:\/\/semmelweis.hu\/mediasarok\/2012\/06\/06\/hemokromatozis-vervizsgalat\/","title":{"rendered":"Hemokromat\u00f3zis, v\u00e9rvizsg\u00e1lat"},"content":{"rendered":"<p>K\u00e9t \u00e9v alatt tizen\u00f6tezer embert sz\u0171rt vasterhel\u00e9sre a Semmelweis Egyetem III. Sz. Belgy\u00f3gy\u00e1szati Klinika. K\u00f6z\u00fcl\u00fck nyolcvann\u00e9gyen szenvednek hemokromat\u00f3zisban, a leggyakoribb \u00f6r\u00f6kletes betegs\u00e9gben. fot\u00f3: D. Kiss Bal\u00e1zs<\/p>\n\r\n        [slb_exclude]\r\n        <div class=\"row galeria-wrapper mx-0 h-auto\">\r\n            <div class=\"col-9 pl-0 pr-2\">\r\n            <span class=\"gallery-item frame\">\r\n\t\t\t\t<div class=\"galeria-left-img\"><a href=\"https:\/\/semmelweis.hu\/mediasarok\/files\/2012\/06\/img_5406.jpg\"><img src=https:\/\/semmelweis.hu\/mediasarok\/files\/2012\/06\/img_5406.jpg  \r\n                            alt=\"V\u00e9rvizsg\u00e1lat\" \r\n                            class=\"attachment-sote-gallery-big size-sote-gallery-big\" \r\n                            srcset=\"https:\/\/semmelweis.hu\/mediasarok\/files\/2012\/06\/img_5406-300x200.jpg 300w, https:\/\/semmelweis.hu\/mediasarok\/files\/2012\/06\/img_5406-1024x682.jpg 1024w, https:\/\/semmelweis.hu\/mediasarok\/files\/2012\/06\/img_5406-450x300.jpg 450w\" ><\/a><\/div>\r\n            <\/span>\r\n\r\n            <\/div>\r\n\r\n\t\t\t<div class=\"col-3 pl-0 pr-0\">\r\n\t\t\t\t<div class=\"galeria-right-img d-flex justify-content-between flex-column h-100 w-100 px-0 mx-0 \">\r\n                <div class=\"galeria-box\">\r\n\t\t\t\t\t<h3 class=\"galeria-title\">Gal\u00e9ria<\/h3>\r\n\t\t\t\t\t<div class=\"galeria-subtitle\">\r\n\r\n\t\t\t\t\t\t<div class=\"galeria-page-counter\"><span>3<\/span>k\u00e9p<\/div>\r\n                    <\/div> <\/div>\r\n                    <span class=\"gallery-item frame d-none d-md-flex\">\r\n\t\t\t\t\t<div class=\"galeria-small-img mt-0\"><a href=\"https:\/\/semmelweis.hu\/mediasarok\/files\/2012\/06\/img_5402.jpg\"><img src=https:\/\/semmelweis.hu\/mediasarok\/files\/2012\/06\/img_5402.jpg \r\n                                alt=\"V\u00e9rvizsg\u00e1lat\"  \r\n                                class=\"attachment-sote-gallery-small size-sote-gallery-small\" \r\n                                srcset=\"https:\/\/semmelweis.hu\/mediasarok\/files\/2012\/06\/img_5402-300x200.jpg 300w, https:\/\/semmelweis.hu\/mediasarok\/files\/2012\/06\/img_5402-1024x682.jpg 1024w, https:\/\/semmelweis.hu\/mediasarok\/files\/2012\/06\/img_5402-450x300.jpg 450w\" ><\/a><\/div>\r\n                    <\/span>\r\n                    <span class=\"gallery-item frame d-none d-md-flex\">\r\n\t\t\t\t\t<div class=\"galeria-small-img mt-0\"><a href=\"https:\/\/semmelweis.hu\/mediasarok\/files\/2012\/06\/img_1629.jpg\"><img src=https:\/\/semmelweis.hu\/mediasarok\/files\/2012\/06\/img_1629.jpg \r\n                                alt=\"V\u00e9rvizsg\u00e1lat\" \r\n                                class=\"attachment-sote-gallery-small size-sote-gallery-small\" \r\n                                srcset=\"https:\/\/semmelweis.hu\/mediasarok\/files\/2012\/06\/img_1629-300x200.jpg 300w, https:\/\/semmelweis.hu\/mediasarok\/files\/2012\/06\/img_1629-1024x682.jpg 1024w, https:\/\/semmelweis.hu\/mediasarok\/files\/2012\/06\/img_1629-450x300.jpg 450w\" ><\/a><\/div>\r\n                    <\/span>\r\n\r\n                <\/div>\r\n\r\n            <\/div>\r\n\r\n            \r\n            <\/div>\r\n\r\n            [\/slb_exclude]\r\n\t\n","protected":false},"excerpt":{"rendered":"<p>K\u00e9t \u00e9v alatt tizen\u00f6tezer embert sz\u0171rt vasterhel\u00e9sre a Semmelweis Egyetem III. Sz. Belgy\u00f3gy\u00e1szati Klinika. K\u00f6z\u00fcl\u00fck nyolcvann\u00e9gyen szenvednek hemokromat\u00f3zisban, a leggyakoribb \u00f6r\u00f6kletes betegs\u00e9gben. fot\u00f3: D. Kiss Bal\u00e1zs<\/p>\n","protected":false},"author":12,"featured_media":39376,"comment_status":"closed","ping_status":"open","sticky":false,"template":"","format":"standard","meta":{"_acf_changed":false,"footnotes":""},"categories":[413],"tags":[728],"class_list":["post-19961","post","type-post","status-publish","format-standard","has-post-thumbnail","hentry","category-galeria","tag-pozitiv"],"acf":[],"_links":{"self":[{"href":"https:\/\/semmelweis.hu\/mediasarok\/wp-json\/wp\/v2\/posts\/19961","targetHints":{"allow":["GET"]}}],"collection":[{"href":"https:\/\/semmelweis.hu\/mediasarok\/wp-json\/wp\/v2\/posts"}],"about":[{"href":"https:\/\/semmelweis.hu\/mediasarok\/wp-json\/wp\/v2\/types\/post"}],"author":[{"embeddable":true,"href":"https:\/\/semmelweis.hu\/mediasarok\/wp-json\/wp\/v2\/users\/12"}],"replies":[{"embeddable":true,"href":"https:\/\/semmelweis.hu\/mediasarok\/wp-json\/wp\/v2\/comments?post=19961"}],"version-history":[{"count":5,"href":"https:\/\/semmelweis.hu\/mediasarok\/wp-json\/wp\/v2\/posts\/19961\/revisions"}],"predecessor-version":[{"id":94161,"href":"https:\/\/semmelweis.hu\/mediasarok\/wp-json\/wp\/v2\/posts\/19961\/revisions\/94161"}],"wp:featuredmedia":[{"embeddable":true,"href":"https:\/\/semmelweis.hu\/mediasarok\/wp-json\/wp\/v2\/media\/39376"}],"wp:attachment":[{"href":"https:\/\/semmelweis.hu\/mediasarok\/wp-json\/wp\/v2\/media?parent=19961"}],"wp:term":[{"taxonomy":"category","embeddable":true,"href":"https:\/\/semmelweis.hu\/mediasarok\/wp-json\/wp\/v2\/categories?post=19961"},{"taxonomy":"post_tag","embeddable":true,"href":"https:\/\/semmelweis.hu\/mediasarok\/wp-json\/wp\/v2\/tags?post=19961"}],"curies":[{"name":"wp","href":"https:\/\/api.w.org\/{rel}","templated":true}]}}