{"id":19262,"date":"2012-05-08T13:22:11","date_gmt":"2012-05-08T12:22:11","guid":{"rendered":"http:\/\/mediasarok.sote.hu\/?p=19262"},"modified":"2024-05-28T08:40:35","modified_gmt":"2024-05-28T06:40:35","slug":"semmelweis-kutatoi-szalon","status":"publish","type":"post","link":"https:\/\/semmelweis.hu\/mediasarok\/2012\/05\/08\/semmelweis-kutatoi-szalon\/","title":{"rendered":"Semmelweis Kutat\u00f3i Szalon"},"content":{"rendered":"<p style=\"text-align: right\"><em>&#8230;ahol a talentum \u00e9s<br \/>\naz inspir\u00e1ci\u00f3 tal\u00e1lkozik<\/em><\/p>\n<p>A Semmelweis Kutat\u00f3i Szalon a Semmelweis Egyetem elit tudom\u00e1nyos f\u00f3ruma, ahol egyetem\u00fcnk, haz\u00e1nk \u00e9s a nagyvil\u00e1g kiv\u00e1l\u00f3 kutat\u00f3inak, p\u00e9ldamutat\u00f3 tud\u00f3sainak gondolataival, eszm\u00e9ivel \u00e9s szellemi vonz\u00e1sk\u00f6r\u00e9vel tal\u00e1lkozhatunk. A lehet\u0151s\u00e9get ad arra, hogy d\u00edjakban, kit\u00fcntet\u00e9sekben vagy vezet\u0151i kinevez\u00e9sekben r\u00e9szes\u00fcl\u0151 tud\u00f3saink kiv\u00e9teles intellektu\u00e1lis k\u00f6zegben \u00e9s k\u00f6rnyezetben mutatkozhassanak be.<\/p>\n<p><strong>Rendezv\u00e9ny id\u0151pontja:<\/strong><\/p>\n<p>2012. m\u00e1jus 8. 16 \u00f3ra<\/p>\n<p>H\u00e1zigazda:Dr. R\u00e9thelyi Mikl\u00f3s, egyetemi tan\u00e1r<br \/>\nSemmelweis Egyetem<br \/>\nAnat\u00f3miai, Sz\u00f6vet- \u00e9s Fejl\u0151d\u00e9stani Int\u00e9zet<\/p>\n<p><strong>Program:<\/strong><\/p>\n<p>A sz\u00edvizom endog\u00e9n adapt\u00e1ci\u00f3ja az infarktus ellen: a kardiovaszkul\u00e1ris rizik\u00f3faktorok jelent\u0151s\u00e9ge<\/p>\n<p>Dr. Ferdin\u00e1ndy P\u00e9ter<br \/>\nInt\u00e9zetvezet\u0151 egyetemi tan\u00e1r<br \/>\nSemmelweis Egyetem<br \/>\nFarmakol\u00f3giai \u00e9s Farmakoter\u00e1pi\u00e1s Int\u00e9zet<\/p>\n<p>Gyullad\u00e1sos betegs\u00e9gek \u00faj ter\u00e1pi\u00e1s t\u00e1mad\u00e1spontjainak azonos\u00edt\u00e1sa transzg\u00e9nikus egerek seg\u00edts\u00e9g\u00e9vel<\/p>\n<p>Dr. M\u00f3csai Attila<br \/>\nEgyetemi docens<br \/>\nSemmelweis Egyetem<br \/>\n\u00c9lettani Int\u00e9zet<\/p>\n<p><a href=\"https:\/\/semmelweis.hu\/mediasarok\/files\/2012\/05\/kutatoegyetemi-logosor.jpg\"><img loading=\"lazy\" decoding=\"async\" class=\"aligncenter size-full wp-image-19122\" src=\"https:\/\/semmelweis.hu\/mediasarok\/files\/2012\/05\/kutatoegyetemi-logosor.jpg\" alt=\"\" width=\"2646\" height=\"448\" srcset=\"https:\/\/semmelweis.hu\/mediasarok\/files\/2012\/05\/kutatoegyetemi-logosor.jpg 2560w, https:\/\/semmelweis.hu\/mediasarok\/files\/2012\/05\/kutatoegyetemi-logosor-300x50.jpg 300w, https:\/\/semmelweis.hu\/mediasarok\/files\/2012\/05\/kutatoegyetemi-logosor-1024x173.jpg 1024w, https:\/\/semmelweis.hu\/mediasarok\/files\/2012\/05\/kutatoegyetemi-logosor-580x98.jpg 580w\" sizes=\"auto, (max-width: 2646px) 100vw, 2646px\" \/><\/a><\/p>\n","protected":false},"excerpt":{"rendered":"<p>&#8230;ahol a talentum \u00e9s az inspir\u00e1ci\u00f3 tal\u00e1lkozik A Semmelweis Kutat\u00f3i Szalon a Semmelweis Egyetem elit tudom\u00e1nyos f\u00f3ruma, ahol egyetem\u00fcnk, haz\u00e1nk \u00e9s a nagyvil\u00e1g kiv\u00e1l\u00f3 kutat\u00f3inak, p\u00e9ldamutat\u00f3 tud\u00f3sainak gondolataival, eszm\u00e9ivel \u00e9s szellemi vonz\u00e1sk\u00f6r\u00e9vel tal\u00e1lkozhatunk. A lehet\u0151s\u00e9get ad arra, hogy d\u00edjakban, kit\u00fcntet\u00e9sekben vagy vezet\u0151i kinevez\u00e9sekben r\u00e9szes\u00fcl\u0151 tud\u00f3saink kiv\u00e9teles intellektu\u00e1lis k\u00f6zegben \u00e9s k\u00f6rnyezetben mutatkozhassanak be. Rendezv\u00e9ny id\u0151pontja: 2012. &hellip;<\/p>\n","protected":false},"author":155,"featured_media":19263,"comment_status":"closed","ping_status":"open","sticky":false,"template":"","format":"standard","meta":{"_acf_changed":false,"footnotes":""},"categories":[5],"tags":[733],"class_list":["post-19262","post","type-post","status-publish","format-standard","has-post-thumbnail","hentry","category-cikkek","tag-meghivo"],"acf":[],"_links":{"self":[{"href":"https:\/\/semmelweis.hu\/mediasarok\/wp-json\/wp\/v2\/posts\/19262","targetHints":{"allow":["GET"]}}],"collection":[{"href":"https:\/\/semmelweis.hu\/mediasarok\/wp-json\/wp\/v2\/posts"}],"about":[{"href":"https:\/\/semmelweis.hu\/mediasarok\/wp-json\/wp\/v2\/types\/post"}],"author":[{"embeddable":true,"href":"https:\/\/semmelweis.hu\/mediasarok\/wp-json\/wp\/v2\/users\/155"}],"replies":[{"embeddable":true,"href":"https:\/\/semmelweis.hu\/mediasarok\/wp-json\/wp\/v2\/comments?post=19262"}],"version-history":[{"count":1,"href":"https:\/\/semmelweis.hu\/mediasarok\/wp-json\/wp\/v2\/posts\/19262\/revisions"}],"predecessor-version":[{"id":93534,"href":"https:\/\/semmelweis.hu\/mediasarok\/wp-json\/wp\/v2\/posts\/19262\/revisions\/93534"}],"wp:featuredmedia":[{"embeddable":true,"href":"https:\/\/semmelweis.hu\/mediasarok\/wp-json\/wp\/v2\/media\/19263"}],"wp:attachment":[{"href":"https:\/\/semmelweis.hu\/mediasarok\/wp-json\/wp\/v2\/media?parent=19262"}],"wp:term":[{"taxonomy":"category","embeddable":true,"href":"https:\/\/semmelweis.hu\/mediasarok\/wp-json\/wp\/v2\/categories?post=19262"},{"taxonomy":"post_tag","embeddable":true,"href":"https:\/\/semmelweis.hu\/mediasarok\/wp-json\/wp\/v2\/tags?post=19262"}],"curies":[{"name":"wp","href":"https:\/\/api.w.org\/{rel}","templated":true}]}}