{"id":19221,"date":"2012-05-08T08:50:15","date_gmt":"2012-05-08T06:50:15","guid":{"rendered":"http:\/\/mediasarok.sote.hu\/multimedia\/kepek\/eurotranszplant-sziv-es-vesetranszplantacio\/"},"modified":"2020-03-31T12:21:04","modified_gmt":"2020-03-31T10:21:04","slug":"eurotranszplant-sziv-es-vesetranszplantacio","status":"publish","type":"post","link":"https:\/\/semmelweis.hu\/mediasarok\/2012\/05\/08\/eurotranszplant-sziv-es-vesetranszplantacio\/","title":{"rendered":"Eurotranszplant sz\u00edv- \u00e9s vesetranszplant\u00e1ci\u00f3"},"content":{"rendered":"<p>Be\u00fcltett\u00e9k az els\u0151 hazai v\u00e9gleges m\u0171sz\u00edvet a Semmelweis Egyetemen. A f\u00e9l kil\u00f3s, kb. 10 centim\u00e9teres szerkezet folyamatosan \u00e1ramoltatja a v\u00e9rt az erekben, \u00edgy a betegeknek tulajdonk\u00e9ppen nincs pulzusa. Az 51 \u00e9ves f\u00e9rfi, akin az \u00e9letment\u0151 beavatkoz\u00e1st a V\u00e1rosmajori Klinik\u00e1n szeptember 20-\u00e1n v\u00e9grehajtott\u00e1k, v\u00e9gst\u00e1dium\u00fa sz\u00edvel\u00e9gtelens\u00e9gben szenvedett. Magyarorsz\u00e1gon jelenleg 300 ezer olyan ember \u00e9l, akik \u00e9rintettek a betegs\u00e9gben. A betegek fele a diagn\u00f3zis fel\u00e1ll\u00edt\u00e1s\u00e1t k\u00f6vet\u0151 4 \u00e9ven bel\u00fcl meghal. fot\u00f3: D. Kiss Bal\u00e1zs<\/p>\n\r\n        [slb_exclude]\r\n        <div class=\"row galeria-wrapper mx-0 h-auto\">\r\n            <div class=\"col-9 pl-0 pr-2\">\r\n            <span class=\"gallery-item frame\">\r\n\t\t\t\t<div class=\"galeria-left-img\"><a href=\"https:\/\/semmelweis.hu\/mediasarok\/files\/2012\/05\/langer-robert.jpg\"><img src=https:\/\/semmelweis.hu\/mediasarok\/files\/2012\/05\/langer-robert.jpg  \r\n                            alt=\"Dr. Langer R\u00f3bert\" \r\n                            class=\"attachment-sote-gallery-big size-sote-gallery-big\" \r\n                            srcset=\"https:\/\/semmelweis.hu\/mediasarok\/files\/2012\/05\/langer-robert-200x300.jpg 200w, https:\/\/semmelweis.hu\/mediasarok\/files\/2012\/05\/langer-robert-682x1024.jpg 682w\" ><\/a><\/div>\r\n            <\/span>\r\n\r\n            <\/div>\r\n\r\n\t\t\t<div class=\"col-3 pl-0 pr-0\">\r\n\t\t\t\t<div class=\"galeria-right-img d-flex justify-content-between flex-column h-100 w-100 px-0 mx-0 \">\r\n                <div class=\"galeria-box\">\r\n\t\t\t\t\t<h3 class=\"galeria-title\">Gal\u00e9ria<\/h3>\r\n\t\t\t\t\t<div class=\"galeria-subtitle\">\r\n\r\n\t\t\t\t\t\t<div class=\"galeria-page-counter\"><span>18<\/span>k\u00e9p<\/div>\r\n                    <\/div> <\/div>\r\n                    <span class=\"gallery-item frame d-none d-md-flex\">\r\n\t\t\t\t\t<div class=\"galeria-small-img mt-0\"><a href=\"https:\/\/semmelweis.hu\/mediasarok\/files\/2012\/05\/img_6739.jpg\"><img src=https:\/\/semmelweis.hu\/mediasarok\/files\/2012\/05\/img_6739.jpg \r\n                                alt=\"Els\u0151 magyar m\u0171sz\u00edvbe\u00fcltet\u00e9s\"  \r\n                                class=\"attachment-sote-gallery-small size-sote-gallery-small\" \r\n                                srcset=\"https:\/\/semmelweis.hu\/mediasarok\/files\/2012\/05\/img_6739-300x200.jpg 300w, https:\/\/semmelweis.hu\/mediasarok\/files\/2012\/05\/img_6739-1024x682.jpg 1024w, https:\/\/semmelweis.hu\/mediasarok\/files\/2012\/05\/img_6739-450x300.jpg 450w\" ><\/a><\/div>\r\n                    <\/span>\r\n                    <span class=\"gallery-item frame d-none d-md-flex\">\r\n\t\t\t\t\t<div class=\"galeria-small-img mt-0\"><a href=\"https:\/\/semmelweis.hu\/mediasarok\/files\/2012\/05\/img_3302.jpg\"><img src=https:\/\/semmelweis.hu\/mediasarok\/files\/2012\/05\/img_3302.jpg \r\n                                alt=\"Dr. Merkely B\u00e9la\" \r\n                                class=\"attachment-sote-gallery-small size-sote-gallery-small\" \r\n                                srcset=\"https:\/\/semmelweis.hu\/mediasarok\/files\/2012\/05\/img_3302-300x200.jpg 300w, https:\/\/semmelweis.hu\/mediasarok\/files\/2012\/05\/img_3302-1024x682.jpg 1024w, https:\/\/semmelweis.hu\/mediasarok\/files\/2012\/05\/img_3302-450x300.jpg 450w\" ><\/a><\/div>\r\n                    <\/span>\r\n\r\n                <\/div>\r\n\r\n            <\/div>\r\n\r\n            <span class=\"gallery-item\"><div class=\"hidden\"><a href=\"https:\/\/semmelweis.hu\/mediasarok\/files\/2012\/05\/img_3296.jpg\">\r\n        <img src=https:\/\/semmelweis.hu\/mediasarok\/files\/2012\/05\/img_3296.jpg alt=\"Els\u0151 magyar m\u0171sz\u00edvbe\u00fcltet\u00e9s\" class=\"attachment-sote-gallery-big size-sote-gallery-big\" srcset=\"https:\/\/semmelweis.hu\/mediasarok\/files\/2012\/05\/img_3296-300x200.jpg 300w, https:\/\/semmelweis.hu\/mediasarok\/files\/2012\/05\/img_3296-1024x682.jpg 1024w, https:\/\/semmelweis.hu\/mediasarok\/files\/2012\/05\/img_3296-450x300.jpg 450w\" >\r\n        <\/a><\/div><\/span><span class=\"gallery-item\"><div class=\"hidden\"><a href=\"https:\/\/semmelweis.hu\/mediasarok\/files\/2012\/05\/img_3287.jpg\">\r\n        <img src=https:\/\/semmelweis.hu\/mediasarok\/files\/2012\/05\/img_3287.jpg alt=\"Els\u0151 magyar m\u0171sz\u00edvbe\u00fcltet\u00e9s\" class=\"attachment-sote-gallery-big size-sote-gallery-big\" srcset=\"https:\/\/semmelweis.hu\/mediasarok\/files\/2012\/05\/img_3287-300x212.jpg 300w, https:\/\/semmelweis.hu\/mediasarok\/files\/2012\/05\/img_3287-1024x725.jpg 1024w, https:\/\/semmelweis.hu\/mediasarok\/files\/2012\/05\/img_3287-423x300.jpg 423w\" >\r\n        <\/a><\/div><\/span><span class=\"gallery-item\"><div class=\"hidden\"><a href=\"https:\/\/semmelweis.hu\/mediasarok\/files\/2012\/05\/img_3283.jpg\">\r\n        <img src=https:\/\/semmelweis.hu\/mediasarok\/files\/2012\/05\/img_3283.jpg alt=\"Els\u0151 magyar m\u0171sz\u00edvbe\u00fcltet\u00e9s\" class=\"attachment-sote-gallery-big size-sote-gallery-big\" srcset=\"https:\/\/semmelweis.hu\/mediasarok\/files\/2012\/05\/img_3283-300x200.jpg 300w, https:\/\/semmelweis.hu\/mediasarok\/files\/2012\/05\/img_3283-1024x682.jpg 1024w, https:\/\/semmelweis.hu\/mediasarok\/files\/2012\/05\/img_3283-450x300.jpg 450w\" >\r\n        <\/a><\/div><\/span><span class=\"gallery-item\"><div class=\"hidden\"><a href=\"https:\/\/semmelweis.hu\/mediasarok\/files\/2012\/05\/img_3280.jpg\">\r\n        <img src=https:\/\/semmelweis.hu\/mediasarok\/files\/2012\/05\/img_3280.jpg alt=\"Els\u0151 magyar m\u0171sz\u00edvbe\u00fcltet\u00e9s\" class=\"attachment-sote-gallery-big size-sote-gallery-big\" srcset=\"https:\/\/semmelweis.hu\/mediasarok\/files\/2012\/05\/img_3280-300x200.jpg 300w, https:\/\/semmelweis.hu\/mediasarok\/files\/2012\/05\/img_3280-1024x682.jpg 1024w, https:\/\/semmelweis.hu\/mediasarok\/files\/2012\/05\/img_3280-450x300.jpg 450w\" >\r\n        <\/a><\/div><\/span><span class=\"gallery-item\"><div class=\"hidden\"><a href=\"https:\/\/semmelweis.hu\/mediasarok\/files\/2012\/05\/img_3256.jpg\">\r\n        <img src=https:\/\/semmelweis.hu\/mediasarok\/files\/2012\/05\/img_3256.jpg alt=\"Dr. Merkely B\u00e9la\" class=\"attachment-sote-gallery-big size-sote-gallery-big\" srcset=\"https:\/\/semmelweis.hu\/mediasarok\/files\/2012\/05\/img_3256-200x300.jpg 200w, https:\/\/semmelweis.hu\/mediasarok\/files\/2012\/05\/img_3256-682x1024.jpg 682w\" >\r\n        <\/a><\/div><\/span><span class=\"gallery-item\"><div class=\"hidden\"><a href=\"https:\/\/semmelweis.hu\/mediasarok\/files\/2012\/05\/img_3183.jpg\">\r\n        <img src=https:\/\/semmelweis.hu\/mediasarok\/files\/2012\/05\/img_3183.jpg alt=\"Els\u0151 magyar m\u0171sz\u00edvbe\u00fcltet\u00e9s\" class=\"attachment-sote-gallery-big size-sote-gallery-big\" srcset=\"https:\/\/semmelweis.hu\/mediasarok\/files\/2012\/05\/img_3183-300x200.jpg 300w, https:\/\/semmelweis.hu\/mediasarok\/files\/2012\/05\/img_3183-1024x682.jpg 1024w, https:\/\/semmelweis.hu\/mediasarok\/files\/2012\/05\/img_3183-450x300.jpg 450w\" >\r\n        <\/a><\/div><\/span><span class=\"gallery-item\"><div class=\"hidden\"><a href=\"https:\/\/semmelweis.hu\/mediasarok\/files\/2012\/05\/img_3153.jpg\">\r\n        <img src=https:\/\/semmelweis.hu\/mediasarok\/files\/2012\/05\/img_3153.jpg alt=\"Els\u0151 magyar m\u0171sz\u00edvbe\u00fcltet\u00e9s\" class=\"attachment-sote-gallery-big size-sote-gallery-big\" srcset=\"https:\/\/semmelweis.hu\/mediasarok\/files\/2012\/05\/img_3153-300x200.jpg 300w, https:\/\/semmelweis.hu\/mediasarok\/files\/2012\/05\/img_3153-1024x682.jpg 1024w, https:\/\/semmelweis.hu\/mediasarok\/files\/2012\/05\/img_3153-450x300.jpg 450w\" >\r\n        <\/a><\/div><\/span><span class=\"gallery-item\"><div class=\"hidden\"><a href=\"https:\/\/semmelweis.hu\/mediasarok\/files\/2012\/05\/img_3149.jpg\">\r\n        <img src=https:\/\/semmelweis.hu\/mediasarok\/files\/2012\/05\/img_3149.jpg alt=\"Els\u0151 magyar m\u0171sz\u00edvbe\u00fcltet\u00e9s\" class=\"attachment-sote-gallery-big size-sote-gallery-big\" srcset=\"https:\/\/semmelweis.hu\/mediasarok\/files\/2012\/05\/img_3149-300x200.jpg 300w, https:\/\/semmelweis.hu\/mediasarok\/files\/2012\/05\/img_3149-1024x682.jpg 1024w, https:\/\/semmelweis.hu\/mediasarok\/files\/2012\/05\/img_3149-450x300.jpg 450w\" >\r\n        <\/a><\/div><\/span><span class=\"gallery-item\"><div class=\"hidden\"><a href=\"https:\/\/semmelweis.hu\/mediasarok\/files\/2012\/05\/img_2653.jpg\">\r\n        <img src=https:\/\/semmelweis.hu\/mediasarok\/files\/2012\/05\/img_2653.jpg alt=\"Els\u0151 magyar m\u0171sz\u00edvbe\u00fcltet\u00e9s\" class=\"attachment-sote-gallery-big size-sote-gallery-big\" srcset=\"https:\/\/semmelweis.hu\/mediasarok\/files\/2012\/05\/img_2653-300x200.jpg 300w, https:\/\/semmelweis.hu\/mediasarok\/files\/2012\/05\/img_2653-1024x682.jpg 1024w, https:\/\/semmelweis.hu\/mediasarok\/files\/2012\/05\/img_2653-449x300.jpg 449w\" >\r\n        <\/a><\/div><\/span><span class=\"gallery-item\"><div class=\"hidden\"><a href=\"https:\/\/semmelweis.hu\/mediasarok\/files\/2012\/05\/img_6504.jpg\">\r\n        <img src=https:\/\/semmelweis.hu\/mediasarok\/files\/2012\/05\/img_6504.jpg alt=\"Els\u0151 magyar m\u0171sz\u00edvbe\u00fcltet\u00e9s\" class=\"attachment-sote-gallery-big size-sote-gallery-big\" srcset=\"https:\/\/semmelweis.hu\/mediasarok\/files\/2012\/05\/img_6504-300x200.jpg 300w, https:\/\/semmelweis.hu\/mediasarok\/files\/2012\/05\/img_6504-1024x682.jpg 1024w, https:\/\/semmelweis.hu\/mediasarok\/files\/2012\/05\/img_6504-450x300.jpg 450w\" >\r\n        <\/a><\/div><\/span><span class=\"gallery-item\"><div class=\"hidden\"><a href=\"https:\/\/semmelweis.hu\/mediasarok\/files\/2012\/05\/img_2647.jpg\">\r\n        <img src=https:\/\/semmelweis.hu\/mediasarok\/files\/2012\/05\/img_2647.jpg alt=\"Els\u0151 magyar m\u0171sz\u00edvbe\u00fcltet\u00e9s\" class=\"attachment-sote-gallery-big size-sote-gallery-big\" srcset=\"https:\/\/semmelweis.hu\/mediasarok\/files\/2012\/05\/img_2647-300x200.jpg 300w, https:\/\/semmelweis.hu\/mediasarok\/files\/2012\/05\/img_2647-1024x682.jpg 1024w, https:\/\/semmelweis.hu\/mediasarok\/files\/2012\/05\/img_2647-450x300.jpg 450w\" >\r\n        <\/a><\/div><\/span><span class=\"gallery-item\"><div class=\"hidden\"><a href=\"https:\/\/semmelweis.hu\/mediasarok\/files\/2012\/05\/img_2651.jpg\">\r\n        <img src=https:\/\/semmelweis.hu\/mediasarok\/files\/2012\/05\/img_2651.jpg alt=\"Els\u0151 magyar m\u0171sz\u00edvbe\u00fcltet\u00e9s\" class=\"attachment-sote-gallery-big size-sote-gallery-big\" srcset=\"https:\/\/semmelweis.hu\/mediasarok\/files\/2012\/05\/img_2651-300x200.jpg 300w, https:\/\/semmelweis.hu\/mediasarok\/files\/2012\/05\/img_2651-1024x682.jpg 1024w, https:\/\/semmelweis.hu\/mediasarok\/files\/2012\/05\/img_2651-450x300.jpg 450w\" >\r\n        <\/a><\/div><\/span><span class=\"gallery-item\"><div class=\"hidden\"><a href=\"https:\/\/semmelweis.hu\/mediasarok\/files\/2012\/05\/dr_merkely_bela2.jpg\">\r\n        <img src=https:\/\/semmelweis.hu\/mediasarok\/files\/2012\/05\/dr_merkely_bela2.jpg alt=\"Dr. Merkely B\u00e9la\" class=\"attachment-sote-gallery-big size-sote-gallery-big\" srcset=\"https:\/\/semmelweis.hu\/mediasarok\/files\/2012\/05\/dr_merkely_bela2-200x300.jpg 200w, https:\/\/semmelweis.hu\/mediasarok\/files\/2012\/05\/dr_merkely_bela2-682x1024.jpg 682w\" >\r\n        <\/a><\/div><\/span><span class=\"gallery-item\"><div class=\"hidden\"><a href=\"https:\/\/semmelweis.hu\/mediasarok\/files\/2012\/05\/gal-janos.jpg\">\r\n        <img src=https:\/\/semmelweis.hu\/mediasarok\/files\/2012\/05\/gal-janos.jpg alt=\"Dr. G\u00e1l J\u00e1nos\" class=\"attachment-sote-gallery-big size-sote-gallery-big\" srcset=\"https:\/\/semmelweis.hu\/mediasarok\/files\/2012\/05\/gal-janos-200x300.jpg 200w, https:\/\/semmelweis.hu\/mediasarok\/files\/2012\/05\/gal-janos-682x1024.jpg 682w\" >\r\n        <\/a><\/div><\/span><span class=\"gallery-item\"><div class=\"hidden\"><a href=\"https:\/\/semmelweis.hu\/mediasarok\/files\/2012\/05\/img_2664.jpg\">\r\n        <img src=https:\/\/semmelweis.hu\/mediasarok\/files\/2012\/05\/img_2664.jpg alt=\"Els\u0151 magyar m\u0171sz\u00edvbe\u00fcltet\u00e9s\" class=\"attachment-sote-gallery-big size-sote-gallery-big\" srcset=\"https:\/\/semmelweis.hu\/mediasarok\/files\/2012\/05\/img_2664-200x300.jpg 200w, https:\/\/semmelweis.hu\/mediasarok\/files\/2012\/05\/img_2664-682x1024.jpg 682w\" >\r\n        <\/a><\/div><\/span>\r\n            <\/div>\r\n\r\n            [\/slb_exclude]\r\n\t\n","protected":false},"excerpt":{"rendered":"<p>Be\u00fcltett\u00e9k az els\u0151 hazai v\u00e9gleges m\u0171sz\u00edvet a Semmelweis Egyetemen. A f\u00e9l kil\u00f3s, kb. 10 centim\u00e9teres szerkezet folyamatosan \u00e1ramoltatja a v\u00e9rt az erekben, \u00edgy a betegeknek tulajdonk\u00e9ppen nincs pulzusa. Az 51 \u00e9ves f\u00e9rfi, akin az \u00e9letment\u0151 beavatkoz\u00e1st a V\u00e1rosmajori Klinik\u00e1n szeptember 20-\u00e1n v\u00e9grehajtott\u00e1k, v\u00e9gst\u00e1dium\u00fa sz\u00edvel\u00e9gtelens\u00e9gben szenvedett. Magyarorsz\u00e1gon jelenleg 300 ezer olyan ember \u00e9l, akik \u00e9rintettek a &hellip;<\/p>\n","protected":false},"author":12,"featured_media":39308,"comment_status":"closed","ping_status":"open","sticky":false,"template":"","format":"standard","meta":{"_acf_changed":false,"footnotes":""},"categories":[413],"tags":[728],"class_list":["post-19221","post","type-post","status-publish","format-standard","has-post-thumbnail","hentry","category-galeria","tag-pozitiv"],"acf":[],"_links":{"self":[{"href":"https:\/\/semmelweis.hu\/mediasarok\/wp-json\/wp\/v2\/posts\/19221","targetHints":{"allow":["GET"]}}],"collection":[{"href":"https:\/\/semmelweis.hu\/mediasarok\/wp-json\/wp\/v2\/posts"}],"about":[{"href":"https:\/\/semmelweis.hu\/mediasarok\/wp-json\/wp\/v2\/types\/post"}],"author":[{"embeddable":true,"href":"https:\/\/semmelweis.hu\/mediasarok\/wp-json\/wp\/v2\/users\/12"}],"replies":[{"embeddable":true,"href":"https:\/\/semmelweis.hu\/mediasarok\/wp-json\/wp\/v2\/comments?post=19221"}],"version-history":[{"count":4,"href":"https:\/\/semmelweis.hu\/mediasarok\/wp-json\/wp\/v2\/posts\/19221\/revisions"}],"predecessor-version":[{"id":94162,"href":"https:\/\/semmelweis.hu\/mediasarok\/wp-json\/wp\/v2\/posts\/19221\/revisions\/94162"}],"wp:featuredmedia":[{"embeddable":true,"href":"https:\/\/semmelweis.hu\/mediasarok\/wp-json\/wp\/v2\/media\/39308"}],"wp:attachment":[{"href":"https:\/\/semmelweis.hu\/mediasarok\/wp-json\/wp\/v2\/media?parent=19221"}],"wp:term":[{"taxonomy":"category","embeddable":true,"href":"https:\/\/semmelweis.hu\/mediasarok\/wp-json\/wp\/v2\/categories?post=19221"},{"taxonomy":"post_tag","embeddable":true,"href":"https:\/\/semmelweis.hu\/mediasarok\/wp-json\/wp\/v2\/tags?post=19221"}],"curies":[{"name":"wp","href":"https:\/\/api.w.org\/{rel}","templated":true}]}}