{"id":188783,"date":"2026-09-04T14:00:35","date_gmt":"2026-09-04T12:00:35","guid":{"rendered":"https:\/\/semmelweis.hu\/mediasarok\/?p=188783"},"modified":"2026-09-04T13:18:18","modified_gmt":"2026-09-04T11:18:18","slug":"kutatasi-eredmenybol-piackepes-innovacio-elindult-a-poc-program-harmadik-forduloja","status":"publish","type":"post","link":"https:\/\/semmelweis.hu\/mediasarok\/2026\/09\/04\/kutatasi-eredmenybol-piackepes-innovacio-elindult-a-poc-program-harmadik-forduloja\/","title":{"rendered":"Kutat\u00e1si eredm\u00e9nyb\u0151l piack\u00e9pes innov\u00e1ci\u00f3 \u2013 elindult a PoC program harmadik fordul\u00f3ja"},"content":{"rendered":"<div class=\"lead\">A Semmelweis Egyetem Technol\u00f3gia Transzfer K\u00f6zpontja (TTC) meghirdette Proof of Concept (PoC) p\u00e1ly\u00e1zat\u00e1nak harmadik fordul\u00f3j\u00e1t, amely az orvos- \u00e9s eg\u00e9szs\u00e9gtudom\u00e1nyi kutat\u00e1si eredm\u00e9nyek gyakorlati alkalmaz\u00e1s\u00e1nak \u00e9s hasznos\u00edt\u00e1s\u00e1nak t\u00e1mogat\u00e1s\u00e1t c\u00e9lozza. A program lehet\u0151s\u00e9get biztos\u00edt arra, hogy az egyetemi kutat\u00f3int\u00e9zetekben \u00e9s klinik\u00e1kon l\u00e9trej\u00f6v\u0151, magas potenci\u00e1llal rendelkez\u0151 tudom\u00e1nyos eredm\u00e9nyek tov\u00e1bbfejleszt\u00e9s\u00e9vel piack\u00e9pes, a mindennapi betegell\u00e1t\u00e1sban hasznos\u00edthat\u00f3 megold\u00e1sok sz\u00fclessenek. A program a Nemzeti Kutat\u00e1si, Fejleszt\u00e9si \u00e9s Innov\u00e1ci\u00f3s Hivatal t\u00e1mogat\u00e1s\u00e1val val\u00f3sul meg, a 2024-2.1.3-POC-2025-00008 azonos\u00edt\u00f3sz\u00e1m\u00fa t\u00e1mogat\u00e1si szerz\u0151d\u00e9s keret\u00e9ben.<\/div>\n<p>A PoC program az alapkutat\u00e1s \u00e9s a kereskedelmi hasznos\u00edt\u00e1s k\u00f6z\u00f6tti legnagyobb kock\u00e1zattal j\u00e1r\u00f3 szakasz \u00e1thidal\u00e1s\u00e1t c\u00e9lozza. A 2026 \u0151sz\u00e9n meghirdetett harmadik p\u00e1ly\u00e1zati ciklusban 120 milli\u00f3 forintos keret\u00f6sszegre lehet p\u00e1ly\u00e1zni, projektenk\u00e9nt brutt\u00f3 5\u201320 milli\u00f3 forint t\u00e1mogat\u00e1ssal. A TTC a leg\u00edg\u00e9retesebb projekteknek nemcsak finansz\u00edroz\u00e1st, hanem \u00e1tfog\u00f3 t\u00e1mogat\u00f3 k\u00f6rnyezetet is biztos\u00edt: \u00fczleti, szab\u00e1lyoz\u00e1si, jogi \u00e9s infrastrukt\u00fara-hozz\u00e1f\u00e9r\u00e9si seg\u00edts\u00e9get ny\u00fajt, eg\u00e9szen a piaci bevezet\u00e9sig.<\/p>\n<h5>Egyetemi kutat\u00f3kt\u00f3l indul\u00f3 spin-off v\u00e1llalkoz\u00e1sok \u00faj gener\u00e1ci\u00f3ja sz\u00fclethet<\/h5>\n<p>A TTC c\u00e9lja egy olyan transzparens \u00e9s magas sz\u00ednvonal\u00fa innov\u00e1ci\u00f3s rendszer kialak\u00edt\u00e1sa, amely a Semmelweis Egyetem kutat\u00f3inak nyitott, k\u00f6nnyen k\u00f6vethet\u0151 p\u00e1ly\u00e1t k\u00edn\u00e1l a kutat\u00e1si eredm\u00e9nyek gyakorlati hasznos\u00edt\u00e1s\u00e1hoz. A kor\u00e1bbiakhoz hasonl\u00f3an, a harmadik p\u00e1ly\u00e1zati k\u00f6rben is olyan projektek jelentkez\u00e9s\u00e9t v\u00e1rj\u00e1k, amelyek, amelyek alapkutat\u00e1si f\u00e1zisban vannak \u00e9s c\u00e9ljuk, hogy a technol\u00f3giafejleszt\u00e9sben egy magasabb szintre jussanak. A PoC projektek sikeres megval\u00f3s\u00edt\u00e1sa ak\u00e1r spin-off c\u00e9gek alap\u00edt\u00e1s\u00e1hoz vagy ipari partnerekkel t\u00f6rt\u00e9n\u0151 egy\u00fcttm\u0171k\u00f6d\u00e9sekhez is vezethet.<\/p>\n<h5>Innov\u00e1ci\u00f3s program a kutat\u00e1si eredm\u00e9nyek hasznos\u00edt\u00e1s\u00e1\u00e9rt<\/h5>\n<p>A program strat\u00e9giai c\u00e9lja, hogy hossz\u00fat\u00e1von er\u0151s\u00edtse a magyar m\u00e9lytechnol\u00f3giai (deeptech) \u00f6kosziszt\u00e9m\u00e1t, k\u00fcl\u00f6n\u00f6sen az eg\u00e9szs\u00e9giparban. A TTC m\u0171k\u00f6d\u00e9se, a PoC p\u00e1ly\u00e1zat \u00e9s a kapcsol\u00f3d\u00f3 t\u00e1mogat\u00f3 szolg\u00e1ltat\u00e1sok hozz\u00e1j\u00e1rulnak a hazai innov\u00e1ci\u00f3s teljes\u00edtm\u00e9ny n\u00f6vel\u00e9s\u00e9hez, az egyetemi tud\u00e1svagyon hasznos\u00edt\u00e1s\u00e1hoz \u00e9s \u00faj munkahelyek teremt\u00e9s\u00e9hez. A program a Nemzeti Kutat\u00e1si, Fejleszt\u00e9si \u00e9s Innov\u00e1ci\u00f3s Hivatal t\u00e1mogat\u00e1s\u00e1val val\u00f3sul meg, a 2024-2.1.3-POC-2025-00008 azonos\u00edt\u00f3sz\u00e1m\u00fa t\u00e1mogat\u00e1si szerz\u0151d\u00e9s keret\u00e9ben.<\/p>\n<h5>Egyedi lehet\u0151s\u00e9g ipar\u00e1gi szerepl\u0151knek<\/h5>\n<p>A TTC nemcsak a kutat\u00f3k fel\u00e9 nyit, hanem akt\u00edv kapcsolatot \u00e9p\u00edt az ipari partnerekkel is. A Proof of Concept program keret\u00e9ben felismert technol\u00f3gi\u00e1k \u00e9s fejleszt\u00e9sek potenci\u00e1lis egy\u00fcttm\u0171k\u00f6d\u00e9si lehet\u0151s\u00e9geket k\u00edn\u00e1lnak a gy\u00f3gyszeripari, orvostechnikai \u00e9s digit\u00e1lis eg\u00e9szs\u00e9g\u00fcgyi szektorban m\u0171k\u00f6d\u0151 c\u00e9gek sz\u00e1m\u00e1ra \u2013 legyen sz\u00f3 licencel\u00e9sr\u0151l, k\u00f6z\u00f6s fejleszt\u00e9sr\u0151l vagy befektet\u00e9si lehet\u0151s\u00e9gr\u0151l.<\/p>\n<h5>A 2025. \u0151szi \u00e9s a 2026. tavaszi Proof of Concept p\u00e1ly\u00e1zat t\u00e1mogatott projektjei<\/h5>\n<p>A Proof of Concept program els\u0151 k\u00e9t p\u00e1ly\u00e1zati fordul\u00f3ja jelent\u0151s \u00e9rdekl\u0151d\u00e9s mellett val\u00f3sult meg, \u00e9s a szakmai \u00e9rt\u00e9kel\u00e9s eredm\u00e9nyek\u00e9nt olyan projektek ker\u00fcltek kiv\u00e1laszt\u00e1sra, amelyek tudom\u00e1nyos megalapozotts\u00e1guk \u00e9s hasznos\u00edt\u00e1si potenci\u00e1ljuk alapj\u00e1n kiemelked\u0151nek bizonyultak. A 2025. \u0151sz\u00e9n meghirdetett els\u0151 p\u00e1ly\u00e1zati fordul\u00f3 szakmai \u00e9rt\u00e9kel\u00e9s\u00e9nek eredm\u00e9nyek\u00e9nt hat, a diagnosztika, az orvostechnol\u00f3gia, a gy\u00f3gyszerfejleszt\u00e9s \u00e9s az gy\u00f3gyszeripari alkalmaz\u00e1sok ter\u00fclet\u00e9hez kapcsol\u00f3d\u00f3 projekt r\u00e9szes\u00fclt t\u00e1mogat\u00e1sban.<\/p>\n<p>A 2026. tavaszi p\u00e1ly\u00e1zati fordul\u00f3ban 30 el\u0151zetes jelentkez\u00e9s \u00e9rkezett, amelyek k\u00f6z\u00fcl 23 projektcsapat ny\u00fajtott be v\u00e9gleges p\u00e1ly\u00e1zatot. Az \u00edr\u00e1sbeli szakmai \u00e9rt\u00e9kel\u00e9s eredm\u00e9nyek\u00e9nt 17 projekt jutott tov\u00e1bb a sz\u00f3beli meghallgat\u00e1sra. A teljes \u00e9rt\u00e9kel\u00e9si folyamat lez\u00e1r\u00e1s\u00e1t k\u00f6vet\u0151en v\u00e9g\u00fcl az al\u00e1bbi h\u00e1rom projekt r\u00e9szes\u00fclt t\u00e1mogat\u00e1sban:<\/p>\n<ul style=\"list-style-type: square\">\n<li>PhytoVeil\u2122 \u2013 n\u00f6v\u00e9nyi extracellul\u00e1ris vezikul\u00e1kat tartalmaz\u00f3 nanosz\u00e1las sebk\u00f6tszer fejleszt\u00e9se kr\u00f3nikus sebek kezel\u00e9s\u00e9re;<\/li>\n<li>MiR-Prim-Aldo \u2013 a primer aldoszteronizmus (mell\u00e9kvese-rendelleness\u00e9g) diagnosztik\u00e1j\u00e1t t\u00e1mogat\u00f3 mikroRNS-alap\u00fa teszt fejleszt\u00e9se;<\/li>\n<li>FluoVision \u2013 radioakt\u00edv PET\u2013CT-jel\u00f6l\u0151anyag el\u0151\u00e1ll\u00edt\u00e1s\u00e1ra szolg\u00e1l\u00f3 vegyipari folyamat innovat\u00edv tov\u00e1bbfejleszt\u00e9se.<\/li>\n<\/ul>\n<p>A megval\u00f3s\u00edt\u00e1s k\u00f6vetkez\u0151 szakasz\u00e1ban a projektcsapatok a kijel\u00f6lt m\u00e9rf\u00f6ldk\u00f6vek teljes\u00edt\u00e9s\u00e9re, a fejleszt\u00e9sek m\u0171k\u00f6d\u0151k\u00e9pess\u00e9g\u00e9nek \u00e9s alkalmazhat\u00f3s\u00e1g\u00e1nak igazol\u00e1s\u00e1ra, valamint a tov\u00e1bbl\u00e9p\u00e9shez sz\u00fcks\u00e9ges szakmai \u00e9s hasznos\u00edt\u00e1si felt\u00e9telek megalapoz\u00e1s\u00e1ra f\u00f3kusz\u00e1lnak.<\/p>\n<h5>P\u00e1ly\u00e1zati hat\u00e1rid\u0151 \u00e9s tov\u00e1bbi inform\u00e1ci\u00f3<\/h5>\n<ul style=\"list-style-type: square\">\n<li>A PoC program harmadik p\u00e1ly\u00e1zati fordul\u00f3j\u00e1nak el\u0151jelentkez\u00e9si hat\u00e1rideje: 2026. <br \/>\nszeptember 27., 23:59 (CET)<\/li>\n<li>A p\u00e1ly\u00e1zat beny\u00fajt\u00e1s\u00e1hoz el\u0151regisztr\u00e1ci\u00f3 \u00e9s k\u00f6telez\u0151 konzult\u00e1ci\u00f3 sz\u00fcks\u00e9ges.<\/li>\n<li>A p\u00e1ly\u00e1zati felh\u00edv\u00e1s r\u00e9szletei \u00e9s a jelentkez\u00e9si lehet\u0151s\u00e9g a <a href=\"https:\/\/www.semmelweisttc.com\/poc-autumn-26\" target=\"_blank\" rel=\"noopener\">Semmelweis TTC honlapj\u00e1n<\/a> \u00e9rhet\u0151k el.<\/li>\n<\/ul>\n<p>Semmelweis Technol\u00f3giai Transzfer K\u00f6zpont<\/p>\n<p><a href=\"https:\/\/semmelweis.hu\/hirek\/files\/2026\/04\/Kep1.jpg\"><img loading=\"lazy\" decoding=\"async\" class=\"alignright wp-image-167103 size-medium\" src=\"https:\/\/semmelweis.hu\/hirek\/files\/2026\/04\/Kep1-400x169.jpg\" alt=\"\" width=\"400\" height=\"169\" \/><\/a><\/p>\n","protected":false},"excerpt":{"rendered":"<p>A Semmelweis Egyetem Technol\u00f3gia Transzfer K\u00f6zpontja (TTC) meghirdette Proof of Concept (PoC) p\u00e1ly\u00e1zat\u00e1nak harmadik fordul\u00f3j\u00e1t, amely az orvos- \u00e9s eg\u00e9szs\u00e9gtudom\u00e1nyi kutat\u00e1si eredm\u00e9nyek gyakorlati alkalmaz\u00e1s\u00e1nak \u00e9s hasznos\u00edt\u00e1s\u00e1nak t\u00e1mogat\u00e1s\u00e1t c\u00e9lozza. A program lehet\u0151s\u00e9get biztos\u00edt arra, hogy az egyetemi kutat\u00f3int\u00e9zetekben \u00e9s klinik\u00e1kon l\u00e9trej\u00f6v\u0151, magas potenci\u00e1llal rendelkez\u0151 tudom\u00e1nyos eredm\u00e9nyek tov\u00e1bbfejleszt\u00e9s\u00e9vel piack\u00e9pes, a mindennapi betegell\u00e1t\u00e1sban hasznos\u00edthat\u00f3 megold\u00e1sok sz\u00fclessenek. A program &hellip;<\/p>\n","protected":false},"author":101748,"featured_media":133856,"comment_status":"closed","ping_status":"closed","sticky":false,"template":"","format":"standard","meta":{"_acf_changed":false,"footnotes":""},"categories":[5],"tags":[734],"class_list":["post-188783","post","type-post","status-publish","format-standard","has-post-thumbnail","hentry","category-cikkek","tag-kozlemeny"],"acf":[],"_links":{"self":[{"href":"https:\/\/semmelweis.hu\/mediasarok\/wp-json\/wp\/v2\/posts\/188783","targetHints":{"allow":["GET"]}}],"collection":[{"href":"https:\/\/semmelweis.hu\/mediasarok\/wp-json\/wp\/v2\/posts"}],"about":[{"href":"https:\/\/semmelweis.hu\/mediasarok\/wp-json\/wp\/v2\/types\/post"}],"author":[{"embeddable":true,"href":"https:\/\/semmelweis.hu\/mediasarok\/wp-json\/wp\/v2\/users\/101748"}],"replies":[{"embeddable":true,"href":"https:\/\/semmelweis.hu\/mediasarok\/wp-json\/wp\/v2\/comments?post=188783"}],"version-history":[{"count":1,"href":"https:\/\/semmelweis.hu\/mediasarok\/wp-json\/wp\/v2\/posts\/188783\/revisions"}],"predecessor-version":[{"id":188784,"href":"https:\/\/semmelweis.hu\/mediasarok\/wp-json\/wp\/v2\/posts\/188783\/revisions\/188784"}],"wp:featuredmedia":[{"embeddable":true,"href":"https:\/\/semmelweis.hu\/mediasarok\/wp-json\/wp\/v2\/media\/133856"}],"wp:attachment":[{"href":"https:\/\/semmelweis.hu\/mediasarok\/wp-json\/wp\/v2\/media?parent=188783"}],"wp:term":[{"taxonomy":"category","embeddable":true,"href":"https:\/\/semmelweis.hu\/mediasarok\/wp-json\/wp\/v2\/categories?post=188783"},{"taxonomy":"post_tag","embeddable":true,"href":"https:\/\/semmelweis.hu\/mediasarok\/wp-json\/wp\/v2\/tags?post=188783"}],"curies":[{"name":"wp","href":"https:\/\/api.w.org\/{rel}","templated":true}]}}