{"id":188668,"date":"2026-09-03T08:00:39","date_gmt":"2026-09-03T06:00:39","guid":{"rendered":"https:\/\/semmelweis.hu\/mediasarok\/?p=188668"},"modified":"2026-09-03T09:29:32","modified_gmt":"2026-09-03T07:29:32","slug":"sajtomeghivo-igy-fogadjak-az-uj-hallgatokat-a-semmelweisen","status":"publish","type":"post","link":"https:\/\/semmelweis.hu\/mediasarok\/2026\/09\/03\/sajtomeghivo-igy-fogadjak-az-uj-hallgatokat-a-semmelweisen\/","title":{"rendered":"Sajt\u00f3megh\u00edv\u00f3: \u00edgy fogadj\u00e1k az \u00faj hallgat\u00f3kat a Semmelweisen"},"content":{"rendered":"<p>Tisztelt Szerkeszt\u0151s\u00e9g!<\/p>\n<p><strong>Negyed\u00e9vezredes titkok: \u00edgy fogadj\u00e1k az \u00faj hallgat\u00f3kat a Semmelweisen<\/strong><\/p>\n<p>\u00dcnnep\u00e9lyes \u00e9s l\u00e1tv\u00e1nyos cerem\u00f3ni\u00e1val indul az \u00faj tan\u00e9v Magyarorsz\u00e1g vezet\u0151 orvos- \u00e9s eg\u00e9szs\u00e9gtudom\u00e1nyi k\u00e9pz\u0151hely\u00e9n, a Semmelweis Egyetemen. Id\u00e9n hat kar\u00e1n \u00e9s doktori iskol\u00e1j\u00e1ban \u00f6sszesen t\u00f6bb mint 5000 els\u0151\u00e9ves hallgat\u00f3t fogad be az int\u00e9zm\u00e9ny a t\u00f6bb mint 250 \u00e9ves hagyom\u00e1nyokat k\u00f6vetve, melynek r\u00e9sze, hogy fogadalmat tesznek h\u00e1rom nyelven az egyetem legfontosabb m\u00e9lt\u00f3s\u00e1gjelv\u00e9ny\u00e9t, a t\u00f6rt\u00e9nelmi jogart \u00e9rintve. Ez jelk\u00e9pezi ugyanis, hogy egy vil\u00e1gh\u00edr\u0171, nemzetk\u00f6zi k\u00f6z\u00f6ss\u00e9g r\u00e9sz\u00e9v\u00e9 v\u00e1lnak.<\/p>\n<p>A Semmelweis Egyetem Magyarorsz\u00e1g legr\u00e9gebbi, folyamatosan m\u0171k\u00f6d\u0151 orvosk\u00e9pz\u0151 int\u00e9zm\u00e9nye, emellett az orsz\u00e1g egyik legnagyobb eg\u00e9szs\u00e9g\u00fcgyi szolg\u00e1ltat\u00f3ja \u00e9s Eur\u00f3pa egyik meghat\u00e1roz\u00f3 angol \u00e9s n\u00e9met nyelv\u0171 eg\u00e9szs\u00e9gtudom\u00e1nyi k\u00e9pz\u0151helye, ahol az idei \u00e9vben \u00e1tlagosan hatszoros volt a t\u00faljelentkez\u00e9s.<\/p>\n<p>A Semmelweis Egyetem szeretettel v\u00e1rja a sajt\u00f3 k\u00e9pvisel\u0151it a tan\u00e9vnyit\u00f3 \u00fcnneps\u00e9gre.<\/p>\n<p><strong>ID\u0150PONT<\/strong><\/p>\n<p>2026. szeptember 6., vas\u00e1rnap 10:00-12:00 <strong>\u00c9rkez\u00e9s \u00e9s regisztr\u00e1ci\u00f3<\/strong>: 9:30-9:50<\/p>\n<p><strong>HELYSZ\u00cdN<\/strong><\/p>\n<p>MVM Dome Budapesti Multifunkcion\u00e1lis Sportcsarnok\u00a0<br \/>\n(1098 Budapest, \u00dcll\u0151i \u00fat 133-135.)\u00a0<\/p>\n<p><strong>Fontos tudnival\u00f3k a bel\u00e9p\u00e9shez \u00e9s a helysz\u00edni forgat\u00e1shoz:<\/strong><\/p>\n<p>K\u00e9rj\u00fck, hogy r\u00e9szv\u00e9teli sz\u00e1nd\u00e9kukat <strong>legk\u00e9s\u0151bb szeptember 4., p\u00e9ntek 12 \u00f3r\u00e1ig\u00a0<\/strong>legyenek kedvesek elk\u00fcldeni a\u00a0<a href=\"mailto:hirek@semmelweis.hu\">hirek@semmelweis.hu<\/a> c\u00edmre a rendezv\u00e9nyre \u00e9rkez\u0151 st\u00e1btagok nev\u00e9vel \u00e9s telefonsz\u00e1m\u00e1val egy\u00fctt.<\/p>\n<p>Tov\u00e1bbi inform\u00e1ci\u00f3: Csat\u00e1ri-F\u00f6ldv\u00e1ry Eszter 0630 269 6302.<\/p>\n<p>A helysz\u00ednen a st\u00e1bok, bele\u00e9rtve az operat\u0151r\u00f6k is, az arra kijel\u00f6lt helyen tart\u00f3zkodhatnak az \u00fcnneps\u00e9g zavartalan lebonyol\u00edt\u00e1sa \u00e9rdek\u00e9ben.<\/p>\n<p>Bel\u00e9p\u00e9s a V. kapun\u00e1l lehets\u00e9ges. Az aut\u00f3val \u00e9rkez\u0151k az MVM Dome parkol\u00f3j\u00e1ban tudnak meg\u00e1llni.<\/p>\n<p><strong>PROGRAM<\/strong><\/p>\n<p><strong>10.00-10.15 <\/strong>\u00dcnnep\u00e9lyes megnyit\u00f3<\/p>\n<p><strong>10.15-10.30 <\/strong>Dr. Merkely B\u00e9la, a Semmelweis Egyetem rektor\u00e1nak \u00fcnnepi k\u00f6sz\u00f6nt\u0151je<\/p>\n<p><strong>10:30-10:37<\/strong> Kisfilmek<\/p>\n<p><strong>10:37-11:10<\/strong> \u00dcnnep\u00e9lyes fogadalomt\u00e9tel<\/p>\n<p><strong>11:10-11:15 <\/strong>Semmelweis K\u00f3rus el\u0151ad\u00e1sa<\/p>\n<p><strong>11:15-11:25<\/strong> D\u00edj\u00e1tad\u00e1s<\/p>\n<p><strong>11:25-11:28<\/strong> Kisfilm<\/p>\n<p><strong>11:28-11:31 <\/strong>Nagy Imre Rich\u00e1rd, a Hallgat\u00f3i \u00d6nkorm\u00e1nyzat eln\u00f6k\u00e9nek besz\u00e9de<\/p>\n<p><strong>11:35-11:50 <\/strong>Medikus Zenekar m\u0171sora<\/p>\n<p><strong>11:50 <\/strong>Rektori z\u00e1rsz\u00f3 \u00e9s az \u00fcnneps\u00e9g lez\u00e1r\u00e1sa<\/p>\n<p><strong>K\u00e9p- \u00e9s hangfelv\u00e9tel k\u00e9sz\u00edt\u00e9s\u00e9hez az al\u00e1bbiakat aj\u00e1nljuk figyelm\u00fckbe:<\/strong><\/p>\n<p><strong>10.00<\/strong>\u00a0A tal\u00e1ros egyetemi vezet\u0151s\u00e9g \u00fcnnep\u00e9lyes bevonul\u00e1sa<\/p>\n<p><strong>10.37\u00a0<\/strong>\u00dcnnep\u00e9lyes fogadalomt\u00e9tel<\/p>\n<p>&nbsp;<\/p>\n<p><strong>\u00a0<\/strong><\/p>\n<p>&nbsp;<\/p>\n","protected":false},"excerpt":{"rendered":"<p>\u00dcnnep\u00e9lyes \u00e9s l\u00e1tv\u00e1nyos cerem\u00f3ni\u00e1val indul az \u00faj tan\u00e9v.<\/p>\n","protected":false},"author":101869,"featured_media":131164,"comment_status":"closed","ping_status":"closed","sticky":false,"template":"","format":"standard","meta":{"_acf_changed":false,"footnotes":""},"categories":[5,11],"tags":[733],"class_list":["post-188668","post","type-post","status-publish","format-standard","has-post-thumbnail","hentry","category-cikkek","category-sajtomeghivo","tag-meghivo"],"acf":[],"_links":{"self":[{"href":"https:\/\/semmelweis.hu\/mediasarok\/wp-json\/wp\/v2\/posts\/188668","targetHints":{"allow":["GET"]}}],"collection":[{"href":"https:\/\/semmelweis.hu\/mediasarok\/wp-json\/wp\/v2\/posts"}],"about":[{"href":"https:\/\/semmelweis.hu\/mediasarok\/wp-json\/wp\/v2\/types\/post"}],"author":[{"embeddable":true,"href":"https:\/\/semmelweis.hu\/mediasarok\/wp-json\/wp\/v2\/users\/101869"}],"replies":[{"embeddable":true,"href":"https:\/\/semmelweis.hu\/mediasarok\/wp-json\/wp\/v2\/comments?post=188668"}],"version-history":[{"count":8,"href":"https:\/\/semmelweis.hu\/mediasarok\/wp-json\/wp\/v2\/posts\/188668\/revisions"}],"predecessor-version":[{"id":188711,"href":"https:\/\/semmelweis.hu\/mediasarok\/wp-json\/wp\/v2\/posts\/188668\/revisions\/188711"}],"wp:featuredmedia":[{"embeddable":true,"href":"https:\/\/semmelweis.hu\/mediasarok\/wp-json\/wp\/v2\/media\/131164"}],"wp:attachment":[{"href":"https:\/\/semmelweis.hu\/mediasarok\/wp-json\/wp\/v2\/media?parent=188668"}],"wp:term":[{"taxonomy":"category","embeddable":true,"href":"https:\/\/semmelweis.hu\/mediasarok\/wp-json\/wp\/v2\/categories?post=188668"},{"taxonomy":"post_tag","embeddable":true,"href":"https:\/\/semmelweis.hu\/mediasarok\/wp-json\/wp\/v2\/tags?post=188668"}],"curies":[{"name":"wp","href":"https:\/\/api.w.org\/{rel}","templated":true}]}}