{"id":18487,"date":"2012-04-20T12:25:02","date_gmt":"2012-04-20T11:25:02","guid":{"rendered":"http:\/\/mediasarok.sote.hu\/?p=18487"},"modified":"2024-05-28T08:40:39","modified_gmt":"2024-05-28T06:40:39","slug":"uj-eletmento-defibrillator-a-semmelweis-egyetem-transzplantacios-klinikan-meghivo","status":"publish","type":"post","link":"https:\/\/semmelweis.hu\/mediasarok\/2012\/04\/20\/uj-eletmento-defibrillator-a-semmelweis-egyetem-transzplantacios-klinikan-meghivo\/","title":{"rendered":"\u00daj, \u00e9letment\u0151 defibrill\u00e1tor a Semmelweis Egyetem Transzplant\u00e1ci\u00f3s Klinik\u00e1n (MEGH\u00cdV\u00d3)"},"content":{"rendered":"<p>A Transzplant\u00e1ci\u00f3s Klinika seb\u00e9szeti oszt\u00e1ly\u00e1n 1500-2000 beteget \u00e1polnak \u00e9vente, k\u00f6z\u00fcl\u00fck 5-7-n\u00e9l jelentkezik hirtelen sz\u00edvmeg\u00e1ll\u00e1s. A klinika 18 \u00e9ve kezdte gy\u00f3gy\u00edt\u00f3 tev\u00e9kenys\u00e9g\u00e9t, az akkor \u00faj g\u00e9pek, m\u0171szerek a m\u0171k\u00f6d\u00e9s sor\u00e1n elhaszn\u00e1l\u00f3dtak, egyre t\u00f6bb berendez\u00e9st kell jav\u00edtani, p\u00f3tolni.<\/p>\n<p>A Sz\u00edv Hangja K\u00f6zhaszn\u00fa Alap\u00edtv\u00e1ny felaj\u00e1nlotta seg\u00edts\u00e9g\u00e9t, \u00e9s egy \u00e9letment\u0151 Cardioserv defibrill\u00e1torral aj\u00e1nd\u00e9kozza meg a Semmelweis Egyetem Transzplant\u00e1ci\u00f3s \u00e9s Seb\u00e9szeti Klinik\u00e1t, mely elengedhetetlen\u00fcl sz\u00fcks\u00e9ges a seb\u00e9szeti oszt\u00e1ly m\u0171k\u00f6d\u00e9s\u00e9hez.<\/p>\n<p><strong>Az \u00fcnnep\u00e9lyes \u00e1tad\u00f3 id\u0151pontja: 2012.04.23., 10 \u00f3ra<\/strong><\/p>\n<p><strong>Helysz\u00edne: Semmelweis Egyetem Transzplant\u00e1ci\u00f3s \u00e9s Seb\u00e9szeti Klinika (I. em. El\u0151ad\u00f3terem) 1082. Budapest, Baross u. 23-25.<\/strong><\/p>\n<p>Az esem\u00e9nyen interj\u00fak, v\u00e1g\u00f3k\u00e9pek k\u00e9sz\u00edthet\u0151k.<\/p>\n<p>Tud\u00f3s\u00edt\u00e1s\u00e1t, besz\u00e1mol\u00f3j\u00e1t k\u00f6sz\u00f6nj\u00fck.<\/p>\n<p>Sajt\u00f3kapcsolat: Szuchy Zsuzsanna +3620\/663-2054<\/p>\n","protected":false},"excerpt":{"rendered":"<p>A Transzplant\u00e1ci\u00f3s Klinika seb\u00e9szeti oszt\u00e1ly\u00e1n 1500-2000 beteget \u00e1polnak \u00e9vente, k\u00f6z\u00fcl\u00fck 5-7-n\u00e9l jelentkezik hirtelen sz\u00edvmeg\u00e1ll\u00e1s. A klinika 18 \u00e9ve kezdte gy\u00f3gy\u00edt\u00f3 tev\u00e9kenys\u00e9g\u00e9t, az akkor \u00faj g\u00e9pek, m\u0171szerek a m\u0171k\u00f6d\u00e9s sor\u00e1n elhaszn\u00e1l\u00f3dtak, egyre t\u00f6bb berendez\u00e9st kell jav\u00edtani, p\u00f3tolni. A Sz\u00edv Hangja K\u00f6zhaszn\u00fa Alap\u00edtv\u00e1ny felaj\u00e1nlotta seg\u00edts\u00e9g\u00e9t, \u00e9s egy \u00e9letment\u0151 Cardioserv defibrill\u00e1torral aj\u00e1nd\u00e9kozza meg a Semmelweis Egyetem Transzplant\u00e1ci\u00f3s \u00e9s &hellip;<\/p>\n","protected":false},"author":155,"featured_media":18489,"comment_status":"closed","ping_status":"open","sticky":false,"template":"","format":"standard","meta":{"_acf_changed":false,"footnotes":""},"categories":[5],"tags":[733],"class_list":["post-18487","post","type-post","status-publish","format-standard","has-post-thumbnail","hentry","category-cikkek","tag-meghivo"],"acf":[],"_links":{"self":[{"href":"https:\/\/semmelweis.hu\/mediasarok\/wp-json\/wp\/v2\/posts\/18487","targetHints":{"allow":["GET"]}}],"collection":[{"href":"https:\/\/semmelweis.hu\/mediasarok\/wp-json\/wp\/v2\/posts"}],"about":[{"href":"https:\/\/semmelweis.hu\/mediasarok\/wp-json\/wp\/v2\/types\/post"}],"author":[{"embeddable":true,"href":"https:\/\/semmelweis.hu\/mediasarok\/wp-json\/wp\/v2\/users\/155"}],"replies":[{"embeddable":true,"href":"https:\/\/semmelweis.hu\/mediasarok\/wp-json\/wp\/v2\/comments?post=18487"}],"version-history":[{"count":2,"href":"https:\/\/semmelweis.hu\/mediasarok\/wp-json\/wp\/v2\/posts\/18487\/revisions"}],"predecessor-version":[{"id":93544,"href":"https:\/\/semmelweis.hu\/mediasarok\/wp-json\/wp\/v2\/posts\/18487\/revisions\/93544"}],"wp:featuredmedia":[{"embeddable":true,"href":"https:\/\/semmelweis.hu\/mediasarok\/wp-json\/wp\/v2\/media\/18489"}],"wp:attachment":[{"href":"https:\/\/semmelweis.hu\/mediasarok\/wp-json\/wp\/v2\/media?parent=18487"}],"wp:term":[{"taxonomy":"category","embeddable":true,"href":"https:\/\/semmelweis.hu\/mediasarok\/wp-json\/wp\/v2\/categories?post=18487"},{"taxonomy":"post_tag","embeddable":true,"href":"https:\/\/semmelweis.hu\/mediasarok\/wp-json\/wp\/v2\/tags?post=18487"}],"curies":[{"name":"wp","href":"https:\/\/api.w.org\/{rel}","templated":true}]}}