{"id":182404,"date":"2026-04-29T06:00:29","date_gmt":"2026-04-29T04:00:29","guid":{"rendered":"https:\/\/semmelweis.hu\/mediasarok\/?p=182404"},"modified":"2026-04-29T08:32:05","modified_gmt":"2026-04-29T06:32:05","slug":"eloszor-adtak-agykarosodott-ujszulotteknek-terapias-cellal-anyatejet-orrjaratba-hazankban","status":"publish","type":"post","link":"https:\/\/semmelweis.hu\/mediasarok\/2026\/04\/29\/eloszor-adtak-agykarosodott-ujszulotteknek-terapias-cellal-anyatejet-orrjaratba-hazankban\/","title":{"rendered":"El\u0151sz\u00f6r adtak agyk\u00e1rosodott \u00fajsz\u00fcl\u00f6tteknek ter\u00e1pi\u00e1s c\u00e9llal anyatejet orrj\u00e1ratba haz\u00e1nkban"},"content":{"rendered":"<div class=\"lead\">T\u00edz, agyk\u00e1rosod\u00e1st szenvedett \u00fajsz\u00fcl\u00f6ttnek adtak be speci\u00e1lis m\u00f3dszerrel anyatejet az orrj\u00e1ratokon kereszt\u00fcl 2024 decembere \u00e9s 2025 febru\u00e1rja k\u00f6z\u00f6tt a Semmelweis Egyetemen. Az \u00faj, \u00edg\u00e9retes ter\u00e1pi\u00e1s megk\u00f6zel\u00edt\u00e9sr\u0151l nemr\u00e9g jelent meg a tanulm\u00e1ny az egyik legelismertebb tudom\u00e1nyos szaklap, a <a href=\"https:\/\/www.nature.com\/articles\/s41390-026-04847-2\"><em>Nature<\/em><\/a> Pediatric Research c\u00edm\u0171 kiadv\u00e1ny\u00e1ban. Az elj\u00e1r\u00e1st\u00f3l azt rem\u00e9lik, hogy az oxig\u00e9nhi\u00e1ny miatti agyk\u00e1rosod\u00e1s k\u00f6vetkezm\u00e9nyeit enyh\u00edthetik ilyen m\u00f3don, \u00e9s az orron \u00e1t adagolt anyatej hossz\u00fa t\u00e1von \u00e9s ellen\u0151rz\u00f6tt otthoni k\u00f6rnyezetben is biztons\u00e1gosan haszn\u00e1lhat\u00f3 ter\u00e1pi\u00e1s eszk\u00f6z lehet.<\/div>\n<p>A hipoxi\u00e1s-iszk\u00e9mi\u00e1s enkefalop\u00e1tia (az agy oxig\u00e9nhi\u00e1nyos \u00e9s v\u00e9rell\u00e1t\u00e1si zavara \u00e1ltal okozott agyk\u00e1rosod\u00e1s) az egyik leggyakoribb oka az \u00fajsz\u00fcl\u00f6ttkori hal\u00e1loz\u00e1snak \u00e9s a hossz\u00fa t\u00e1v\u00fa idegrendszeri k\u00e1rosod\u00e1soknak.<\/p>\n<p><img loading=\"lazy\" decoding=\"async\" class=\"alignleft size-medium wp-image-182407\" src=\"https:\/\/semmelweis.hu\/mediasarok\/files\/2026\/04\/RS236341_GV5A4546_scl-1-267x400.jpg\" alt=\"\" width=\"267\" height=\"400\" srcset=\"https:\/\/semmelweis.hu\/mediasarok\/files\/2026\/04\/RS236341_GV5A4546_scl-1-267x400.jpg 267w, https:\/\/semmelweis.hu\/mediasarok\/files\/2026\/04\/RS236341_GV5A4546_scl-1.jpg 600w\" sizes=\"auto, (max-width: 267px) 100vw, 267px\" \/>Jelenleg ezekben az esetekben <a href=\"https:\/\/www.youtube.com\/watch?v=Swl4v7flc5A\">ter\u00e1pi\u00e1s h\u0171t\u00e9st alkalmaznak<\/a>, ahol az \u00fajsz\u00fcl\u00f6ttek testh\u0151m\u00e9rs\u00e9klet\u00e9t 33-34 Celsius-fokra h\u0171tik. Azonban ezt a j\u00f6v\u0151ben kieg\u00e9sz\u00edtheti egy orron \u00e1t alkalmazott anyatej-ter\u00e1pia is. A friss anyatej ugyanis olyan anyagokat (p\u00e9ld\u00e1ul \u0151ssejteket, idegn\u00f6veked\u00e9si faktorokat) tartalmaz, amelyek seg\u00edtik az idegrendszer regener\u00e1ci\u00f3j\u00e1t, \u00e9s a sz\u00e1j helyett orron \u00e1t beadva ezek k\u00f6nnyebben eljuthatnak a k\u00f6zponti idegrendszerbe. dr. M\u00e9der \u00dcn\u0151ke a Semmelweis Egyetem Gyermekgy\u00f3gy\u00e1szati Klinik\u00e1j\u00e1nak egyetemi adjunktusa \u00e9s dr. Tarj\u00e1nyi Eszter a klinika csecsem\u0151- \u00e9s gyermekgy\u00f3gy\u00e1sz rezidense a Pediatric Research szaklapban megjelent kutat\u00e1s\u00e1ban azt vizsg\u00e1lta, hogy ez a fajta anyatej-ter\u00e1pia biztons\u00e1gosan alkalmazhat\u00f3-e klinikai, \u00e9s ellen\u0151rz\u00f6tt otthoni k\u00f6r\u00fclm\u00e9nyek k\u00f6z\u00f6tt.<\/p>\n<p>A vizsg\u00e1latban k\u00f6z\u00e9ps\u00falyos vagy s\u00falyos hipoxi\u00e1s-iszk\u00e9mi\u00e1s agyk\u00e1rosod\u00e1st szenvedett \u00fajsz\u00fcl\u00f6ttek vettek r\u00e9szt, akik standard kezel\u00e9sk\u00e9nt ter\u00e1pi\u00e1s h\u0171t\u00e9st kaptak. A saj\u00e1t \u00e9desanyjuk frissen lefejt tej\u00e9t klinikailag ellen\u0151rz\u00f6tt k\u00f6r\u00fclm\u00e9nyek k\u00f6z\u00f6tt juttatt\u00e1k be az orrj\u00e1ratokba, a sz\u00fclet\u00e9st k\u00f6vet\u0151 48 \u00f3r\u00e1n bel\u00fcl. A ter\u00e1pi\u00e1t k\u00e9s\u0151bb a megfelel\u0151en felk\u00e9sz\u00edtett sz\u00fcl\u0151k k\u00f6zrem\u0171k\u00f6d\u00e9s\u00e9vel folytatt\u00e1k 28 napon kereszt\u00fcl, mik\u00f6zben folyamatosan figyelt\u00e9k az \u00fajsz\u00fcl\u00f6ttek \u00e1llapot\u00e1t.<\/p>\n<div class=\"fontos_div\">\n<p>A kutat\u00e1s megmutatta, hogy az orron \u00e1t alkalmazott anyatej-ter\u00e1pia biztons\u00e1gos; semmilyen l\u00e9g\u00fati, kering\u00e9si vagy idegrendszeri probl\u00e9m\u00e1t nem okozott a vizsg\u00e1lt \u00fajsz\u00fcl\u00f6ttekn\u00e9l.<\/p>\n<\/div>\n<p>A kutat\u00e1s egyik legnagyobb kih\u00edv\u00e1s\u00e1t nem az orvosi, hanem a logisztikai \u00e9s pszich\u00e9s t\u00e9nyez\u0151k jelentett\u00e9k. \u201eAz anyatej sz\u00e1ll\u00edt\u00e1sa \u00e9s az ell\u00e1t\u00e1s megszervez\u00e9se volt az egyik legnehezebb feladat. El\u0151fordult, hogy egy Cegl\u00e9d melletti tany\u00e1ra kellett elmennem az anyatej\u00e9rt, egy olyan helyre, ahov\u00e1 a taxisok sem akartak kimenni, mert nem volt \u00fat\u201d \u2013 mondta dr. M\u00e9der \u00dcn\u0151ke. Emellett a traum\u00e1t \u00e1t\u00e9lt \u00e9desany\u00e1k t\u00e1mogat\u00e1sa is kulcsfontoss\u00e1g\u00fa volt: a fej\u00e9s beind\u00edt\u00e1sa \u00e9s fenntart\u00e1sa komoly seg\u00edts\u00e9get ig\u00e9nyelt.<\/p>\n<p>Dr. Tarj\u00e1nyi Eszter szerint a sz\u00fcl\u0151k bevon\u00e1sa v\u00e9g\u00fcl a v\u00e1rtn\u00e1l k\u00f6nnyebbnek bizonyult: \u201eSok sz\u00fcl\u0151 sz\u00e1m\u00e1ra nagyon fontos volt, hogy tehetnek valamit a gyermek\u00fck\u00e9rt egy ilyen neh\u00e9z helyzetben.\u201d Az anyatej adagol\u00e1s\u00e1nak elsaj\u00e1t\u00edt\u00e1sa sem jelentett komoly akad\u00e1lyt. \u201eMiut\u00e1n meg\u00e9rtett\u00e9k, hogy mik\u00e9nt kell beadni az anyatejet, hogy ez nem f\u00e1j a bab\u00e1nak, m\u00e1r magabiztosan tudt\u00e1k alkalmazni az elj\u00e1r\u00e1st\u201d \u2013 tette hozz\u00e1 dr. M\u00e9der.<img loading=\"lazy\" decoding=\"async\" class=\"alignright size-medium wp-image-182406\" src=\"https:\/\/semmelweis.hu\/mediasarok\/files\/2026\/04\/RS236347_GV5A4627_scl-1-267x400.jpg\" alt=\"\" width=\"267\" height=\"400\" srcset=\"https:\/\/semmelweis.hu\/mediasarok\/files\/2026\/04\/RS236347_GV5A4627_scl-1-267x400.jpg 267w, https:\/\/semmelweis.hu\/mediasarok\/files\/2026\/04\/RS236347_GV5A4627_scl-1.jpg 600w\" sizes=\"auto, (max-width: 267px) 100vw, 267px\" \/><\/p>\n<p>A tanulm\u00e1ny szerz\u0151i hangs\u00falyozt\u00e1k: a kutat\u00e1suk csak a biztons\u00e1gos adagol\u00e1s m\u00f3dszer\u00e9vel foglalkozott, az anyatej-ter\u00e1pia ezen form\u00e1j\u00e1nak hat\u00e9konys\u00e1g\u00e1t viszont tov\u00e1bbi vizsg\u00e1latokkal kell m\u00e9g bizony\u00edtani. Eddig \u00e1llatk\u00eds\u00e9rletek, \u00e9s agyv\u00e9rz\u00e9sen \u00e1tesett korasz\u00fcl\u00f6tteken v\u00e9gzett n\u00e9met \u00e9s kanadai tanulm\u00e1nyok foglalkoztak a t\u00e9m\u00e1val, \u00e9s ezek felvetett\u00e9k az orron \u00e1t adagolt anyatej idegrendszerre gyakorolt j\u00f3t\u00e9kony hat\u00e1sait. Ha a tov\u00e1bbi, nagy esetsz\u00e1m\u00fa, kontroll\u00e1lt vizsg\u00e1latok is pozit\u00edv eredm\u00e9nnyel z\u00e1rulnak, akkor ez az elj\u00e1r\u00e1s kiv\u00e1l\u00f3 ter\u00e1pia, s\u0151t, fejl\u0151d\u0151 orsz\u00e1gokban (ahol h\u0171t\u00e9ster\u00e1pi\u00e1ra nincs is mindig lehet\u0151s\u00e9g) egyszer\u0171, alacsony k\u00f6lts\u00e9g\u0171 alternat\u00edva lehet az \u00fajsz\u00fcl\u00f6ttkori agyk\u00e1rosod\u00e1s kezel\u00e9s\u00e9ben. N\u00e9h\u00e1ny orsz\u00e1gb\u00f3l m\u00e1r \u00e9rdekl\u0151dtek is a m\u00f3dszer ir\u00e1nt.<\/p>\n<p>&nbsp;<\/p>\n<p>Fot\u00f3: Zellei Bogl\u00e1rka \u2013 Semmelweis Egyetem<br \/>\n<span style=\"font-size: 1rem\">Bor\u00edt\u00f3k\u00e9p: elements.envato.com\/yavdat<\/span><\/p>\n","protected":false},"excerpt":{"rendered":"<p>Ter\u00e1pi\u00e1s c\u00e9llal agyk\u00e1rosod\u00e1st szenvedett \u00fajsz\u00fcl\u00f6ttnek adtak be anyatejet az orrj\u00e1ratokon kereszt\u00fcl.<\/p>\n","protected":false},"author":102620,"featured_media":182415,"comment_status":"closed","ping_status":"closed","sticky":false,"template":"","format":"standard","meta":{"_acf_changed":false,"footnotes":""},"categories":[5],"tags":[732],"class_list":["post-182404","post","type-post","status-publish","format-standard","has-post-thumbnail","hentry","category-cikkek","tag-temaajanlo"],"acf":[],"_links":{"self":[{"href":"https:\/\/semmelweis.hu\/mediasarok\/wp-json\/wp\/v2\/posts\/182404","targetHints":{"allow":["GET"]}}],"collection":[{"href":"https:\/\/semmelweis.hu\/mediasarok\/wp-json\/wp\/v2\/posts"}],"about":[{"href":"https:\/\/semmelweis.hu\/mediasarok\/wp-json\/wp\/v2\/types\/post"}],"author":[{"embeddable":true,"href":"https:\/\/semmelweis.hu\/mediasarok\/wp-json\/wp\/v2\/users\/102620"}],"replies":[{"embeddable":true,"href":"https:\/\/semmelweis.hu\/mediasarok\/wp-json\/wp\/v2\/comments?post=182404"}],"version-history":[{"count":9,"href":"https:\/\/semmelweis.hu\/mediasarok\/wp-json\/wp\/v2\/posts\/182404\/revisions"}],"predecessor-version":[{"id":182448,"href":"https:\/\/semmelweis.hu\/mediasarok\/wp-json\/wp\/v2\/posts\/182404\/revisions\/182448"}],"wp:featuredmedia":[{"embeddable":true,"href":"https:\/\/semmelweis.hu\/mediasarok\/wp-json\/wp\/v2\/media\/182415"}],"wp:attachment":[{"href":"https:\/\/semmelweis.hu\/mediasarok\/wp-json\/wp\/v2\/media?parent=182404"}],"wp:term":[{"taxonomy":"category","embeddable":true,"href":"https:\/\/semmelweis.hu\/mediasarok\/wp-json\/wp\/v2\/categories?post=182404"},{"taxonomy":"post_tag","embeddable":true,"href":"https:\/\/semmelweis.hu\/mediasarok\/wp-json\/wp\/v2\/tags?post=182404"}],"curies":[{"name":"wp","href":"https:\/\/api.w.org\/{rel}","templated":true}]}}