{"id":181131,"date":"2026-04-01T06:00:00","date_gmt":"2026-04-01T04:00:00","guid":{"rendered":"https:\/\/semmelweis.hu\/mediasarok\/?p=181131"},"modified":"2026-04-07T12:36:04","modified_gmt":"2026-04-07T10:36:04","slug":"megujult-a-godolloi-semmelweis-egeszsegkozpont","status":"publish","type":"post","link":"https:\/\/semmelweis.hu\/mediasarok\/2026\/04\/01\/megujult-a-godolloi-semmelweis-egeszsegkozpont\/","title":{"rendered":"Meg\u00fajult a G\u00f6d\u00f6ll\u0151i Semmelweis Eg\u00e9szs\u00e9gk\u00f6zpont (Id\u0151pont FRISS\u00cdT\u00c9S)"},"content":{"rendered":"<p>Tisztelt Szerkeszt\u0151s\u00e9g!<\/p>\n<p>&nbsp;<\/p>\n<p>A Semmelweis Egyetem megh\u00edvja a szerkeszt\u0151s\u00e9g munkat\u00e1rsait a meg\u00fajult G\u00f6d\u00f6ll\u0151i Semmelweis Eg\u00e9szs\u00e9gk\u00f6zpont (a kor\u00e1bbi Tormay K\u00e1roly Eg\u00e9szs\u00e9g\u00fcgyi K\u00f6zpont) \u00fcnnep\u00e9lyes \u00e1tad\u00e1s\u00e1ra. A t\u00f6bb \u00e9p\u00fcletb\u0151l \u00e1ll\u00f3 rendel\u0151 2025. szeptember 1-je \u00f3ta m\u0171k\u00f6dik a Semmelweis Egyetem r\u00e9szek\u00e9nt. Az int\u00e9zm\u00e9nyben az elm\u00falt id\u0151szakban \u00e1tfog\u00f3 fel\u00faj\u00edt\u00e1s zajlott annak \u00e9rdek\u00e9ben, hogy egy korszer\u0171, biztons\u00e1gos \u00e9s betegbar\u00e1t eg\u00e9szs\u00e9g\u00fcgyi k\u00f6rnyezet j\u00f6jj\u00f6n l\u00e9tre. A munk\u00e1latok sor\u00e1n t\u00f6bbek k\u00f6z\u00f6tt meg\u00fajultak az \u00e9p\u00fcletek bels\u0151 terei, a v\u00e1r\u00f3helyis\u00e9gek, a vizesblokkok, megt\u00f6rt\u00e9nt a bels\u0151 ny\u00edl\u00e1sz\u00e1r\u00f3k \u00e9s a b\u00fatorok cser\u00e9je, a l\u00e9pcs\u0151k \u00e9s burkolatok fel\u00faj\u00edt\u00e1sa, valamint az int\u00e9zm\u00e9ny eszk\u00f6zparkja is korszer\u0171s\u00f6d\u00f6tt. Havonta mintegy 400-500 betegvizsg\u00e1latra ny\u00edlik lehet\u0151s\u00e9g az \u00faj, digit\u00e1lis r\u00f6ntgeng\u00e9ppel t\u00f6bbek k\u00f6z\u00f6tt a seb\u00e9szeti, az ortop\u00e9diai, a belgy\u00f3gy\u00e1szati \u00e9s az urol\u00f3giai szakrendel\u00e9sekn\u00e9l. A fel\u00faj\u00edt\u00e1s sor\u00e1n kiemelt figyelmet kapott a gyermek h\u00e1ziorvosi ell\u00e1t\u00e1s, valamint a v\u00e9d\u0151n\u0151i szolg\u00e1lat v\u00e1r\u00f3tereinek infrastruktur\u00e1lis meg\u00faj\u00edt\u00e1sa, hogy a k\u00f6zpont gyermekbar\u00e1t szeml\u00e9letben, bar\u00e1ts\u00e1gos, nyugodt k\u00f6rnyezetben fogadja a legfiatalabb betegeket \u00e9s csal\u00e1djaikat. Ennek \u00e9rdek\u00e9ben egy j\u00e1tsz\u00f3t\u00e9r is tal\u00e1lhat\u00f3 a k\u00f6zpontban, ami megk\u00f6nny\u00edti a csal\u00e1dok v\u00e1rakoz\u00e1ssal t\u00f6lt\u00f6tt idej\u00e9t.\u00a0<\/p>\n<p>Az \u00fcnnep\u00e9lyes esem\u00e9nyen egy helysz\u00ednbej\u00e1r\u00e1s keret\u00e9ben tekinthetik meg a fel\u00faj\u00edtott \u00e9p\u00fcleteket, a Dr. Lumniczer S\u00e1ndor H\u00e1zat \u00e9s a Dr. Tormay K\u00e1roly\u00a0H\u00e1zat.<\/p>\n<p><strong>ID\u0150PONT<\/strong><\/p>\n<p>2026. \u00e1prilis 8., szerda 8:30 \u00f3ra<\/p>\n<p><strong>HELYSZ\u00cdN<\/strong><\/p>\n<p>G\u00f6d\u00f6ll\u0151i Semmelweis Eg\u00e9szs\u00e9gk\u00f6zpont, f\u0151\u00e9p\u00fclet<br \/>\n(2100 G\u00f6d\u00f6ll\u0151, Pet\u0151fi S\u00e1ndor u. 1-3.)<\/p>\n<p>&nbsp;<\/p>\n<p><strong>PROGRAM<\/strong><\/p>\n<p><strong>08:30<\/strong>\u00a0\u2013 Dr. Merkely B\u00e9la, a Semmelweis Egyetem rektor\u00e1nak k\u00f6sz\u00f6nt\u0151je<\/p>\n<p><strong>08:35<\/strong>\u00a0\u2013 Dr. Hank\u00f3 Bal\u00e1zs, Magyarorsz\u00e1g kultur\u00e1lis \u00e9s innov\u00e1ci\u00f3s miniszter\u00e9nek k\u00f6sz\u00f6nt\u0151je<\/p>\n<p><strong>08:40<\/strong>\u00a0\u2013 Dr. G\u00e9mesi Gy\u00f6rgy,<strong>\u00a0<\/strong>G\u00f6d\u00f6ll\u0151 polg\u00e1rmester\u00e9nek k\u00f6sz\u00f6nt\u0151je<\/p>\n<p><strong>08:45<\/strong>\u00a0\u2013 Dr. Varga P\u00e9ter, a Semmelweis Egyetem Eg\u00e9szs\u00e9g\u00fcgyi Szolg\u00e1ltat\u00e1si igazgat\u00f3ja, a G\u00f6d\u00f6ll\u0151i Eg\u00e9szs\u00e9g\u00fcgyi Program vezet\u0151j\u00e9nek szakmai t\u00e1j\u00e9koztat\u00f3ja<\/p>\n<p>Az esem\u00e9ny sajt\u00f3nyilv\u00e1nos, de a r\u00e9szv\u00e9tel regisztr\u00e1ci\u00f3hoz k\u00f6t\u00f6tt. R\u00e9szv\u00e9teli sz\u00e1nd\u00e9k\u00e1t, interj\u00faig\u00e9ny\u00e9t\u00a0<strong>\u00e1prilis 7-\u00e9n 12 \u00f3r\u00e1ig<\/strong>\u00a0a\u00a0<a href=\"mailto:hirek@semmelweis.hu\">hirek@semmelweis.hu<\/a>\u00a0c\u00edmen k\u00e9rj\u00fck jelezni.<\/p>\n<p><strong>Fontos<\/strong>: Parkolni csak a k\u00f6zter\u00fcleten lehet.<\/p>\n<p>Tov\u00e1bbi inform\u00e1ci\u00f3:<\/p>\n<p>Csat\u00e1ri-F\u00f6ldv\u00e1ry Eszter 06-30-269-6302 \/ Haiman \u00c9va 06-20-670-1574<\/p>\n","protected":false},"excerpt":{"rendered":"<p>A t\u00f6bb \u00e9p\u00fcletb\u0151l \u00e1ll\u00f3 rendel\u0151 2025. szeptember 1-je \u00f3ta m\u0171k\u00f6dik a Semmelweis Egyetem r\u00e9szek\u00e9nt.<\/p>\n","protected":false},"author":101869,"featured_media":131164,"comment_status":"closed","ping_status":"closed","sticky":false,"template":"","format":"standard","meta":{"_acf_changed":false,"footnotes":""},"categories":[5,11],"tags":[733],"class_list":["post-181131","post","type-post","status-publish","format-standard","has-post-thumbnail","hentry","category-cikkek","category-sajtomeghivo","tag-meghivo"],"acf":[],"_links":{"self":[{"href":"https:\/\/semmelweis.hu\/mediasarok\/wp-json\/wp\/v2\/posts\/181131","targetHints":{"allow":["GET"]}}],"collection":[{"href":"https:\/\/semmelweis.hu\/mediasarok\/wp-json\/wp\/v2\/posts"}],"about":[{"href":"https:\/\/semmelweis.hu\/mediasarok\/wp-json\/wp\/v2\/types\/post"}],"author":[{"embeddable":true,"href":"https:\/\/semmelweis.hu\/mediasarok\/wp-json\/wp\/v2\/users\/101869"}],"replies":[{"embeddable":true,"href":"https:\/\/semmelweis.hu\/mediasarok\/wp-json\/wp\/v2\/comments?post=181131"}],"version-history":[{"count":4,"href":"https:\/\/semmelweis.hu\/mediasarok\/wp-json\/wp\/v2\/posts\/181131\/revisions"}],"predecessor-version":[{"id":181306,"href":"https:\/\/semmelweis.hu\/mediasarok\/wp-json\/wp\/v2\/posts\/181131\/revisions\/181306"}],"wp:featuredmedia":[{"embeddable":true,"href":"https:\/\/semmelweis.hu\/mediasarok\/wp-json\/wp\/v2\/media\/131164"}],"wp:attachment":[{"href":"https:\/\/semmelweis.hu\/mediasarok\/wp-json\/wp\/v2\/media?parent=181131"}],"wp:term":[{"taxonomy":"category","embeddable":true,"href":"https:\/\/semmelweis.hu\/mediasarok\/wp-json\/wp\/v2\/categories?post=181131"},{"taxonomy":"post_tag","embeddable":true,"href":"https:\/\/semmelweis.hu\/mediasarok\/wp-json\/wp\/v2\/tags?post=181131"}],"curies":[{"name":"wp","href":"https:\/\/api.w.org\/{rel}","templated":true}]}}