{"id":179926,"date":"2026-03-09T09:11:38","date_gmt":"2026-03-09T08:11:38","guid":{"rendered":"https:\/\/semmelweis.hu\/mediasarok\/?p=179926"},"modified":"2026-03-09T09:11:38","modified_gmt":"2026-03-09T08:11:38","slug":"egyseges-rendszeru-palliativ-hospice-ellatast-alakitanak-ki-a-semmelweis-egyetemen","status":"publish","type":"post","link":"https:\/\/semmelweis.hu\/mediasarok\/2026\/03\/09\/egyseges-rendszeru-palliativ-hospice-ellatast-alakitanak-ki-a-semmelweis-egyetemen\/","title":{"rendered":"Egys\u00e9ges rendszer\u0171 palliat\u00edv-hospice ell\u00e1t\u00e1st alak\u00edtanak ki a Semmelweis Egyetemen"},"content":{"rendered":"<p><strong>SAJT\u00d3MEGH\u00cdV\u00d3<\/strong><\/p>\n<p>Egys\u00e9ges rendszer\u0171 palliat\u00edv-hospice ell\u00e1t\u00e1st alak\u00edtanak ki a Semmelweis Egyetemen az\u00e9rt, hogy a s\u00falyos \u00e1llapot\u00fa, gy\u00f3gy\u00edthatatlan \u00e9s el\u0151rehaladott st\u00e1dium\u00fa gyermek- \u00e9s feln\u0151tt betegek, valamint csal\u00e1dtagjaik komplex, szem\u00e9lyre szabott t\u00e1mogat\u00e1sban r\u00e9szes\u00fclhessenek, ily m\u00f3don is cs\u00f6kkents\u00e9k szenved\u00e9s\u00fcket, jav\u00edts\u00e1k \u00e9letmin\u0151s\u00e9g\u00fcket, illetve t\u00e1mogass\u00e1k csal\u00e1djaikat. Az \u00faj modell integr\u00e1lja a klinikai, az ambul\u00e1ns \u00e9s az otthoni ell\u00e1t\u00e1st, \u00edgy az \u00e9rintettek ott kapj\u00e1k meg a sz\u00fcks\u00e9ges t\u00e1mogat\u00e1st, ahol az sz\u00e1mukra \u00e9s csal\u00e1djuk sz\u00e1m\u00e1ra a legbiztons\u00e1gosabb \u00e9s legmegfelel\u0151bb \u2013 ak\u00e1r k\u00f3rh\u00e1zban, ak\u00e1r otthoni k\u00f6rnyezetben. A programbemutat\u00f3 esem\u00e9nyre ez\u00fattal tisztelettel megh\u00edvjuk a szerkeszt\u0151s\u00e9g munkat\u00e1rs\u00e1t.<\/p>\n<p><strong>Id\u0151pont: <\/strong>2026. m\u00e1rcius 12. cs\u00fct\u00f6rt\u00f6k, 11:30<\/p>\n<p><strong>Helysz\u00edn: <\/strong>Semmelweis Egyetem, Semmelweis Szalon<\/p>\n<p>(1085 Budapest, \u00dcll\u0151i \u00fat 26. I. emelet, 108.)<\/p>\n<p><strong><u>Program:<\/u><\/strong><\/p>\n<p><strong>11.30-11.35 Dr. Merkely B\u00e9la, <\/strong>a Semmelweis Egyetem rektor\u00e1nak k\u00f6sz\u00f6nt\u0151je<\/p>\n<p><strong>11.35-11.45<\/strong>\u00a0 <strong>Dr. Szarvas G\u00e1bor<\/strong>, a Gyermekgy\u00f3gy\u00e1szati Klinikai szakorvos\u00e1nak, a gyermek palliat\u00edv team operat\u00edv\u00a0vezet\u0151j\u00e9nek ismertet\u0151je<\/p>\n<p><strong>11.45-11.55<\/strong>\u00a0 <strong>Dr. Horv\u00e1th Anna, <\/strong>a Belgy\u00f3gy\u00e1szati \u00e9s Hematol\u00f3giai Klinika adjunktus\u00e1nak, a feln\u0151tt palliat\u00edv ell\u00e1t\u00e1s szakmai vezet\u0151j\u00e9nek ismertet\u0151je<\/p>\n<p><strong>11.55-12.00<\/strong> <strong>Dr. Szab\u00f3 Attila <\/strong>klinikai rektorhelyettes k\u00f6sz\u00f6nt\u0151je<\/p>\n<p><strong>12.00-12.05<\/strong> <strong>Dr. Beny\u00f3 G\u00e1bor, <\/strong>a Semmelweis Egyetem Gyermekgy\u00f3gy\u00e1szati Klinika f\u0151orvos\u00e1nak, a T\u00e1bitha Gyermekhospice H\u00e1z orvos igazgat\u00f3j\u00e1nak, a Magyar Hospice-Palliat\u00edv Egyes\u00fclet eln\u00f6k\u00e9nek k\u00f6sz\u00f6nt\u0151je<\/p>\n<p><strong>12.05-12.10<\/strong> <strong>Dr. Szentm\u00e1rtoni Gy\u00f6ngyv\u00e9r, <\/strong>a Klinika Onkol\u00f3giai Tansz\u00e9k adjunktus\u00e1nak, a feln\u0151tt palliat\u00edv ell\u00e1t\u00e1s projekt vezet\u0151j\u00e9nek k\u00f6sz\u00f6nt\u0151je<\/p>\n<p>&nbsp;<\/p>\n<p>Az esem\u00e9nyen a sajt\u00f3 r\u00e9szv\u00e9tele regisztr\u00e1ci\u00f3hoz k\u00f6t\u00f6tt. K\u00e9rj\u00fck r\u00e9szv\u00e9teli sz\u00e1nd\u00e9k\u00e1t \u00e9s esetleges interj\u00faig\u00e9ny\u00e9t jelezze <strong><em>2026. m\u00e1rcius 11-\u00e9n 18 \u00f3r\u00e1ig<\/em><\/strong> a\u00a0<a href=\"mailto:hirek@semmelweis.hu\">hirek@semmelweis.hu<\/a>\u00a0c\u00edmen.<\/p>\n<p>Tov\u00e1bbi inform\u00e1ci\u00f3: Csat\u00e1ri-F\u00f6ldv\u00e1ry Eszter 06-30-269-6302 \/ Haiman \u00c9va 06-20-670-1574<\/p>\n<p>&nbsp;<\/p>\n<p><img loading=\"lazy\" decoding=\"async\" class=\" wp-image-179928 aligncenter\" src=\"https:\/\/semmelweis.hu\/mediasarok\/files\/2026\/03\/svajcialap-400x60.jpg\" alt=\"\" width=\"627\" height=\"94\" srcset=\"https:\/\/semmelweis.hu\/mediasarok\/files\/2026\/03\/svajcialap-400x60.jpg 400w, https:\/\/semmelweis.hu\/mediasarok\/files\/2026\/03\/svajcialap-768x115.jpg 768w, https:\/\/semmelweis.hu\/mediasarok\/files\/2026\/03\/svajcialap-753x113.jpg 753w, https:\/\/semmelweis.hu\/mediasarok\/files\/2026\/03\/svajcialap.jpg 794w\" sizes=\"auto, (max-width: 627px) 100vw, 627px\" \/><\/p>\n","protected":false},"excerpt":{"rendered":"<p>Az \u00faj palliat\u00edv-hospice modell integr\u00e1lja a klinikai, az ambul\u00e1ns \u00e9s az otthoni ell\u00e1t\u00e1st.<\/p>\n","protected":false},"author":102434,"featured_media":131164,"comment_status":"closed","ping_status":"closed","sticky":false,"template":"","format":"standard","meta":{"_acf_changed":false,"footnotes":""},"categories":[5,11],"tags":[733],"class_list":["post-179926","post","type-post","status-publish","format-standard","has-post-thumbnail","hentry","category-cikkek","category-sajtomeghivo","tag-meghivo"],"acf":[],"_links":{"self":[{"href":"https:\/\/semmelweis.hu\/mediasarok\/wp-json\/wp\/v2\/posts\/179926","targetHints":{"allow":["GET"]}}],"collection":[{"href":"https:\/\/semmelweis.hu\/mediasarok\/wp-json\/wp\/v2\/posts"}],"about":[{"href":"https:\/\/semmelweis.hu\/mediasarok\/wp-json\/wp\/v2\/types\/post"}],"author":[{"embeddable":true,"href":"https:\/\/semmelweis.hu\/mediasarok\/wp-json\/wp\/v2\/users\/102434"}],"replies":[{"embeddable":true,"href":"https:\/\/semmelweis.hu\/mediasarok\/wp-json\/wp\/v2\/comments?post=179926"}],"version-history":[{"count":3,"href":"https:\/\/semmelweis.hu\/mediasarok\/wp-json\/wp\/v2\/posts\/179926\/revisions"}],"predecessor-version":[{"id":179935,"href":"https:\/\/semmelweis.hu\/mediasarok\/wp-json\/wp\/v2\/posts\/179926\/revisions\/179935"}],"wp:featuredmedia":[{"embeddable":true,"href":"https:\/\/semmelweis.hu\/mediasarok\/wp-json\/wp\/v2\/media\/131164"}],"wp:attachment":[{"href":"https:\/\/semmelweis.hu\/mediasarok\/wp-json\/wp\/v2\/media?parent=179926"}],"wp:term":[{"taxonomy":"category","embeddable":true,"href":"https:\/\/semmelweis.hu\/mediasarok\/wp-json\/wp\/v2\/categories?post=179926"},{"taxonomy":"post_tag","embeddable":true,"href":"https:\/\/semmelweis.hu\/mediasarok\/wp-json\/wp\/v2\/tags?post=179926"}],"curies":[{"name":"wp","href":"https:\/\/api.w.org\/{rel}","templated":true}]}}