{"id":176079,"date":"2025-12-13T13:18:25","date_gmt":"2025-12-13T12:18:25","guid":{"rendered":"https:\/\/semmelweis.hu\/mediasarok\/?p=176079"},"modified":"2025-12-13T13:18:25","modified_gmt":"2025-12-13T12:18:25","slug":"sajtomeghivo-a-varosmajori-sziv-es-ergyogyaszati-klinika-az-en-transzplantaciom-cimu-kiallitasara","status":"publish","type":"post","link":"https:\/\/semmelweis.hu\/mediasarok\/2025\/12\/13\/sajtomeghivo-a-varosmajori-sziv-es-ergyogyaszati-klinika-az-en-transzplantaciom-cimu-kiallitasara\/","title":{"rendered":"Sajt\u00f3megh\u00edv\u00f3: a V\u00e1rosmajori Sz\u00edv-\u00e9s \u00c9rgy\u00f3gy\u00e1szati Klinika \u201eAz \u00e9n transzplant\u00e1ci\u00f3m\u201d c\u00edm\u0171 ki\u00e1ll\u00edt\u00e1s\u00e1ra"},"content":{"rendered":"<p>Szervtranszplant\u00e1ci\u00f3n \u00e1tesett betegek \u00e9s hozz\u00e1tartoz\u00f3ik alkot\u00e1saib\u00f3l ny\u00edlik ki\u00e1ll\u00edt\u00e1s a Semmelweis Egyetem V\u00e1rosmajori Sz\u00edv-\u00e9s \u00c9rgy\u00f3gy\u00e1szati Klinik\u00e1j\u00e1n, \u201eAz \u00e9n transzplant\u00e1ci\u00f3m\u201d c\u00edmmel. Az alkot\u00e1sok szem\u00e9lyes t\u00f6rt\u00e9neteket mes\u00e9lnek el a szerv\u00e1t\u00fcltet\u00e9sr\u0151l \u00e9s az \u00faj \u00e9letr\u0151l.<\/p>\n<p>Az \u00daj sz\u00edvben \u00c9p l\u00e9lek program keret\u00e9ben meghirdetett p\u00e1ly\u00e1zatra a szervtranszplant\u00e1ci\u00f3s folyamatban \u00e9rintettek alkot\u00e1sai \u00e9rkeztek: festm\u00e9nyek, versek, novell\u00e1k, fot\u00f3k.<\/p>\n<p>A rendezv\u00e9ny r\u00e9szek\u00e9nt bemutatkozik az egyetem \u00fajonnan megalakult Pszichoinform\u00e1lt Transzplant\u00e1ci\u00f3s Munkacsoportja is. \u00c1ltala mostant\u00f3l a Semmelweis Egyetem Int\u00e9zetei m\u00e9g szorosabbra f\u0171zik eddigi egy\u00fcttm\u0171k\u00f6d\u00e9s\u00fcket. Az orvosi st\u00e1b \u00e9s a pszich\u00e9s gondoz\u00e1st v\u00e9gz\u0151 t\u00e1rsszakm\u00e1kban dolgoz\u00f3k k\u00f6z\u00f6s munk\u00e1j\u00e1nak k\u00f6sz\u00f6nhet\u0151en tov\u00e1bb er\u0151s\u00f6dik az \u00e9rintett betegek \u00e9s hozz\u00e1tartoz\u00f3k pszichol\u00f3giai t\u00e1mogat\u00e1sa. A seb\u00e9szek, pulmonol\u00f3gusok, belgy\u00f3gy\u00e1szok, kardiol\u00f3gusok, pszichol\u00f3gusok, pszichi\u00e1terek c\u00e9lja az, hogy a betegell\u00e1t\u00e1s fejleszt\u00e9se mellett az eg\u00e9szs\u00e9g\u00fcgyi szakemberek szakmai tov\u00e1bbk\u00e9pz\u00e9se \u00e9s kutat\u00e1si egy\u00fcttm\u0171k\u00f6d\u00e9se meger\u0151s\u00f6dj\u00f6n annak \u00e9rdek\u00e9ben, hogy a k\u00f6zvetlen betegell\u00e1t\u00e1sba gyorsan megval\u00f3s\u00edthat\u00f3 eredm\u00e9nyek j\u00f6hessenek l\u00e9tre.<\/p>\n<p style=\"text-align: center\"><strong>ID\u0150PONT<\/strong><\/p>\n<p style=\"text-align: center\">December 16., kedd 13:00-14:00<\/p>\n<p style=\"text-align: center\"><strong>\u00c9rkez\u00e9s: <\/strong>12:45-kor<\/p>\n<p style=\"text-align: center\"><strong>HELYSZ\u00cdN <\/strong><\/p>\n<p style=\"text-align: center\">1122 Budapest, Ga\u00e1l J\u00f3zsef \u00fat 9-11. el\u0151ad\u00f3terem<\/p>\n<p style=\"text-align: center\">\u00a0<\/p>\n<p><strong>PROGRAM <\/strong><\/p>\n<p>13:00-13:10<strong> Dr. Merkely B\u00e9la,\u00a0<\/strong>a Semmelweis Egyetem rektor\u00e1nak k\u00f6sz\u00f6nt\u0151je<\/p>\n<p>13:10-13:15\u00a0<strong>Dr. Ocsovszky Zs\u00f3fia, <\/strong>a Semmelweis Egyetem V\u00e1rosmajori Sz\u00edv- \u00e9s \u00c9rgy\u00f3gy\u00e1szati Klinika szakpszichol\u00f3gus\u00e1nak el\u0151ad\u00e1sa az \u00daj sz\u00edvben \u00c9p l\u00e9lek programr\u00f3l<\/p>\n<p>13:15-13:20 <strong>Dr. Assabiny Alexandra<\/strong>, a Semmelweis Egyetem Pszichoinform\u00e1lt Transzplant\u00e1ci\u00f3s Munkacsoport koordin\u00e1tor\u00e1nak el\u0151ad\u00e1sa a munkacsoport megalakul\u00e1s\u00e1r\u00f3l<\/p>\n<p><strong>A r\u00e9szv\u00e9tel regisztr\u00e1ci\u00f3hoz k\u00f6t\u00f6tt. K\u00e9rj\u00fck, jelezzenek vissza\u00a02025. december 15. 10 \u00f3r\u00e1ig\u00a0a\u00a0<\/strong><a href=\"mailto:hirek@semmelweis.hu\"><strong>hirek@semmelweis.hu<\/strong><\/a><strong>\u00a0c\u00edmre. A parkol\u00e1s k\u00f6zter\u00fcleten lehets\u00e9ges. <\/strong><\/p>\n<p>Tov\u00e1bbi inform\u00e1ci\u00f3: Csat\u00e1ri-F\u00f6ldv\u00e1ry Eszter 06-30-269-6302 \/ Haiman \u00c9va 06-20-670-1574<\/p>\n","protected":false},"excerpt":{"rendered":"<p>Szervtranszplant\u00e1ci\u00f3n \u00e1tesett betegek \u00e9s hozz\u00e1tartoz\u00f3ik alkot\u00e1saib\u00f3l ny\u00edlik ki\u00e1ll\u00edt\u00e1s a Semmelweis Egyetem V\u00e1rosmajori Sz\u00edv-\u00e9s \u00c9rgy\u00f3gy\u00e1szati Klinik\u00e1j\u00e1n, \u201eAz \u00e9n transzplant\u00e1ci\u00f3m\u201d c\u00edmmel. Az alkot\u00e1sok szem\u00e9lyes t\u00f6rt\u00e9neteket mes\u00e9lnek el a szerv\u00e1t\u00fcltet\u00e9sr\u0151l \u00e9s az \u00faj \u00e9letr\u0151l. Az \u00daj sz\u00edvben \u00c9p l\u00e9lek program keret\u00e9ben meghirdetett p\u00e1ly\u00e1zatra a szervtranszplant\u00e1ci\u00f3s folyamatban \u00e9rintettek alkot\u00e1sai \u00e9rkeztek: festm\u00e9nyek, versek, novell\u00e1k, fot\u00f3k. A rendezv\u00e9ny r\u00e9szek\u00e9nt bemutatkozik az &hellip;<\/p>\n","protected":false},"author":101869,"featured_media":131164,"comment_status":"closed","ping_status":"closed","sticky":false,"template":"","format":"standard","meta":{"_acf_changed":false,"footnotes":""},"categories":[5,11],"tags":[733],"class_list":["post-176079","post","type-post","status-publish","format-standard","has-post-thumbnail","hentry","category-cikkek","category-sajtomeghivo","tag-meghivo"],"acf":[],"_links":{"self":[{"href":"https:\/\/semmelweis.hu\/mediasarok\/wp-json\/wp\/v2\/posts\/176079","targetHints":{"allow":["GET"]}}],"collection":[{"href":"https:\/\/semmelweis.hu\/mediasarok\/wp-json\/wp\/v2\/posts"}],"about":[{"href":"https:\/\/semmelweis.hu\/mediasarok\/wp-json\/wp\/v2\/types\/post"}],"author":[{"embeddable":true,"href":"https:\/\/semmelweis.hu\/mediasarok\/wp-json\/wp\/v2\/users\/101869"}],"replies":[{"embeddable":true,"href":"https:\/\/semmelweis.hu\/mediasarok\/wp-json\/wp\/v2\/comments?post=176079"}],"version-history":[{"count":2,"href":"https:\/\/semmelweis.hu\/mediasarok\/wp-json\/wp\/v2\/posts\/176079\/revisions"}],"predecessor-version":[{"id":176081,"href":"https:\/\/semmelweis.hu\/mediasarok\/wp-json\/wp\/v2\/posts\/176079\/revisions\/176081"}],"wp:featuredmedia":[{"embeddable":true,"href":"https:\/\/semmelweis.hu\/mediasarok\/wp-json\/wp\/v2\/media\/131164"}],"wp:attachment":[{"href":"https:\/\/semmelweis.hu\/mediasarok\/wp-json\/wp\/v2\/media?parent=176079"}],"wp:term":[{"taxonomy":"category","embeddable":true,"href":"https:\/\/semmelweis.hu\/mediasarok\/wp-json\/wp\/v2\/categories?post=176079"},{"taxonomy":"post_tag","embeddable":true,"href":"https:\/\/semmelweis.hu\/mediasarok\/wp-json\/wp\/v2\/tags?post=176079"}],"curies":[{"name":"wp","href":"https:\/\/api.w.org\/{rel}","templated":true}]}}