{"id":175802,"date":"2025-12-05T11:57:39","date_gmt":"2025-12-05T10:57:39","guid":{"rendered":"https:\/\/semmelweis.hu\/mediasarok\/?p=175802"},"modified":"2025-12-05T11:58:47","modified_gmt":"2025-12-05T10:58:47","slug":"strategiai-egyuttmukodest-kotott-a-semmelweis-egyetem-es-az-eli-lilly","status":"publish","type":"post","link":"https:\/\/semmelweis.hu\/mediasarok\/2025\/12\/05\/strategiai-egyuttmukodest-kotott-a-semmelweis-egyetem-es-az-eli-lilly\/","title":{"rendered":"Strat\u00e9giai egy\u00fcttm\u0171k\u00f6d\u00e9st k\u00f6t\u00f6tt a Semmelweis Egyetem \u00e9s az Eli Lilly"},"content":{"rendered":"<div class=\"lead\"><strong>\u00d6t \u00e9vre sz\u00f3l\u00f3, a magyar eg\u00e9szs\u00e9g\u00fcgy fejleszt\u00e9s\u00e9t \u00e9s a tudom\u00e1nyos innov\u00e1ci\u00f3 felgyors\u00edt\u00e1s\u00e1t c\u00e9lz\u00f3 strat\u00e9giai egy\u00fcttm\u0171k\u00f6d\u00e9si meg\u00e1llapod\u00e1st k\u00f6t\u00f6tt a Semmelweis Egyetem \u00e9s az Eli Lilly magyarorsz\u00e1gi le\u00e1nyv\u00e1llalata.\u00a0 A partnerek k\u00f6z\u00f6s c\u00e9lja, hogy olyan kezdem\u00e9nyez\u00e9seket ind\u00edtsanak el, melyek k\u00e9zzelfoghat\u00f3 v\u00e1ltoz\u00e1st hoznak a betegell\u00e1t\u00e1s, a szakmai eduk\u00e1ci\u00f3, a lakoss\u00e1gi eg\u00e9szs\u00e9g\u00e9rt\u00e9s \u00e9s az adatvez\u00e9relt eg\u00e9szs\u00e9g\u00fcgy ter\u00fclet\u00e9n. Az egy\u00fcttm\u0171k\u00f6d\u00e9si meg\u00e1llapod\u00e1st 2025. december 5-\u00e9n dr. Merkely B\u00e9la, a Semmelweis Egyetem rektora, \u00e9s Pawel Tokarzewski, az amerikai Eli Lilly magyarorsz\u00e1gi le\u00e1nyv\u00e1llalat\u00e1nak \u00fcgyvezet\u0151 igazgat\u00f3ja \u00edrta al\u00e1.<\/strong><\/div>\n<p>A Semmelweis Egyetem Magyarorsz\u00e1g \u00e9s a k\u00f6z\u00e9p-eur\u00f3pai r\u00e9gi\u00f3 vezet\u0151 orvos-eg\u00e9szs\u00e9g\u00fcgyi fels\u0151oktat\u00e1si int\u00e9zm\u00e9nye, mely szakegyetemk\u00e9nt egyed\u00fcl\u00e1ll\u00f3 az orsz\u00e1gban, m\u00edg a Lilly glob\u00e1lisan k\u00f6zel 150 \u00e9ve, haz\u00e1nkban pedig 35. \u00e9ve \u00e1ll a tudom\u00e1ny \u00e9lvonal\u00e1ban, a kardiometabolikus betegs\u00e9gek, az onkol\u00f3giai innov\u00e1ci\u00f3k \u00e9s a neurol\u00f3gia ter\u00fclet\u00e9n.<\/p>\n<p>A meg\u00e1llapod\u00e1st olyan k\u00f6z\u00f6s \u00e9rt\u00e9kek vez\u00e9rlik, mint a tudom\u00e1nyos kiv\u00e1l\u00f3s\u00e1g, a betegk\u00f6zpont\u00fa gondolkod\u00e1s, a k\u00f6z\u00f6s tisztelet az emberek ir\u00e1nt, a kiv\u00e1l\u00f3s\u00e1g, az integrit\u00e1s \u00e9s a meggy\u0151z\u0151d\u00e9s, miszerint az innov\u00e1ci\u00f3 val\u00f3di ereje abban rejlik, ha eljut azokhoz, akiknek a legink\u00e1bb sz\u00fcks\u00e9g\u00fck van r\u00e1. Az egy\u00fcttm\u0171k\u00f6d\u00e9s ez\u00e9rt nem csup\u00e1n logikus, hanem strat\u00e9giai jelent\u0151s\u00e9g\u0171: egym\u00e1s szakmai tud\u00e1s\u00e1ra \u00e9s saj\u00e1t ter\u00fclet\u00fck\u00f6n vezet\u0151i szerep\u00fckre \u00e9p\u00edtve j\u00e1rul hozz\u00e1 a magyar eg\u00e9szs\u00e9g\u00fcgy fejl\u0151d\u00e9s\u00e9hez, a n\u00e9peg\u00e9szs\u00e9g\u00fcgyi kih\u00edv\u00e1sok kezel\u00e9s\u00e9hez \u00e9s a tudom\u00e1nyos eredm\u00e9nyek sz\u00e9les k\u00f6r\u0171 alkalmaz\u00e1s\u00e1hoz.<\/p>\n<p><strong>A meg\u00e1llapod\u00e1s f\u0151 pill\u00e9rei: eduk\u00e1ci\u00f3, tudom\u00e1nyos egy\u00fcttm\u0171k\u00f6d\u00e9s \u00e9s adatalap\u00fa eg\u00e9szs\u00e9g\u00fcgy<\/strong><\/p>\n<p>A meg\u00e1llapod\u00e1s egyik fontos pill\u00e9re a betegeduk\u00e1ci\u00f3 \u00e9s a t\u00e1rsadalom eg\u00e9szs\u00e9g\u00e9rt\u00e9s\u00e9nek fejleszt\u00e9se. A felek k\u00f6z\u00f6sen dolgoznak azon, hogy korszer\u0171, tudom\u00e1nyosan megalapozott \u00e9s mindenki sz\u00e1m\u00e1ra k\u00f6z\u00e9rthet\u0151 tartalmak seg\u00edts\u00e9k a kardiometabolikus, onkol\u00f3giai \u00e9s neurol\u00f3giai betegs\u00e9gek korai felismer\u00e9s\u00e9t, a prevenci\u00f3 meger\u0151s\u00edt\u00e9s\u00e9t. K\u00f6z\u00f6s c\u00e9l, hogy a magas n\u00e9peg\u00e9szs\u00e9g\u00fcgyi kock\u00e1zattal j\u00e1r\u00f3 betegs\u00e9gekhez kapcsol\u00f3d\u00f3 tud\u00e1s min\u00e9l sz\u00e9lesebb k\u00f6rben el\u00e9rhet\u0151 legyen \u00e9s a lakoss\u00e1g is akt\u00edvan r\u00e9szt vehessen saj\u00e1t eg\u00e9szs\u00e9g\u00e9nek alak\u00edt\u00e1s\u00e1ban. Emellett kiemelten fontos szerepet kap az eg\u00e9szs\u00e9g\u00fcgyi szakemberek t\u00e1mogat\u00e1sa annak \u00e9rdek\u00e9ben, hogy a hazai orvosok els\u0151k\u00e9nt ismerhess\u00e9k meg a legfrissebb kutat\u00e1si eredm\u00e9nyeket \u00e9s ter\u00e1pi\u00e1s megold\u00e1sokat.<\/p>\n<p>Az egy\u00fcttm\u0171k\u00f6d\u00e9s harmadik nagy ter\u00fclete a val\u00f3s \u00e9letb\u0151l sz\u00e1rmaz\u00f3 adatokban (RWD) rejl\u0151 lehet\u0151s\u00e9gek felt\u00e1r\u00e1sa: hogyan haszn\u00e1lhat\u00f3k fel a rendelkez\u00e9sre \u00e1ll\u00f3 magyar eg\u00e9szs\u00e9g\u00fcgyi adatok a kutat\u00e1s el\u0151mozd\u00edt\u00e1s\u00e1ra, az ell\u00e1t\u00e1s min\u0151s\u00e9g\u00e9nek jav\u00edt\u00e1s\u00e1ra vagy az eg\u00e9szs\u00e9gpolitikai d\u00f6nt\u00e9shozatal t\u00e1mogat\u00e1s\u00e1ra.<\/p>\n<p>Dr. Merkely B\u00e9la, a Semmelweis Egyetem rektora hangs\u00falyozta:<\/p>\n<blockquote>\n<p>A Semmelweis Egyetem sz\u00e1m\u00e1ra kiemelten fontos, hogy olyan glob\u00e1lis innov\u00e1ci\u00f3s szerepl\u0151kkel m\u0171k\u00f6dj\u00f6n egy\u00fctt, akik a tudom\u00e1nyos kiv\u00e1l\u00f3s\u00e1got \u00e9s a betegk\u00f6zpont\u00fa szeml\u00e9letet k\u00e9pviselik, hiszen mindannyiunk k\u00f6z\u00f6s \u00e9rdeke, hogy olyan ter\u00e1pi\u00e1k, hat\u00f3anyagok \u00e9s gy\u00f3gyszerek sz\u00fclessenek, amelyek a beteg\u00e1gy mellett hasznosulnak \u00e9s val\u00f3ban seg\u00edtenek az embereken. Int\u00e9zm\u00e9ny\u00fcnk fontos feladat\u00e1nak tekinti a h\u00e1rom f\u0151 tev\u00e9kenys\u00e9ge \u2013 az oktat\u00e1s, kutat\u00e1s-innov\u00e1ci\u00f3 \u00e9s gy\u00f3gy\u00edt\u00e1s \u2013 mellett a lakoss\u00e1gi eduk\u00e1ci\u00f3t is, amelyben most a Lillyvel egy fontos sz\u00f6vets\u00e9gessel gazdagodtunk. Mindketten az emberek\u00e9rt, a min\u00e9l hosszabban tart\u00f3, min\u00e9l eg\u00e9szs\u00e9gesebb \u00e9let\u00e9rt dolgozunk.<\/p>\n<\/blockquote>\n<p>A Semmelweis Egyetem val\u00f3di region\u00e1lis tud\u00e1sk\u00f6zpont \u2013 egy olyan int\u00e9zm\u00e9ny, amelynek hat\u00e1sa, szak\u00e9rtelme messze t\u00falmutat Magyarorsz\u00e1g hat\u00e1rain. \u00datt\u00f6r\u0151k vagyunk a kardiometabolikus betegs\u00e9gek \u00e9s az Alzheimer-k\u00f3r kezel\u00e9s\u00e9ben, de minden innov\u00e1ci\u00f3nk m\u00f6g\u00f6tt mindig egy ember, egy csal\u00e1d, egy \u00e9let \u00e1ll. K\u00f6z\u00f6s meggy\u0151z\u0151d\u00e9s\u00fcnk, hogy az innov\u00e1ci\u00f3 \u00e9rt\u00e9ke abban rejlik, ha val\u00f3ban jobb\u00e1 teszi a betegek mindennapjait. Szak\u00e9rtelm\u00fcnk egyes\u00edt\u00e9s\u00e9vel lehet\u0151s\u00e9g\u00fcnk ny\u00edlik a kutat\u00e1s kisz\u00e9les\u00edt\u00e9s\u00e9re, a klinikai ismeretek m\u00e9ly\u00edt\u00e9s\u00e9re, \u00e9s arra, hogy egy\u00fctt tal\u00e1ljuk meg a legnagyobb k\u00f6zeg\u00e9szs\u00e9g\u00fcgyi kih\u00edv\u00e1sokra adhat\u00f3 val\u00f3di megold\u00e1sokat, amelyek k\u00f6zvetlen\u00fcl a magyar betegek \u00e9s csal\u00e1dok \u00e9let\u00e9re gyakorolnak hat\u00e1st <span style=\"font-size: 1rem\">\u2013 tette hozz\u00e1 Pawel Tokarzewski, az Eli Lilly magyarorsz\u00e1gi le\u00e1nyv\u00e1llalat\u00e1nak \u00fcgyvezet\u0151je.<\/span><\/p>\n<p>&nbsp;<\/p>\n","protected":false},"excerpt":{"rendered":"<p>\u00d6t \u00e9vre sz\u00f3l\u00f3, a magyar eg\u00e9szs\u00e9g\u00fcgy fejleszt\u00e9s\u00e9t \u00e9s a tudom\u00e1nyos innov\u00e1ci\u00f3 felgyors\u00edt\u00e1s\u00e1t c\u00e9lz\u00f3 strat\u00e9giai egy\u00fcttm\u0171k\u00f6d\u00e9si meg\u00e1llapod\u00e1st k\u00f6t\u00f6tt a Semmelweis Egyetem \u00e9s az Eli Lilly magyarorsz\u00e1gi le\u00e1nyv\u00e1llalata.\u00a0 A partnerek k\u00f6z\u00f6s c\u00e9lja, hogy olyan kezdem\u00e9nyez\u00e9seket ind\u00edtsanak el, melyek k\u00e9zzelfoghat\u00f3 v\u00e1ltoz\u00e1st hoznak a betegell\u00e1t\u00e1s, a szakmai eduk\u00e1ci\u00f3, a lakoss\u00e1gi eg\u00e9szs\u00e9g\u00e9rt\u00e9s \u00e9s az adatvez\u00e9relt eg\u00e9szs\u00e9g\u00fcgy ter\u00fclet\u00e9n. Az egy\u00fcttm\u0171k\u00f6d\u00e9si meg\u00e1llapod\u00e1st &hellip;<\/p>\n","protected":false},"author":101869,"featured_media":175804,"comment_status":"closed","ping_status":"closed","sticky":false,"template":"","format":"standard","meta":{"_acf_changed":false,"footnotes":""},"categories":[5],"tags":[734],"class_list":["post-175802","post","type-post","status-publish","format-standard","has-post-thumbnail","hentry","category-cikkek","tag-kozlemeny"],"acf":[],"_links":{"self":[{"href":"https:\/\/semmelweis.hu\/mediasarok\/wp-json\/wp\/v2\/posts\/175802","targetHints":{"allow":["GET"]}}],"collection":[{"href":"https:\/\/semmelweis.hu\/mediasarok\/wp-json\/wp\/v2\/posts"}],"about":[{"href":"https:\/\/semmelweis.hu\/mediasarok\/wp-json\/wp\/v2\/types\/post"}],"author":[{"embeddable":true,"href":"https:\/\/semmelweis.hu\/mediasarok\/wp-json\/wp\/v2\/users\/101869"}],"replies":[{"embeddable":true,"href":"https:\/\/semmelweis.hu\/mediasarok\/wp-json\/wp\/v2\/comments?post=175802"}],"version-history":[{"count":2,"href":"https:\/\/semmelweis.hu\/mediasarok\/wp-json\/wp\/v2\/posts\/175802\/revisions"}],"predecessor-version":[{"id":175805,"href":"https:\/\/semmelweis.hu\/mediasarok\/wp-json\/wp\/v2\/posts\/175802\/revisions\/175805"}],"wp:featuredmedia":[{"embeddable":true,"href":"https:\/\/semmelweis.hu\/mediasarok\/wp-json\/wp\/v2\/media\/175804"}],"wp:attachment":[{"href":"https:\/\/semmelweis.hu\/mediasarok\/wp-json\/wp\/v2\/media?parent=175802"}],"wp:term":[{"taxonomy":"category","embeddable":true,"href":"https:\/\/semmelweis.hu\/mediasarok\/wp-json\/wp\/v2\/categories?post=175802"},{"taxonomy":"post_tag","embeddable":true,"href":"https:\/\/semmelweis.hu\/mediasarok\/wp-json\/wp\/v2\/tags?post=175802"}],"curies":[{"name":"wp","href":"https:\/\/api.w.org\/{rel}","templated":true}]}}