{"id":175307,"date":"2025-11-26T16:00:22","date_gmt":"2025-11-26T15:00:22","guid":{"rendered":"https:\/\/semmelweis.hu\/mediasarok\/?p=175307"},"modified":"2025-11-26T16:00:22","modified_gmt":"2025-11-26T15:00:22","slug":"uj-korszak-a-hazai-szivultrahang-diagnosztikaban","status":"publish","type":"post","link":"https:\/\/semmelweis.hu\/mediasarok\/2025\/11\/26\/uj-korszak-a-hazai-szivultrahang-diagnosztikaban\/","title":{"rendered":"\u00daj korszak a hazai sz\u00edvultrahang-diagnosztik\u00e1ban"},"content":{"rendered":"<div class=\"lead\"><strong>N\u00e9gy cs\u00facskateg\u00f3ri\u00e1s ultrahang-k\u00e9sz\u00fcl\u00e9ket adott \u00e1t a Semmelweis Egyetem V\u00e1rosmajori Sz\u00edv<\/strong><strong>\u2010 <\/strong><strong>\u00e9s <\/strong><strong>\u00c9rgy<\/strong><strong>\u00f3gy<\/strong><strong>\u00e1szati Klinika nemr\u00e9g felavatott Diagnosztikai \u00e9s Ter\u00e1pi\u00e1s K\u00f6zpontj\u00e1ban a MED-EN TRADE Kft. november 26-\u00e1n. Valamennyi k<\/strong><strong>\u00e9sz<\/strong><strong>\u00fcl<\/strong><strong>\u00e9k GE HealthCare Vivid Pioneer t<\/strong><strong>\u00edpus<\/strong><strong>\u00fa berendez<\/strong><strong>\u00e9s, amely a kardiol<\/strong><strong>\u00f3giai ultrahang-diagnosztika <\/strong><strong>\u00e9lvonal<\/strong><strong>\u00e1t k<\/strong><strong>\u00e9pviseli.<\/strong><\/div>\n<p>A V\u00e1rosmajori Sz\u00edv- \u00e9s \u00c9rgy\u00f3gy\u00e1szati Klinika Diagnosztikai \u00e9s Ter\u00e1pi\u00e1s K\u00f6zpontja 4492 n\u00e9gyzetm\u00e9teren mintegy 9,1 milli\u00e1rd forintb\u00f3l val\u00f3sult meg, az orvostechnol\u00f3giai berendez\u00e9seket tov\u00e1bbi 4 milli\u00e1rd forint\u00e9rt szerezt\u00e9k be. A komplex beruh\u00e1z\u00e1s a klinika 113 \u00e9ves t\u00f6rt\u00e9net\u00e9nek legnagyobb fejleszt\u00e9se.<\/p>\n<p><strong>A technol\u00f3gia \u2013 a Vivid Pioneer \u00faj dimenzi\u00f3i<\/strong><\/p>\n<p>A GE HealthCare Vivid Pioneer ultrahang-rendszerek k\u00f6zvetlen el\u0151nye a betegek sz\u00e1m\u00e1ra a pontosabb diagn\u00f3zis, a r\u00f6videbb vizsg\u00e1lati id\u0151 \u00e9s a gyorsabb ter\u00e1pi\u00e1s d\u00f6nt\u00e9shozatal. Rendk\u00edv\u00fcl nagy felbont\u00e1s\u00fa k\u00e9palkot\u00e1ssal \u00e9s mesters\u00e9ges intelligenci\u00e1val t\u00e1mogatott automatiz\u00e1lt m\u00e9r\u00e9sekkel seg\u00edtik az orvosi d\u00f6nt\u00e9shozatalt.<\/p>\n<p>A kompakt, pr\u00e9mium kivitel lehet\u0151v\u00e9 teszi, hogy kisebb helyig\u00e9ny mellett is cs\u00facsteljes\u00edtm\u00e9nyt ny\u00fajtsanak, gyors indul\u00e1ssal \u00e9s optim\u00e1lis munkafolyamat-t\u00e1mogat\u00e1ssal. A n\u00e9gy \u00faj GE HealthCare Vivid Pioneer ultrahang-rendszer a V\u00e1rosmajor 70 fejleszt\u00e9s modern infrastruktur\u00e1lis k\u00f6rnyezet\u00e9vel egy\u00fctt olyan integr\u00e1lt, modern diagnosztikai k\u00f6rnyezetet teremt, ahol az \u00e9p\u00edtett t\u00e9r \u00e9s a technol\u00f3gia k\u00e9zzelfoghat\u00f3 min\u0151s\u00e9gi el\u0151rel\u00e9p\u00e9st jelent a betegell\u00e1t\u00e1sban.<\/p>\n<p><strong>Az egy\u00fcttm\u0171k\u00f6d\u00e9s \u00e9s a j\u00f6v\u0151 perspekt\u00edv\u00e1ja<\/strong><\/p>\n<p>\u201eA V\u00e1rosmajori Sz\u00edv- \u00e9s \u00c9rgy\u00f3gy\u00e1szati Klinika m\u00e1r eddig is Magyarorsz\u00e1g legnagyobb betegforgalm\u00fa sz\u00edvultrahang-centruma volt. A n\u00e9gy \u00faj cs\u00facskateg\u00f3ri\u00e1s k\u00e9sz\u00fcl\u00e9k szolg\u00e1latba \u00e1ll\u00edt\u00e1sa tov\u00e1bb n\u00f6veli a vizsg\u00e1lati kapacit\u00e1st, biztos\u00edtja, hogy a klinikai betegell\u00e1t\u00e1sban mindig a legmagasabb sz\u00ednvonal\u00fa k\u00e9palkot\u00e1s legyen el\u00e9rhet\u0151, betegeink pedig gyorsabban \u00e9s pontosabban juthatnak diagn\u00f3zishoz\u201d \u2013 mondta dr. Merkely B\u00e9la igazgat\u00f3, a Semmelweis Egyetem rektora. Hozz\u00e1t\u00e9ve: \u201eA jelenleg el\u00e9rhet\u0151 legfejlettebb technol\u00f3gi\u00e1t k\u00e9pvisel\u0151 ultrahang berendez\u00e9sek el\u0151nyeit a betegell\u00e1t\u00e1s mellett az oktat\u00e1s \u00e9s a kutat\u00e1s ter\u00e9n is ki tudjuk akn\u00e1zni\u201d.<\/p>\n<p>\u201eAz ultrahang-technol\u00f3gia fejl\u0151d\u00e9se ma m\u00e1r nem csup\u00e1n k\u00e9pek k\u00e9sz\u00edt\u00e9s\u00e9r\u0151l sz\u00f3l, hanem intelligens rendszerintegr\u00e1ci\u00f3r\u00f3l, automatiz\u00e1l\u00e1sr\u00f3l \u00e9s olyan diagnosztikai rugalmass\u00e1gr\u00f3l, amely k\u00f6zvetlen\u00fcl a betegell\u00e1t\u00e1si folyamatot \u00e9rinti. A MED-EN TRADE \u00e9s a GE HealthCare egy\u00fcttm\u0171k\u00f6d\u00e9s\u00e9ben ezeket a legmodernebb megold\u00e1sokat juttatjuk el az int\u00e9zm\u00e9nyi k\u00f6rnyezetbe \u2013 hogy a v\u00e1rosmajori \u00faj \u00e9p\u00fclet ne csup\u00e1n infrastruktur\u00e1lis beruh\u00e1z\u00e1s, hanem val\u00f3di, m\u0171k\u00f6d\u0151 szakmai k\u00f6zpont legyen\u201d \u2013 nyilatkozta F\u00f6ldv\u00e1ri Jutas Szvilen, a GE HealthCare k\u00f6z\u00e9p- \u00e9s kelet-eur\u00f3pai \u00fcgyvezet\u0151 igazgat\u00f3ja.<\/p>\n<p><strong>Disztrib\u00fatori h\u00e1tt\u00e9r \u00e9s szakmai t\u00e1mogat\u00e1s<\/strong><\/p>\n<p>A MED-EN TRADE Kft. 2013-as megalakul\u00e1sa \u00f3ta a hazai ultrahang-diagnosztikai piacon a GE HealthCare eszk\u00f6zeinek egyik kiemelt forgalmaz\u00f3ja, kiemelt hangs\u00falyt fektetve a kardiol\u00f3giai, n\u0151gy\u00f3gy\u00e1szati \u00e9s \u00e1ltal\u00e1nos radiol\u00f3giai megold\u00e1sokra. Ebben a programban a disztrib\u00fator k\u00f6zvet\u00edt\u0151 szerepet t\u00f6lt be, t\u00e1mogatva az int\u00e9zm\u00e9nyi beruh\u00e1z\u00e1st \u00e9s m\u0171szaki implement\u00e1ci\u00f3t \u2013 biztos\u00edtva, hogy a legmodernebb technol\u00f3gia min\u00e9l gyorsabban \u00e9s z\u00f6kken\u0151mentesen v\u00e1ljon m\u0171k\u00f6d\u0151 eszk\u00f6zz\u00e9.<\/p>\n<p><strong>\u00daj standard a sz\u00edv- \u00e9s \u00e9rrendszeri diagnosztik\u00e1ban<\/strong><\/p>\n<p>A november 26-i \u00e1tad\u00e1s j\u00f6v\u0151orient\u00e1ltan, a betegell\u00e1t\u00e1s \u00e9s a diagnosztika nemzetk\u00f6zi cs\u00facssz\u00ednvonal\u00e1t c\u00e9lozza. A Vivid Pioneer rendszerek r\u00e9v\u00e9n a klinika k\u00e9pes lesz m\u00e9g pontosabb \u00e9s gyorsabb sz\u00edv- \u00e9s \u00e9rrendszeri vizsg\u00e1latokra, az automatiz\u00e1l\u00e1s \u00e9s intelligens k\u00e9palkot\u00e1s r\u00e9v\u00e9n cs\u00f6kken a rutinfeladatok terhe, \u00e9s n\u0151 a klinikai d\u00f6nt\u00e9st\u00e1mogat\u00e1s hat\u00e9konys\u00e1ga. Az \u00e9p\u00fclet \u00e9s az eszk\u00f6z\u00f6k egy\u00fcttesen olyan modern diagnosztikai k\u00f6rnyezetet teremtenek, amely \u00faj min\u0151s\u00e9get jelent a betegell\u00e1t\u00e1sban.<\/p>\n<p>Fot\u00f3: K\u00e9pszerkeszt\u0151s\u00e9g &#8211; Tuba Zolt\u00e1n<\/p>\n","protected":false},"excerpt":{"rendered":"<p>N\u00e9gy cs\u00facskateg\u00f3ri\u00e1s kardiol\u00f3giai ultrahang \u00e9rkezett a V\u00e1rosmajori Sz\u00edv- \u00e9s \u00c9rgy\u00f3gy\u00e1szati Klinik\u00e1ra<\/p>\n","protected":false},"author":102434,"featured_media":175313,"comment_status":"closed","ping_status":"closed","sticky":false,"template":"","format":"standard","meta":{"_acf_changed":false,"footnotes":""},"categories":[5],"tags":[734],"class_list":["post-175307","post","type-post","status-publish","format-standard","has-post-thumbnail","hentry","category-cikkek","tag-kozlemeny"],"acf":[],"_links":{"self":[{"href":"https:\/\/semmelweis.hu\/mediasarok\/wp-json\/wp\/v2\/posts\/175307","targetHints":{"allow":["GET"]}}],"collection":[{"href":"https:\/\/semmelweis.hu\/mediasarok\/wp-json\/wp\/v2\/posts"}],"about":[{"href":"https:\/\/semmelweis.hu\/mediasarok\/wp-json\/wp\/v2\/types\/post"}],"author":[{"embeddable":true,"href":"https:\/\/semmelweis.hu\/mediasarok\/wp-json\/wp\/v2\/users\/102434"}],"replies":[{"embeddable":true,"href":"https:\/\/semmelweis.hu\/mediasarok\/wp-json\/wp\/v2\/comments?post=175307"}],"version-history":[{"count":2,"href":"https:\/\/semmelweis.hu\/mediasarok\/wp-json\/wp\/v2\/posts\/175307\/revisions"}],"predecessor-version":[{"id":175314,"href":"https:\/\/semmelweis.hu\/mediasarok\/wp-json\/wp\/v2\/posts\/175307\/revisions\/175314"}],"wp:featuredmedia":[{"embeddable":true,"href":"https:\/\/semmelweis.hu\/mediasarok\/wp-json\/wp\/v2\/media\/175313"}],"wp:attachment":[{"href":"https:\/\/semmelweis.hu\/mediasarok\/wp-json\/wp\/v2\/media?parent=175307"}],"wp:term":[{"taxonomy":"category","embeddable":true,"href":"https:\/\/semmelweis.hu\/mediasarok\/wp-json\/wp\/v2\/categories?post=175307"},{"taxonomy":"post_tag","embeddable":true,"href":"https:\/\/semmelweis.hu\/mediasarok\/wp-json\/wp\/v2\/tags?post=175307"}],"curies":[{"name":"wp","href":"https:\/\/api.w.org\/{rel}","templated":true}]}}