{"id":165399,"date":"2025-05-22T09:54:10","date_gmt":"2025-05-22T07:54:10","guid":{"rendered":"https:\/\/semmelweis.hu\/mediasarok\/?p=165399"},"modified":"2025-05-22T09:54:10","modified_gmt":"2025-05-22T07:54:10","slug":"sajtokozlemeny-13","status":"publish","type":"post","link":"https:\/\/semmelweis.hu\/mediasarok\/2025\/05\/22\/sajtokozlemeny-13\/","title":{"rendered":"Sajt\u00f3k\u00f6zlem\u00e9ny"},"content":{"rendered":"<div class=\"lead\">Az Eur\u00f3pai Stroke T\u00e1rsas\u00e1g (ESO) legmagasabb, gy\u00e9m\u00e1nt szint\u0171 elismer\u00e9s\u00e9t nyerte el a Semmelweis Egyetem Idegseb\u00e9szeti \u00e9s Neurointervenci\u00f3s Klinika stroke-ell\u00e1t\u00f3 programja.<\/div>\n<p>Az ESO \u00e9rt\u00e9kel\u00e9s\u00e9ben azt vizsg\u00e1lja, hogy mennyire gyorsan, szervezetten \u00e9s a szakmai standardok szerint t\u00f6rt\u00e9nik a betegell\u00e1t\u00e1s. A klinika folyamatosan, 24 \u00f3r\u00e1ban, a legmagasabb min\u0151s\u00e9gi elv\u00e1r\u00e1sok szerint biztos\u00edtja az ell\u00e1t\u00e1st, a ter\u00e1pia k\u00e9sedelem n\u00e9lk\u00fcl, a t\u00fcnetek megjelen\u00e9s\u00e9t\u0151l sz\u00e1m\u00edtott egy \u00f3r\u00e1n bel\u00fcl megkezd\u0151dik. Ez az\u00e9rt is kiemelked\u0151, mert ez Eur\u00f3pa legnagyobb betegforgalm\u00fa intervenci\u00f3s stroke centruma. Az elm\u00falt egy \u00e9vben t\u00f6bb mint ezer esetet l\u00e1ttak el itt, ebb\u0151l 760 s\u00falyos \u00e1llapot\u00fa beteget, akin\u00e9l mechanikus v\u00e9rr\u00f6gelt\u00e1vol\u00edt\u00e1sra is sz\u00fcks\u00e9g volt a trombol\u00edzis mellett. Ez a f\u00fcggetlen eur\u00f3pai \u00e9rt\u00e9kel\u00e9s egy\u00e9rtelm\u0171en igazolja azt is, hogy a 2024 m\u00e1rciusi integr\u00e1ci\u00f3 a Semmelweis Egyetem \u00e9s az Amerikai \u00fati Orsz\u00e1gos Ment\u00e1lis, Ideggy\u00f3gy\u00e1szati \u00e9s Idegseb\u00e9szeti Int\u00e9zet k\u00f6z\u00f6tt meger\u0151s\u00edtette a stroke-programot.<\/p>\n","protected":false},"excerpt":{"rendered":"<p>Az elm\u00falt egy \u00e9vben t\u00f6bb mint ezer stroke-os esetet l\u00e1ttak el Semmelweis Egyetem Idegseb\u00e9szeti \u00e9s Neurointervenci\u00f3s Klinik\u00e1n.<\/p>\n","protected":false},"author":101748,"featured_media":0,"comment_status":"closed","ping_status":"closed","sticky":false,"template":"","format":"standard","meta":{"_acf_changed":false,"footnotes":""},"categories":[5],"tags":[734],"class_list":["post-165399","post","type-post","status-publish","format-standard","hentry","category-cikkek","tag-kozlemeny"],"acf":[],"_links":{"self":[{"href":"https:\/\/semmelweis.hu\/mediasarok\/wp-json\/wp\/v2\/posts\/165399","targetHints":{"allow":["GET"]}}],"collection":[{"href":"https:\/\/semmelweis.hu\/mediasarok\/wp-json\/wp\/v2\/posts"}],"about":[{"href":"https:\/\/semmelweis.hu\/mediasarok\/wp-json\/wp\/v2\/types\/post"}],"author":[{"embeddable":true,"href":"https:\/\/semmelweis.hu\/mediasarok\/wp-json\/wp\/v2\/users\/101748"}],"replies":[{"embeddable":true,"href":"https:\/\/semmelweis.hu\/mediasarok\/wp-json\/wp\/v2\/comments?post=165399"}],"version-history":[{"count":1,"href":"https:\/\/semmelweis.hu\/mediasarok\/wp-json\/wp\/v2\/posts\/165399\/revisions"}],"predecessor-version":[{"id":165400,"href":"https:\/\/semmelweis.hu\/mediasarok\/wp-json\/wp\/v2\/posts\/165399\/revisions\/165400"}],"wp:attachment":[{"href":"https:\/\/semmelweis.hu\/mediasarok\/wp-json\/wp\/v2\/media?parent=165399"}],"wp:term":[{"taxonomy":"category","embeddable":true,"href":"https:\/\/semmelweis.hu\/mediasarok\/wp-json\/wp\/v2\/categories?post=165399"},{"taxonomy":"post_tag","embeddable":true,"href":"https:\/\/semmelweis.hu\/mediasarok\/wp-json\/wp\/v2\/tags?post=165399"}],"curies":[{"name":"wp","href":"https:\/\/api.w.org\/{rel}","templated":true}]}}