{"id":155120,"date":"2024-10-08T08:00:45","date_gmt":"2024-10-08T06:00:45","guid":{"rendered":"https:\/\/semmelweis.hu\/mediasarok\/?p=155120"},"modified":"2024-10-07T16:40:27","modified_gmt":"2024-10-07T14:40:27","slug":"meghivo-felnott-betegsegekkel-bovult-a-semmelweis-help","status":"publish","type":"post","link":"https:\/\/semmelweis.hu\/mediasarok\/2024\/10\/08\/meghivo-felnott-betegsegekkel-bovult-a-semmelweis-help\/","title":{"rendered":"Megh\u00edv\u00f3: Feln\u0151tt betegs\u00e9gekkel b\u0151v\u00fclt a Semmelweis HELP"},"content":{"rendered":"<p style=\"text-align: center\"><strong>SAJT\u00d3MEGH\u00cdV\u00d3<\/strong><\/p>\n<p style=\"text-align: center\"><strong>Tisztelt Szerkeszt\u0151s\u00e9g!<\/strong><\/p>\n<p style=\"text-align: center\">A Semmelweis HELP ingyenes t\u00fcnetellen\u0151rz\u0151 applik\u00e1ci\u00f3 feln\u0151tt modulj\u00e1nak bemutat\u00e1sa alkalm\u00e1b\u00f3l rendezett sajt\u00f3t\u00e1j\u00e9koztat\u00f3ra h\u00edvja \u00d6nt az egyetem \u00e9s a fejleszt\u00e9st t\u00e1mogat\u00f3 Richter Gedeon Nyrt.<\/p>\n<p style=\"text-align: center\"><strong>ID\u0150PONT<\/strong><\/p>\n<p style=\"text-align: center\">Okt\u00f3ber 14. h\u00e9tf\u0151, 11 \u00f3ra<\/p>\n<p style=\"text-align: center\"><strong>HELYSZ\u00cdN<\/strong><\/p>\n<p style=\"text-align: center\">Semmelweis Szalon (1085 Budapest, \u00dcll\u0151i \u00fat 26. Rektori \u00c9p\u00fclet, 1. emelet 108.)<\/p>\n<p style=\"text-align: center\"><strong>Program<\/strong><\/p>\n<p style=\"text-align: center\">11:00-11:05:\u00a0<strong>Dr. Merkely B\u00e9la<\/strong>,\u00a0a Semmelweis Egyetem rektor\u00e1nak k\u00f6sz\u00f6nt\u0151je<\/p>\n<p style=\"text-align: center\">11:05-11:10:<strong>\u00a0Orb\u00e1n G\u00e1bor<\/strong>, a Richter Gedeon Nyrt. vez\u00e9rigazgat\u00f3j\u00e1nak k\u00f6sz\u00f6nt\u0151je<\/p>\n<p style=\"text-align: center\">11:10-11:15:\u00a0<strong>Dr. M\u00fcller Cec\u00edlia <\/strong>orsz\u00e1gos tisztif\u0151orvos k\u00f6sz\u00f6nt\u0151je<\/p>\n<p style=\"text-align: center\">11:15-11:20 <strong>Kov\u00e1cs Eszter<\/strong>\u00a0\u00f6tletgazda, az egyik fejleszt\u0151, a Semmelweis HELP feln\u0151tt modulj\u00e1nak bemutat\u00e1sa<\/p>\n<p style=\"text-align: center\">11:20-11:25:\u00a0<strong>Dr. Kriv\u00e1csy P\u00e9ter<\/strong>, a Semmelweis HELP orvosszakmai vezet\u0151j\u00e9nek ismertet\u0151je<\/p>\n<p style=\"text-align: center\">11:25 \u2013 k\u00e9rd\u00e9sek, interj\u00fak<\/p>\n<p style=\"text-align: center\">A sajt\u00f3t\u00e1j\u00e9koztat\u00f3n val\u00f3 r\u00e9szv\u00e9telhez regisztr\u00e1ci\u00f3 sz\u00fcks\u00e9ges. V\u00e1rjuk visszajelz\u00e9s\u00e9t okt\u00f3ber 11-\u00e9n 12 \u00f3r\u00e1ig a\u00a0<a href=\"mailto:hirek@semmelweis.hu\">hirek@semmelweis.hu<\/a>\u00a0c\u00edmre.<\/p>\n<p style=\"text-align: center\">Tov\u00e1bbi inform\u00e1ci\u00f3:<\/p>\n<p style=\"text-align: center\">Csat\u00e1ri-F\u00f6ldv\u00e1ry Eszter 06-30-269-6302 \/ D\u00e1vid Orsolya 06-20-670-1574<\/p>\n<p style=\"text-align: center\">Kov\u00e1cs Eszter 06-20-663-2206 telefonsz\u00e1mokon k\u00e9rhet\u0151<\/p>\n","protected":false},"excerpt":{"rendered":"<p>A sajt\u00f3t\u00e1j\u00e9koztat\u00f3n val\u00f3 r\u00e9szv\u00e9telhez regisztr\u00e1ci\u00f3 sz\u00fcks\u00e9ges. <\/p>\n","protected":false},"author":101748,"featured_media":131164,"comment_status":"closed","ping_status":"closed","sticky":false,"template":"","format":"standard","meta":{"_acf_changed":false,"footnotes":""},"categories":[5,11],"tags":[733],"class_list":["post-155120","post","type-post","status-publish","format-standard","has-post-thumbnail","hentry","category-cikkek","category-sajtomeghivo","tag-meghivo"],"acf":[],"_links":{"self":[{"href":"https:\/\/semmelweis.hu\/mediasarok\/wp-json\/wp\/v2\/posts\/155120","targetHints":{"allow":["GET"]}}],"collection":[{"href":"https:\/\/semmelweis.hu\/mediasarok\/wp-json\/wp\/v2\/posts"}],"about":[{"href":"https:\/\/semmelweis.hu\/mediasarok\/wp-json\/wp\/v2\/types\/post"}],"author":[{"embeddable":true,"href":"https:\/\/semmelweis.hu\/mediasarok\/wp-json\/wp\/v2\/users\/101748"}],"replies":[{"embeddable":true,"href":"https:\/\/semmelweis.hu\/mediasarok\/wp-json\/wp\/v2\/comments?post=155120"}],"version-history":[{"count":3,"href":"https:\/\/semmelweis.hu\/mediasarok\/wp-json\/wp\/v2\/posts\/155120\/revisions"}],"predecessor-version":[{"id":155124,"href":"https:\/\/semmelweis.hu\/mediasarok\/wp-json\/wp\/v2\/posts\/155120\/revisions\/155124"}],"wp:featuredmedia":[{"embeddable":true,"href":"https:\/\/semmelweis.hu\/mediasarok\/wp-json\/wp\/v2\/media\/131164"}],"wp:attachment":[{"href":"https:\/\/semmelweis.hu\/mediasarok\/wp-json\/wp\/v2\/media?parent=155120"}],"wp:term":[{"taxonomy":"category","embeddable":true,"href":"https:\/\/semmelweis.hu\/mediasarok\/wp-json\/wp\/v2\/categories?post=155120"},{"taxonomy":"post_tag","embeddable":true,"href":"https:\/\/semmelweis.hu\/mediasarok\/wp-json\/wp\/v2\/tags?post=155120"}],"curies":[{"name":"wp","href":"https:\/\/api.w.org\/{rel}","templated":true}]}}