{"id":155050,"date":"2024-10-04T14:18:32","date_gmt":"2024-10-04T12:18:32","guid":{"rendered":"https:\/\/semmelweis.hu\/mediasarok\/?p=155050"},"modified":"2024-10-04T15:09:20","modified_gmt":"2024-10-04T13:09:20","slug":"jelentos-osszeggel-tamogattak-a-korhazakat-a-palackvisszavaltok","status":"publish","type":"post","link":"https:\/\/semmelweis.hu\/mediasarok\/2024\/10\/04\/jelentos-osszeggel-tamogattak-a-korhazakat-a-palackvisszavaltok\/","title":{"rendered":"Jelent\u0151s \u00f6sszeggel t\u00e1mogatt\u00e1k a k\u00f3rh\u00e1zakat a palackvisszav\u00e1lt\u00f3k"},"content":{"rendered":"<div class=\"lead\"><strong>A k\u00f6telez\u0151 visszav\u00e1lt\u00e1si rendszer j\u00faliusi \u00e9lesed\u00e9se \u00f3ta eddig t\u00f6bb mint 57 milli\u00f3 forint gy\u0171lt \u00f6ssze gyermekgy\u00f3gy\u00e1szati int\u00e9zm\u00e9nyek t\u00e1mogat\u00e1s\u00e1ra. A MOHU f\u00e9l \u00e9vvel meghosszabb\u00edtotta a jelenleg fut\u00f3 adom\u00e1nyoz\u00e1si program hat\u00e1ridej\u00e9t, lehet\u0151v\u00e9 t\u00e9ve, hogy m\u00e9g t\u00f6bben r\u00e9szt vehessenek a j\u00f3t\u00e9kony c\u00e9lok el\u00e9r\u00e9s\u00e9ben.<\/strong><\/div>\n<p>Az italcsomagol\u00e1sok k\u00f6telez\u0151 visszav\u00e1lt\u00e1si rendszer\u00e9ben (DRS) 2024-ben a Heim P\u00e1l Orsz\u00e1gos Gyermekgy\u00f3gy\u00e1szati Int\u00e9zetet, a Bethesda Gyermekk\u00f3rh\u00e1zat \u00e9s a Semmelweis Egyetem Gyermekgy\u00f3gy\u00e1szati Klinik\u00e1j\u00e1t t\u00e1mogathatj\u00e1k a fogyaszt\u00f3k. A felaj\u00e1nl\u00e1sokb\u00f3l ezid\u00e1ig t\u00f6bb mint 57 milli\u00f3 forint gy\u0171lt \u00f6ssze, amelyet az adom\u00e1nygy\u0171jt\u00e9s lez\u00e1rult\u00e1val juttat el a MOHU a k\u00f3rh\u00e1zakhoz.\u00a0<\/p>\n<p>A janu\u00e1r 1-t\u0151l bevezetett DRS rendszerben minden visszav\u00e1lt\u00e1si d\u00edjat tartalmaz\u00f3 italcsomagol\u00e1s visszav\u00e1lthat\u00f3 a csatlakoz\u00f3 k\u00e9zi REpontokn\u00e1l \u00e9s a nagyobb \u00e9lelmiszer\u00fczletek automat\u00e1in\u00e1l. Az ut\u00f3bbin\u00e1l a visszat\u00e9r\u00edt\u00e9s bolti utalv\u00e1nyk\u00e9nt \u00e9s a vil\u00e1gon egyed\u00fcl\u00e1ll\u00f3 m\u00f3don, azonnali banki utal\u00e1ssal is visszaig\u00e9nyelhet\u0151, valamint minden v\u00e1s\u00e1rl\u00f3nak lehet\u0151s\u00e9ge van arra, hogy j\u00f3t\u00e9kony c\u00e9lra aj\u00e1nlja fel a visszaj\u00e1r\u00f3 \u00f6sszeget.\u00a0<\/p>\n<p><a href=\"https:\/\/semmelweis.hu\/mediasarok\/files\/2024\/10\/DNP8048.jpg\"><img loading=\"lazy\" decoding=\"async\" class=\"aligncenter wp-image-155052 size-full\" src=\"https:\/\/semmelweis.hu\/mediasarok\/files\/2024\/10\/DNP8048.jpg\" alt=\"\" width=\"2048\" height=\"1293\" srcset=\"https:\/\/semmelweis.hu\/mediasarok\/files\/2024\/10\/DNP8048.jpg 2048w, https:\/\/semmelweis.hu\/mediasarok\/files\/2024\/10\/DNP8048-400x253.jpg 400w, https:\/\/semmelweis.hu\/mediasarok\/files\/2024\/10\/DNP8048-1024x647.jpg 1024w, https:\/\/semmelweis.hu\/mediasarok\/files\/2024\/10\/DNP8048-768x485.jpg 768w, https:\/\/semmelweis.hu\/mediasarok\/files\/2024\/10\/DNP8048-1536x970.jpg 1536w, https:\/\/semmelweis.hu\/mediasarok\/files\/2024\/10\/DNP8048-753x475.jpg 753w\" sizes=\"auto, (max-width: 2048px) 100vw, 2048px\" \/><\/a><\/p>\n<p>Az egy\u00fcttm\u0171k\u00f6d\u00e9s eredetileg egy \u00e9vre sz\u00f3lt volna, \u00e1m mivel a rendszer \u00e9lesben a t\u00fcrelmi\u00a0 id\u0151szakot k\u00f6vet\u0151en csak j\u00faliusban indult el, ez\u00e9rt a MOHU f\u00e9l \u00e9vvel, 2025. j\u00falius\u00e1ig meghosszabb\u00edtotta az adom\u00e1nyok be\u00e9rkez\u00e9s\u00e9nek hat\u00e1ridej\u00e9t.<\/p>\n<p>\u201eIgaz\u00e1n b\u00fcszk\u00e9k vagyunk arra, hogy a lakoss\u00e1g ilyen m\u00e9rt\u00e9kben v\u00e1lasztotta a j\u00f3t\u00e9konys\u00e1gi lehet\u0151s\u00e9get a visszav\u00e1lt\u00e1s sor\u00e1n, \u00edgy t\u00e1mogatva a gyermekgy\u00f3gy\u00e1szati int\u00e9zm\u00e9nyeket. Az eddig \u00f6sszegy\u0171lt 57 milli\u00f3 forint is mutatja, hogy az emberek kiemelt m\u00e9rt\u00e9kben vett\u00e9k ig\u00e9nybe a visszav\u00e1lt\u00e1si rendszert \u00e9s ezzel p\u00e1rhuzamosan sz\u00edvesen \u00e1llnak j\u00f3 \u00fcgyek mell\u00e9. A program meghosszabb\u00edt\u00e1s\u00e1val m\u00e9g t\u00f6bb lehet\u0151s\u00e9get szeretn\u00e9nk biztos\u00edtani arra, hogy azok is csatlakozhassanak, akik eddig m\u00e9g nem tett\u00e9k meg. B\u00edzunk benne, hogy a k\u00f6vetkez\u0151 h\u00f3napokban tov\u00e1bb n\u00f6velhetj\u00fck ezt az \u00f6sszeget, ezzel is hozz\u00e1j\u00e1rulva a gyermekek gy\u00f3gyul\u00e1s\u00e1hoz\u201c \u2013 mondta besz\u00e9d\u00e9ben Peth\u0151 Zsolt, a MOHU Mol Hullad\u00e9kgazd\u00e1lkod\u00e1si Zrt. Vez\u00e9rigazgat\u00f3ja.<\/p>\n<p>Az int\u00e9zm\u00e9nyek k\u00e9pvisel\u0151i a MOHU-val k\u00f6z\u00f6s okt\u00f3ber harmadikai sajt\u00f3t\u00e1j\u00e9koztat\u00f3n arr\u00f3l is nyilatkoztak, hogy melyik int\u00e9zet mire sz\u00e1nn\u00e1 az adom\u00e1nyokb\u00f3l \u00f6sszegy\u0171lt \u00f6sszeget.\u00a0<\/p>\n<p>Dr. Nagy Anik\u00f3 Heim P\u00e1l Orsz\u00e1gos Gyermekgy\u00f3gy\u00e1szati Int\u00e9zet f\u0151igazgat\u00f3 f\u0151orvosa elmondta: \u201eMagyarorsz\u00e1g legnagyobb gyermekell\u00e1t\u00f3 k\u00f3rh\u00e1za vagyunk, a gyermeks\u00fcrg\u0151ss\u00e9gi \u00e9s baleseti ell\u00e1t\u00e1s orsz\u00e1gos k\u00f6zpontja, ahol \u00e9vente 500 000 gyermek ell\u00e1t\u00e1sa \u00e9s 2 milli\u00f3 beavatkoz\u00e1s t\u00f6rt\u00e9nik. Az orsz\u00e1g eg\u00e9sz ter\u00fclet\u00e9r\u0151l a nap 24 \u00f3r\u00e1j\u00e1ban ide\u00e9rkez\u0151 \u00e9letvesz\u00e9lyes \u00e9s s\u00falyos betegek legmagasabb szint\u0171 gy\u00f3gy\u00edt\u00e1s\u00e1hoz a legmodernebb technika folyamatos fejleszt\u00e9se sz\u00fcks\u00e9ges. A t\u00e1mogat\u00e1ssal egy \u00faj digit\u00e1lis korszakba k\u00edv\u00e1nunk l\u00e9pni, ahol a gyermekek \u00e9rdek\u00e9ben a vil\u00e1gon el\u00e9rhet\u0151 tud\u00e1st be tudjuk vinni a m\u0171t\u0151kbe, az orvosainknak lehet\u0151v\u00e9 tudjuk tenni a cs\u00facskonzult\u00e1ci\u00f3kat hazai \u00e9s nemzetk\u00f6zi specialist\u00e1kkal, valamint kimondottan a gyermekek r\u00e9sz\u00e9re fejlesztett gyors, cs\u00f6kkentett sug\u00e1rd\u00f3zis\u00fa, magas k\u00e9pmin\u0151s\u00e9g\u0171 CT beszerz\u00e9s\u00e9hez szeretn\u00e9nk seg\u00edts\u00e9get k\u00e9rni.\u201c<\/p>\n<p>A Magyarorsz\u00e1gi Reform\u00e1tus Egyh\u00e1z Bethesda Gyermekk\u00f3rh\u00e1za a befolyt adom\u00e1nyokat t\u00f6bb fejleszt\u00e9si projektre k\u00edv\u00e1nja ford\u00edtani. Dr. Velkey Gy\u00f6rgy J\u00e1nos f\u0151igazgat\u00f3 szerint az int\u00e9zm\u00e9ny c\u00e9lja, hogy a moderniz\u00e1ci\u00f3 \u00e9s b\u0151v\u00edt\u00e9s \u00e1ltal m\u00e9g magasabb szint\u0171 ell\u00e1t\u00e1st biztos\u00edtsanak. \u201eA felaj\u00e1nl\u00e1sokb\u00f3l szeretn\u00e9nk az orsz\u00e1gos epilepszia k\u00f6zpontunkban egy \u00faj ambulanci\u00e1t kialak\u00edtani, az orsz\u00e1gos \u00e9g\u00e9scentrumunkat korszer\u0171s\u00edteni, a sport trauma k\u00f6zpontunk eszk\u00f6zparkj\u00e1t fejleszteni \u00e9s egy f\u00e1jdalomter\u00e1pi\u00e1s szob\u00e1t kialak\u00edtani. Hibrid szem\u00e9lyaut\u00f3kat is v\u00e1s\u00e1rolunk majd, hogy a kis betegeinket a k\u00e9t telephely\u00fcnk k\u00f6z\u00f6tt tudjuk sz\u00e1ll\u00edtani\u201d \u2013 r\u00e9szletezte a f\u0151igazgat\u00f3.<\/p>\n<p><a href=\"https:\/\/semmelweis.hu\/mediasarok\/files\/2024\/10\/DNP8692-1.jpg\"><img loading=\"lazy\" decoding=\"async\" class=\"aligncenter wp-image-155055 size-full\" src=\"https:\/\/semmelweis.hu\/mediasarok\/files\/2024\/10\/DNP8692-1.jpg\" alt=\"\" width=\"2048\" height=\"1353\" srcset=\"https:\/\/semmelweis.hu\/mediasarok\/files\/2024\/10\/DNP8692-1.jpg 2048w, https:\/\/semmelweis.hu\/mediasarok\/files\/2024\/10\/DNP8692-1-400x264.jpg 400w, https:\/\/semmelweis.hu\/mediasarok\/files\/2024\/10\/DNP8692-1-1024x677.jpg 1024w, https:\/\/semmelweis.hu\/mediasarok\/files\/2024\/10\/DNP8692-1-768x507.jpg 768w, https:\/\/semmelweis.hu\/mediasarok\/files\/2024\/10\/DNP8692-1-1536x1015.jpg 1536w, https:\/\/semmelweis.hu\/mediasarok\/files\/2024\/10\/DNP8692-1-753x497.jpg 753w, https:\/\/semmelweis.hu\/mediasarok\/files\/2024\/10\/DNP8692-1-203x135.jpg 203w\" sizes=\"auto, (max-width: 2048px) 100vw, 2048px\" \/><\/a><\/p>\n<p>\u201eA tavalyi \u00e9vben csaknem 20 ezer fekv\u0151, a j\u00e1r\u00f3beteg-szakrendel\u00e9seken pedig mintegy 150 ezer esetet l\u00e1ttunk el\u201d \u2013 mondta dr. Szab\u00f3 Attila, a Semmelweis Egyetem Gyermekgy\u00f3gy\u00e1szati Klinika igazgat\u00f3ja, klinikai rektorhelyettes. \u201eEur\u00f3pa egyik legr\u00e9gebb \u00f3ta m\u0171k\u00f6d\u0151 gyermekgy\u00f3gy\u00e1szati int\u00e9zm\u00e9nyek\u00e9nt, a legs\u00falyosabb gyermekbetegs\u00e9gek orsz\u00e1gos centrumak\u00e9nt \u00e9s haz\u00e1nk egyik legnagyobb gyermekseb\u00e9szeti k\u00f6zpontjak\u00e9nt fontos az eszk\u00f6zparkunk folyamatos fejleszt\u00e9se \u00e9s moderniz\u00e1l\u00e1sa, ez\u00e9rt a t\u00e1mogat\u00e1sokb\u00f3l az \u00fagynevezett kulcslyukseb\u00e9szeti beavatkoz\u00e1sokhoz sz\u00fcks\u00e9ges laparoszk\u00f3pos tornyot \u00e9s a m\u0171t\u0151i k\u00f6rnyezetben alkalmazhat\u00f3 k\u00e9palkot\u00f3 k\u00e9sz\u00fcl\u00e9ket szeretn\u00e9nk beszerezni\u201d \u2013 tette hozz\u00e1 az igazgat\u00f3.<\/p>\n<p>A MOHU felh\u00edvja a figyelmet, hogy minden adom\u00e1ny a rendszer hivatalos csatorn\u00e1in kereszt\u00fcl jut el az \u00e9rintettekhez, az egy\u00e9b szervezetek QR-k\u00f3dos adom\u00e1ny-k\u00e9r\u00e9seivel kapcsolatban pedig \u00f3vatoss\u00e1gra inti a v\u00e1s\u00e1rl\u00f3kat. A hivatalos adom\u00e1nyoz\u00e1s r\u00e9szleteir\u0151l \u00e9s a program eredm\u00e9nyeir\u0151l a MOHU honlapj\u00e1n rendszeresen t\u00e1j\u00e9koztat a v\u00e1llalat.<\/p>\n<p>Fot\u00f3: MOHU<\/p>\n","protected":false},"excerpt":{"rendered":"<p>M\u00e1r t\u00f6bb mint 57 milli\u00f3 forintot adom\u00e1nyoztak a magyarok a visszav\u00e1lt\u00e1si rendszeren kereszt\u00fcl.<\/p>\n","protected":false},"author":101748,"featured_media":155052,"comment_status":"closed","ping_status":"closed","sticky":false,"template":"","format":"standard","meta":{"_acf_changed":false,"footnotes":""},"categories":[5],"tags":[734],"class_list":["post-155050","post","type-post","status-publish","format-standard","has-post-thumbnail","hentry","category-cikkek","tag-kozlemeny"],"acf":[],"_links":{"self":[{"href":"https:\/\/semmelweis.hu\/mediasarok\/wp-json\/wp\/v2\/posts\/155050","targetHints":{"allow":["GET"]}}],"collection":[{"href":"https:\/\/semmelweis.hu\/mediasarok\/wp-json\/wp\/v2\/posts"}],"about":[{"href":"https:\/\/semmelweis.hu\/mediasarok\/wp-json\/wp\/v2\/types\/post"}],"author":[{"embeddable":true,"href":"https:\/\/semmelweis.hu\/mediasarok\/wp-json\/wp\/v2\/users\/101748"}],"replies":[{"embeddable":true,"href":"https:\/\/semmelweis.hu\/mediasarok\/wp-json\/wp\/v2\/comments?post=155050"}],"version-history":[{"count":5,"href":"https:\/\/semmelweis.hu\/mediasarok\/wp-json\/wp\/v2\/posts\/155050\/revisions"}],"predecessor-version":[{"id":155058,"href":"https:\/\/semmelweis.hu\/mediasarok\/wp-json\/wp\/v2\/posts\/155050\/revisions\/155058"}],"wp:featuredmedia":[{"embeddable":true,"href":"https:\/\/semmelweis.hu\/mediasarok\/wp-json\/wp\/v2\/media\/155052"}],"wp:attachment":[{"href":"https:\/\/semmelweis.hu\/mediasarok\/wp-json\/wp\/v2\/media?parent=155050"}],"wp:term":[{"taxonomy":"category","embeddable":true,"href":"https:\/\/semmelweis.hu\/mediasarok\/wp-json\/wp\/v2\/categories?post=155050"},{"taxonomy":"post_tag","embeddable":true,"href":"https:\/\/semmelweis.hu\/mediasarok\/wp-json\/wp\/v2\/tags?post=155050"}],"curies":[{"name":"wp","href":"https:\/\/api.w.org\/{rel}","templated":true}]}}