{"id":150385,"date":"2024-04-26T09:07:18","date_gmt":"2024-04-26T07:07:18","guid":{"rendered":"https:\/\/semmelweis.hu\/mediasarok\/?p=150385"},"modified":"2024-04-26T09:07:18","modified_gmt":"2024-04-26T07:07:18","slug":"egyuttmukodesi-megallapodast-kotott-a-semmelweis-egyetem-es-a-nato-katona-egeszsegugyi-kivalosagi-kozpontja","status":"publish","type":"post","link":"https:\/\/semmelweis.hu\/mediasarok\/2024\/04\/26\/egyuttmukodesi-megallapodast-kotott-a-semmelweis-egyetem-es-a-nato-katona-egeszsegugyi-kivalosagi-kozpontja\/","title":{"rendered":"Egy\u00fcttm\u0171k\u00f6d\u00e9si meg\u00e1llapod\u00e1st k\u00f6t\u00f6tt a Semmelweis Egyetem \u00e9s a NATO Katona-eg\u00e9szs\u00e9g\u00fcgyi Kiv\u00e1l\u00f3s\u00e1gi K\u00f6zpontja"},"content":{"rendered":"<div class=\"lead\"><strong>A Semmelweis Egyetem \u00e9s a budapesti sz\u00e9khely\u0171 NATO Katona-eg\u00e9szs\u00e9g\u00fcgyi Kiv\u00e1l\u00f3s\u00e1gi K\u00f6zpont (NATO KEKK) f\u0151k\u00e9nt k\u00f6z\u00f6s k\u00e9pz\u00e9sek \u00e9s rendezv\u00e9nyek szervez\u00e9s\u00e9re, illetve eg\u00e9szs\u00e9g\u00fcgyi szimul\u00e1ci\u00f3s programok fejleszt\u00e9s\u00e9re ir\u00e1nyul\u00f3 egy\u00fcttm\u0171k\u00f6d\u00e9si meg\u00e1llapod\u00e1st \u00edrt al\u00e1 2024. \u00e1prilis 25-\u00e9n.<\/strong><\/div>\n<p>A nagy m\u00falt\u00fa egyetem \u00e9s a Magyarorsz\u00e1gra telep\u00fclt NATO k\u00f6zpont szorosabbra f\u0171zte eddig is jelent\u0151s kapcsolatait. A meg\u00e1llapod\u00e1s szerint a k\u00e9t szervezet k\u00f6lcs\u00f6n\u00f6sen seg\u00edti egym\u00e1s k\u00e9pz\u00e9seit \u00e9s rendezv\u00e9nyeit, t\u00f6bbek k\u00f6z\u00f6tt r\u00e9sztvev\u0151k \u00e9s el\u0151ad\u00f3k k\u00fcld\u00e9s\u00e9vel \u00e9s helysz\u00edn biztos\u00edt\u00e1s\u00e1val, valamint t\u00e1mogatj\u00e1k egym\u00e1st az eg\u00e9szs\u00e9g\u00fcgyi szimul\u00e1ci\u00f3s megold\u00e1sok fejleszt\u00e9s\u00e9ben, k\u00fcl\u00f6n\u00f6sen az eg\u00e9szs\u00e9g\u00fcgyi k\u00e9pz\u00e9s ter\u00fclet\u00e9n.<\/p>\n<p>Dr. Merkely B\u00e9la, a Semmelweis Egyetem rektora besz\u00e9d\u00e9ben hangs\u00falyozta:\u00a0<\/p>\n<blockquote>\n<p>A Semmelweis Egyetem az orsz\u00e1g legjobb egyeteme, haz\u00e1nk legnagyobb betegell\u00e1t\u00f3ja, eur\u00f3pai-szint\u0171 tud\u00e1sk\u00f6zpont. Int\u00e9zm\u00e9ny\u00fcnk s\u00faly\u00e1hoz m\u00e9lt\u00f3an igyekszik mindig z\u00e1szl\u00f3shaj\u00f3k\u00e9nt el\u00f6l j\u00e1rni. Ezt szolg\u00e1lja a NATO kiv\u00e1l\u00f3s\u00e1gi k\u00f6zpontj\u00e1val k\u00f6t\u00f6tt mostani meg\u00e1llapod\u00e1sunk is, amely biztos vagyok benne, hogy nemcsak az al\u00e1\u00edr\u00f3 felek sz\u00e1m\u00e1ra lesz majd el\u0151ny\u00f6s: az egy\u00fcttm\u0171k\u00f6d\u00e9s sor\u00e1n szerzett tapasztalatok ugyanis v\u00e9gs\u0151 soron a harct\u00e9ren, vagy \u00e9pp a beteg\u00e1gyak mellett hasznosulnak majd.<\/p>\n<\/blockquote>\n<p>Dr. Fazekas L\u00e1szl\u00f3 orvos ezredes, a NATO KEKK igazgat\u00f3ja pedig azt emelte ki, hogy az egy\u00fcttm\u0171k\u00f6d\u00e9ssel k\u00f6nnyebben becsatorn\u00e1zhat\u00f3 a katonaorvosok speci\u00e1lis, a harct\u00e9ren szerzett eg\u00e9szs\u00e9g\u00fcgyi tud\u00e1sa, \u00e9s \u00edgy a katon\u00e1k b\u00e9keid\u0151ben v\u00e9gzett legfontosabb feladata, a felk\u00e9sz\u00fcl\u00e9s m\u00e9lt\u00f3 keretek k\u00f6z\u00f6tt t\u00f6rt\u00e9nhet.<\/p>\n<p>A NATO KEKK egy tizenk\u00e9t tag\u00e1llamot t\u00f6m\u00f6r\u00edt\u0151 nemzetk\u00f6zi szervezet, amely a katona-eg\u00e9szs\u00e9g\u00fcgy ter\u00fclet\u00e9n v\u00e9gez oktat\u00e1sszervez\u0151, tapasztalatfeldolgoz\u00f3, hader\u0151v\u00e9delmi (pl. j\u00e1rv\u00e1ny\u00fcgyi) \u00e9s doktr\u00ednafejleszt\u0151 munk\u00e1t, valamint innovat\u00edv projektjeivel seg\u00edti a NATO folyamatos meg\u00fajul\u00e1s\u00e1t a katona-eg\u00e9szs\u00e9g\u00fcgyi ter\u00fcleten.<\/p>\n<div class=\"fontos_div\">\n<p>A Semmelweis Egyetem a k\u00f6zpont fontos partnere, amely m\u00e1r eddig is akkredit\u00e1lta a NATO KEKK k\u00e9pz\u00e9seit. A tov\u00e1bbi egy\u00fcttm\u0171k\u00f6d\u00e9ssel olyan szinergia val\u00f3sul meg, amelyben a Semmelweis Egyetem vil\u00e1gsz\u00ednvonal\u00fa klinikai h\u00e1tteret biztos\u00edt a k\u00f6zpont k\u00e9pz\u00e9sei \u00e9s rendezv\u00e9nyei, illetve a NATO katona-eg\u00e9szs\u00e9g\u00fcgyi szakemberei sz\u00e1m\u00e1ra.<\/p>\n<\/div>\n","protected":false},"excerpt":{"rendered":"<p>K\u00f6z\u00f6s k\u00e9pz\u00e9sek \u00e9s rendezv\u00e9nyek szervez\u00e9s\u00e9re, illetve eg\u00e9szs\u00e9g\u00fcgyi szimul\u00e1ci\u00f3s programok fejleszt\u00e9s\u00e9re ir\u00e1nyul a meg\u00e1llapod\u00e1s.<\/p>\n","protected":false},"author":101748,"featured_media":0,"comment_status":"closed","ping_status":"closed","sticky":false,"template":"","format":"standard","meta":{"_acf_changed":false,"footnotes":""},"categories":[5],"tags":[734],"class_list":["post-150385","post","type-post","status-publish","format-standard","hentry","category-cikkek","tag-kozlemeny"],"acf":[],"_links":{"self":[{"href":"https:\/\/semmelweis.hu\/mediasarok\/wp-json\/wp\/v2\/posts\/150385","targetHints":{"allow":["GET"]}}],"collection":[{"href":"https:\/\/semmelweis.hu\/mediasarok\/wp-json\/wp\/v2\/posts"}],"about":[{"href":"https:\/\/semmelweis.hu\/mediasarok\/wp-json\/wp\/v2\/types\/post"}],"author":[{"embeddable":true,"href":"https:\/\/semmelweis.hu\/mediasarok\/wp-json\/wp\/v2\/users\/101748"}],"replies":[{"embeddable":true,"href":"https:\/\/semmelweis.hu\/mediasarok\/wp-json\/wp\/v2\/comments?post=150385"}],"version-history":[{"count":3,"href":"https:\/\/semmelweis.hu\/mediasarok\/wp-json\/wp\/v2\/posts\/150385\/revisions"}],"predecessor-version":[{"id":150388,"href":"https:\/\/semmelweis.hu\/mediasarok\/wp-json\/wp\/v2\/posts\/150385\/revisions\/150388"}],"wp:attachment":[{"href":"https:\/\/semmelweis.hu\/mediasarok\/wp-json\/wp\/v2\/media?parent=150385"}],"wp:term":[{"taxonomy":"category","embeddable":true,"href":"https:\/\/semmelweis.hu\/mediasarok\/wp-json\/wp\/v2\/categories?post=150385"},{"taxonomy":"post_tag","embeddable":true,"href":"https:\/\/semmelweis.hu\/mediasarok\/wp-json\/wp\/v2\/tags?post=150385"}],"curies":[{"name":"wp","href":"https:\/\/api.w.org\/{rel}","templated":true}]}}