{"id":143602,"date":"2023-09-28T14:52:12","date_gmt":"2023-09-28T12:52:12","guid":{"rendered":"https:\/\/semmelweis.hu\/mediasarok\/?p=143602"},"modified":"2023-09-28T14:52:12","modified_gmt":"2023-09-28T12:52:12","slug":"sajtokozlemeny-8","status":"publish","type":"post","link":"https:\/\/semmelweis.hu\/mediasarok\/2023\/09\/28\/sajtokozlemeny-8\/","title":{"rendered":"Sajt\u00f3k\u00f6zlem\u00e9ny"},"content":{"rendered":"<p>A Semmelweis Egyetem haz\u00e1nk egyik legnagyobb betegell\u00e1t\u00f3ja, amely jelent\u0151s emberi er\u0151forr\u00e1ssal rendelkezik. Az int\u00e9zm\u00e9ny Klinikai K\u00f6zpontj\u00e1ban 138 aneszteziol\u00f3gus \u00e9s 47 aneszteziol\u00f3gus rezidens dolgozik. A klinik\u00e1kon a betegell\u00e1t\u00e1s folyamatos, \u00edgy a tervezett \u00e9s az akut m\u0171t\u00e9tek is a megszokott rendben folynak az akut beavatkoz\u00e1sok priorit\u00e1s\u00e1val. J\u00falius 1-je \u00f3ta 14 aneszteziol\u00f3gus jelentette be t\u00e1voz\u00e1si sz\u00e1nd\u00e9k\u00e1t.<\/p>\n","protected":false},"excerpt":{"rendered":"<p>A Semmelweis Egyetem k\u00f6zlem\u00e9nye az aneszteziol\u00f3giai ell\u00e1t\u00e1sr\u00f3l. <\/p>\n","protected":false},"author":101748,"featured_media":133856,"comment_status":"closed","ping_status":"closed","sticky":false,"template":"","format":"standard","meta":{"_acf_changed":false,"footnotes":""},"categories":[5],"tags":[734],"class_list":["post-143602","post","type-post","status-publish","format-standard","has-post-thumbnail","hentry","category-cikkek","tag-kozlemeny"],"acf":[],"_links":{"self":[{"href":"https:\/\/semmelweis.hu\/mediasarok\/wp-json\/wp\/v2\/posts\/143602","targetHints":{"allow":["GET"]}}],"collection":[{"href":"https:\/\/semmelweis.hu\/mediasarok\/wp-json\/wp\/v2\/posts"}],"about":[{"href":"https:\/\/semmelweis.hu\/mediasarok\/wp-json\/wp\/v2\/types\/post"}],"author":[{"embeddable":true,"href":"https:\/\/semmelweis.hu\/mediasarok\/wp-json\/wp\/v2\/users\/101748"}],"replies":[{"embeddable":true,"href":"https:\/\/semmelweis.hu\/mediasarok\/wp-json\/wp\/v2\/comments?post=143602"}],"version-history":[{"count":1,"href":"https:\/\/semmelweis.hu\/mediasarok\/wp-json\/wp\/v2\/posts\/143602\/revisions"}],"predecessor-version":[{"id":143603,"href":"https:\/\/semmelweis.hu\/mediasarok\/wp-json\/wp\/v2\/posts\/143602\/revisions\/143603"}],"wp:featuredmedia":[{"embeddable":true,"href":"https:\/\/semmelweis.hu\/mediasarok\/wp-json\/wp\/v2\/media\/133856"}],"wp:attachment":[{"href":"https:\/\/semmelweis.hu\/mediasarok\/wp-json\/wp\/v2\/media?parent=143602"}],"wp:term":[{"taxonomy":"category","embeddable":true,"href":"https:\/\/semmelweis.hu\/mediasarok\/wp-json\/wp\/v2\/categories?post=143602"},{"taxonomy":"post_tag","embeddable":true,"href":"https:\/\/semmelweis.hu\/mediasarok\/wp-json\/wp\/v2\/tags?post=143602"}],"curies":[{"name":"wp","href":"https:\/\/api.w.org\/{rel}","templated":true}]}}