{"id":140397,"date":"2023-06-20T12:26:05","date_gmt":"2023-06-20T10:26:05","guid":{"rendered":"https:\/\/semmelweis.hu\/mediasarok\/?p=140397"},"modified":"2023-06-20T16:22:52","modified_gmt":"2023-06-20T14:22:52","slug":"sajtokozlemeny-7","status":"publish","type":"post","link":"https:\/\/semmelweis.hu\/mediasarok\/2023\/06\/20\/sajtokozlemeny-7\/","title":{"rendered":"Sajt\u00f3k\u00f6zlem\u00e9ny"},"content":{"rendered":"<p>A Semmelweis Egyetem Orvosi K\u00e9palkot\u00f3 Klinik\u00e1j\u00e1n h\u00e9tv\u00e9g\u00e9n az ELTE TTK kutat\u00e1si projektj\u00e9nek filmes dokument\u00e1ci\u00f3ja sor\u00e1n az MR berendez\u00e9s megs\u00e9r\u00fclt, a hiba kijav\u00edt\u00e1sa folyamatban van. A betegell\u00e1t\u00e1s a klinika t\u00f6bbi MR-k\u00e9sz\u00fcl\u00e9k\u00e9vel \u00e9s a vizsg\u00e1latok \u00e1tcsoportos\u00edt\u00e1s\u00e1val folyamatos.<\/p>\n<p>&nbsp;<\/p>\n","protected":false},"excerpt":{"rendered":"<p>A Semmelweis Egyetem Orvosi K\u00e9palkot\u00f3 Klinik\u00e1j\u00e1n h\u00e9tv\u00e9g\u00e9n az ELTE TTK kutat\u00e1si projektj\u00e9nek filmes dokument\u00e1ci\u00f3ja sor\u00e1n az MR berendez\u00e9s megs\u00e9r\u00fclt, a hiba kijav\u00edt\u00e1sa folyamatban van. A betegell\u00e1t\u00e1s a klinika t\u00f6bbi MR-k\u00e9sz\u00fcl\u00e9k\u00e9vel \u00e9s a vizsg\u00e1latok \u00e1tcsoportos\u00edt\u00e1s\u00e1val folyamatos.<br \/>\n&nbsp;<\/p>\n","protected":false},"author":101748,"featured_media":140414,"comment_status":"closed","ping_status":"closed","sticky":false,"template":"","format":"standard","meta":{"_acf_changed":false,"footnotes":""},"categories":[5],"tags":[734],"class_list":["post-140397","post","type-post","status-publish","format-standard","has-post-thumbnail","hentry","category-cikkek","tag-kozlemeny"],"acf":[],"_links":{"self":[{"href":"https:\/\/semmelweis.hu\/mediasarok\/wp-json\/wp\/v2\/posts\/140397","targetHints":{"allow":["GET"]}}],"collection":[{"href":"https:\/\/semmelweis.hu\/mediasarok\/wp-json\/wp\/v2\/posts"}],"about":[{"href":"https:\/\/semmelweis.hu\/mediasarok\/wp-json\/wp\/v2\/types\/post"}],"author":[{"embeddable":true,"href":"https:\/\/semmelweis.hu\/mediasarok\/wp-json\/wp\/v2\/users\/101748"}],"replies":[{"embeddable":true,"href":"https:\/\/semmelweis.hu\/mediasarok\/wp-json\/wp\/v2\/comments?post=140397"}],"version-history":[{"count":1,"href":"https:\/\/semmelweis.hu\/mediasarok\/wp-json\/wp\/v2\/posts\/140397\/revisions"}],"predecessor-version":[{"id":140398,"href":"https:\/\/semmelweis.hu\/mediasarok\/wp-json\/wp\/v2\/posts\/140397\/revisions\/140398"}],"wp:featuredmedia":[{"embeddable":true,"href":"https:\/\/semmelweis.hu\/mediasarok\/wp-json\/wp\/v2\/media\/140414"}],"wp:attachment":[{"href":"https:\/\/semmelweis.hu\/mediasarok\/wp-json\/wp\/v2\/media?parent=140397"}],"wp:term":[{"taxonomy":"category","embeddable":true,"href":"https:\/\/semmelweis.hu\/mediasarok\/wp-json\/wp\/v2\/categories?post=140397"},{"taxonomy":"post_tag","embeddable":true,"href":"https:\/\/semmelweis.hu\/mediasarok\/wp-json\/wp\/v2\/tags?post=140397"}],"curies":[{"name":"wp","href":"https:\/\/api.w.org\/{rel}","templated":true}]}}