{"id":134369,"date":"2022-12-06T13:08:29","date_gmt":"2022-12-06T12:08:29","guid":{"rendered":"https:\/\/semmelweis.hu\/mediasarok\/?p=134369"},"modified":"2022-12-06T13:08:29","modified_gmt":"2022-12-06T12:08:29","slug":"sajtomeghivo-dr-kariko-katalin-veheti-at-a-semmelweis-budapest-award-elismerest","status":"publish","type":"post","link":"https:\/\/semmelweis.hu\/mediasarok\/2022\/12\/06\/sajtomeghivo-dr-kariko-katalin-veheti-at-a-semmelweis-budapest-award-elismerest\/","title":{"rendered":"Sajt\u00f3megh\u00edv\u00f3: Dr. Karik\u00f3 Katalin veheti \u00e1t a Semmelweis Budapest Award elismer\u00e9st"},"content":{"rendered":"<p style=\"text-align: center\"><strong>SAJT\u00d3MEGH\u00cdV\u00d3<\/strong><\/p>\n<p style=\"text-align: center\"><strong>Tisztelt Szerkeszt\u0151s\u00e9g!<\/strong><\/p>\n<p style=\"text-align: center\">Dr. Karik\u00f3 Katalin veheti \u00e1t a Semmelweis Budapest Award elismer\u00e9st<\/p>\n<p style=\"text-align: center\">Az Amerikai Egyes\u00fclt \u00c1llamokban \u00e9l\u0151 Sz\u00e9chenyi-d\u00edjas magyar kutat\u00f3biol\u00f3gus, a Pennsylvaniai Egyetem kutat\u00f3professzora, akinek az elm\u00falt t\u00f6bb mint 30 \u00e9vben kutat\u00e1sainak k\u00f6z\u00e9ppontj\u00e1ban az \u00e1llt, hogy az mRNS-t klinikailag alkalmazhat\u00f3 ter\u00e1pi\u00e1s molekul\u00e1v\u00e1 alak\u00edtsa. Szabadalma alapj\u00e1n k\u00e9sz\u00fclt el 2020-ban, a vil\u00e1gon els\u0151k\u00e9nt klinikailag is bizony\u00edtottan hat\u00e1sos COVID-19 elleni harmadik gener\u00e1ci\u00f3s Pfizer-BioNTech vakcina.<\/p>\n<p style=\"text-align: center\">A Semmelweis Egyetem nagy preszt\u00edzs\u0171 nemzetk\u00f6zi d\u00edj\u00e1t, a Semmelweis Budapest Awardot az egyetem szen\u00e1tusa 2009-ben alap\u00edtotta. A kit\u00fcntet\u00e9st olyan term\u00e9szettudom\u00e1nyos ter\u00fcleten dolgoz\u00f3, vil\u00e1gszerte elismert eredm\u00e9nyeket el\u00e9r\u0151 tud\u00f3soknak \u00edt\u00e9li oda az egyetem, akiknek munk\u00e1ss\u00e1ga \u00faj utat mutat \u00e9s az emberis\u00e9g fejl\u0151d\u00e9s\u00e9t szolg\u00e1lja.<\/p>\n<p style=\"text-align: center\"><strong>Id\u0151pont:<\/strong><\/p>\n<p style=\"text-align: center\">2022.december 15., cs\u00fct\u00f6rt\u00f6k, 12:00-13:30<\/p>\n<p style=\"text-align: center\"><strong>Helysz\u00edn:<\/strong><\/p>\n<p style=\"text-align: center\">Semmelweis Egyetem Rektori \u00c9p\u00fclet, Semmelweis Szalon<\/p>\n<p style=\"text-align: center\">(1085 Budapest, \u00dcll\u0151i \u00fat 26. I. emelet 108.)<\/p>\n<p>&nbsp;<\/p>\n<p style=\"text-align: center\"><strong>Program:<\/strong><\/p>\n<p style=\"text-align: center\">11:30-11:50 Sajt\u00f3regisztr\u00e1ci\u00f3<\/p>\n<p style=\"text-align: center\">12:00-12:05 Dr. Merkely B\u00e9la rektor k\u00f6sz\u00f6nt\u0151je<\/p>\n<p style=\"text-align: center\">12:05-12:10: A Semmelweis Budapest Award kit\u00fcntet\u00e9s \u00e1tad\u00e1sa, valamint a d\u00edjhoz kapcsol\u00f3d\u00f3 laud\u00e1ci\u00f3<\/p>\n<p style=\"text-align: center\">12:10-12.40: Dr. Karik\u00f3 Katalin tudom\u00e1nyos el\u0151ad\u00e1sa: \u201eEgy biol\u00f3gus gondolatai a kutat\u00e1sr\u00f3l\u201d c\u00edmmel<\/p>\n<p style=\"text-align: center\">12:40-12:50: K\u00e9rd\u00e9sek \u00e9s v\u00e1laszok<\/p>\n<p style=\"text-align: center\">12:50-13:00: A Medikus Zenekar m\u0171sora<\/p>\n<p style=\"text-align: center\">13:00-13:30- Sajt\u00f3interj\u00fak<\/p>\n<p style=\"text-align: center\">\u00a0<\/p>\n<p style=\"text-align: center\">Az esem\u00e9ny sajt\u00f3nyilv\u00e1nos, dr. Karik\u00f3 Katalin tudom\u00e1nyos el\u0151ad\u00e1s\u00e1nak nyelve magyar.<\/p>\n<p style=\"text-align: center\"><strong>A korl\u00e1tozott f\u00e9r\u0151helyek miatt a rendezv\u00e9nyen az els\u0151 10 regisztr\u00e1lt szerkeszt\u0151s\u00e9g munkat\u00e1rsai vehetnek r\u00e9szt szem\u00e9lyesen, tov\u00e1bbi jelentkez\u0151knek online linket tudunk k\u00fcldeni, ez\u00e9rt k\u00e9rj\u00fck, hogy r\u00e9szv\u00e9teli sz\u00e1nd\u00e9kukat \u2013 legk\u00e9s\u0151bb december 12-\u00e9n 16 \u00f3r\u00e1ig<\/strong> \u2013 <strong>sz\u00edveskedjenek jelezni a hirek@semmelweis-univ.hu e-mail c\u00edmen.<\/strong><\/p>\n<p style=\"text-align: center\">\u00a0<\/p>\n","protected":false},"excerpt":{"rendered":"<p>Dr. Karik\u00f3 Katalin veheti \u00e1t a Semmelweis Budapest Award elismer\u00e9st.<\/p>\n","protected":false},"author":101869,"featured_media":131164,"comment_status":"closed","ping_status":"closed","sticky":false,"template":"","format":"standard","meta":{"_acf_changed":false,"footnotes":""},"categories":[5,11],"tags":[733],"class_list":["post-134369","post","type-post","status-publish","format-standard","has-post-thumbnail","hentry","category-cikkek","category-sajtomeghivo","tag-meghivo"],"acf":[],"_links":{"self":[{"href":"https:\/\/semmelweis.hu\/mediasarok\/wp-json\/wp\/v2\/posts\/134369","targetHints":{"allow":["GET"]}}],"collection":[{"href":"https:\/\/semmelweis.hu\/mediasarok\/wp-json\/wp\/v2\/posts"}],"about":[{"href":"https:\/\/semmelweis.hu\/mediasarok\/wp-json\/wp\/v2\/types\/post"}],"author":[{"embeddable":true,"href":"https:\/\/semmelweis.hu\/mediasarok\/wp-json\/wp\/v2\/users\/101869"}],"replies":[{"embeddable":true,"href":"https:\/\/semmelweis.hu\/mediasarok\/wp-json\/wp\/v2\/comments?post=134369"}],"version-history":[{"count":2,"href":"https:\/\/semmelweis.hu\/mediasarok\/wp-json\/wp\/v2\/posts\/134369\/revisions"}],"predecessor-version":[{"id":134371,"href":"https:\/\/semmelweis.hu\/mediasarok\/wp-json\/wp\/v2\/posts\/134369\/revisions\/134371"}],"wp:featuredmedia":[{"embeddable":true,"href":"https:\/\/semmelweis.hu\/mediasarok\/wp-json\/wp\/v2\/media\/131164"}],"wp:attachment":[{"href":"https:\/\/semmelweis.hu\/mediasarok\/wp-json\/wp\/v2\/media?parent=134369"}],"wp:term":[{"taxonomy":"category","embeddable":true,"href":"https:\/\/semmelweis.hu\/mediasarok\/wp-json\/wp\/v2\/categories?post=134369"},{"taxonomy":"post_tag","embeddable":true,"href":"https:\/\/semmelweis.hu\/mediasarok\/wp-json\/wp\/v2\/tags?post=134369"}],"curies":[{"name":"wp","href":"https:\/\/api.w.org\/{rel}","templated":true}]}}