{"id":133455,"date":"2022-11-21T06:00:36","date_gmt":"2022-11-21T05:00:36","guid":{"rendered":"https:\/\/semmelweis.hu\/mediasarok\/?p=133455"},"modified":"2025-02-27T11:55:41","modified_gmt":"2025-02-27T10:55:41","slug":"innovativ-terapiakkal-gyogyulnak-a-pszichiatriai-betegek-a-semmelweis-egyetemen","status":"publish","type":"post","link":"https:\/\/semmelweis.hu\/mediasarok\/2022\/11\/21\/innovativ-terapiakkal-gyogyulnak-a-pszichiatriai-betegek-a-semmelweis-egyetemen\/","title":{"rendered":"Innovat\u00edv ter\u00e1pi\u00e1kkal gy\u00f3gyulnak a pszichi\u00e1triai betegek a Semmelweis Egyetemen"},"content":{"rendered":"<div class=\"lead\"><strong>\u00daj, term\u00e9szet- \u00e9s kalandter\u00e1pi\u00e1s lehet\u0151s\u00e9g seg\u00edt t\u00f6bbek k\u00f6z\u00f6tt a Borderline szem\u00e9lyis\u00e9gzavarban, depresszi\u00f3ban, szorong\u00e1sos zavarokban, bulimi\u00e1ban szenved\u0151 betegeknek, illetve az \u00f6ns\u00e9rt\u00e9st \u00e9s \u00f6ngyilkoss\u00e1gi k\u00eds\u00e9rletet elk\u00f6vet\u0151knek a Semmelweis Egyetemen. \u00a0A Pszichi\u00e1triai \u00e9s Pszichoter\u00e1pi\u00e1s Klinik\u00e1n egy p\u00e1ly\u00e1zatnak k\u00f6sz\u00f6nhet\u0151en eg\u00e9sz\u00fclhettek ki a kor\u00e1bbi gy\u00f3gym\u00f3dok az innovat\u00edv ter\u00e1pi\u00e1s lehet\u0151s\u00e9gekkel. <\/strong><\/div>\n<p>A Pszichi\u00e1triai \u00e9s Pszichoter\u00e1pi\u00e1s Klinika 2018-ban egy OTKA (ma NKFIH) p\u00e1ly\u00e1zatban t\u0171zte ki c\u00e9lul, hogy a feln\u0151ttkori pszichi\u00e1triai betegs\u00e9gekben nagyon gyakran megjelen\u0151 t\u00fcnetet, a hirtelen, gondolkod\u00e1s n\u00e9lk\u00fcli reakci\u00f3t, vagyis az impulzivit\u00e1st vizsg\u00e1lja. Ez a t\u00fcnet t\u00f6bb m\u00e1s k\u00f3rk\u00e9p mellett diagnosztikus krit\u00e9riuma a feln\u0151ttkori figyelemhi\u00e1nyos hiperaktivit\u00e1si zavarnak (feln\u0151ttkori ADHD) \u00e9s a Borderline szem\u00e9lyis\u00e9gzavarnak is.<\/p>\n<blockquote>\n<p>A p\u00e1ly\u00e1zatban arra voltunk k\u00edv\u00e1ncsiak, hogy mennyire m\u00e1s a feln\u0151ttkori ADHD-ban megjelen\u0151 impulzivit\u00e1s a Borderline szem\u00e9lyis\u00e9gzavarban szenved\u0151 p\u00e1ciensek impulzivit\u00e1s\u00e1hoz k\u00e9pest. Ezt a k\u00e9rd\u00e9st egyebek mellett k\u00e9rd\u0151\u00edves felm\u00e9r\u00e9ssel, neuropszichol\u00f3giai tesztekkel, EEG-vel is vizsg\u00e1ltuk, \u00e9s beemelt\u00fck a p\u00e1ly\u00e1zatba azt is, hogy a term\u00e9szet- \u00e9s kalandter\u00e1pia hogyan hat erre a k\u00e9t betegcsoportra<\/p>\n<\/blockquote>\n<p>\u2013 ismerteti dr. R\u00e9thelyi J\u00e1nos egyetemi tan\u00e1r, klinikaigazgat\u00f3.<\/p>\n<figure id=\"attachment_133457\" aria-describedby=\"caption-attachment-133457\" style=\"width: 235px\" class=\"wp-caption alignright\"><a href=\"https:\/\/semmelweis.hu\/mediasarok\/files\/2022\/11\/KE.jpg\"><img loading=\"lazy\" decoding=\"async\" class=\"wp-image-133457 size-medium\" src=\"https:\/\/semmelweis.hu\/mediasarok\/files\/2022\/11\/KE-235x400.jpg\" alt=\"\" width=\"235\" height=\"400\" srcset=\"https:\/\/semmelweis.hu\/mediasarok\/files\/2022\/11\/KE-235x400.jpg 235w, https:\/\/semmelweis.hu\/mediasarok\/files\/2022\/11\/KE-602x1024.jpg 602w, https:\/\/semmelweis.hu\/mediasarok\/files\/2022\/11\/KE-768x1306.jpg 768w, https:\/\/semmelweis.hu\/mediasarok\/files\/2022\/11\/KE-903x1536.jpg 903w, https:\/\/semmelweis.hu\/mediasarok\/files\/2022\/11\/KE-753x1281.jpg 753w, https:\/\/semmelweis.hu\/mediasarok\/files\/2022\/11\/KE.jpg 906w\" sizes=\"auto, (max-width: 235px) 100vw, 235px\" \/><\/a><figcaption id=\"caption-attachment-133457\" class=\"wp-caption-text\">Dr. Ken\u00e9zl\u0151i Eszter, Fot\u00f3: Bert\u00f3k Anita<\/figcaption><\/figure>\n<p>Dr. Ken\u00e9zl\u0151i Eszter gyermek- \u00e9s ifj\u00fas\u00e1gpszichi\u00e1ter, a klinika PhD-hallgat\u00f3ja \u2013 <span style=\"font-size: 1rem\">akit\u0151l a program \u00e9s a kapcsol\u00f3d\u00f3 kutat\u00e1s alap\u00f6tlete sz\u00e1rmazik \u2013 <\/span>hozz\u00e1teszi: a kalandter\u00e1pia, amelynek m\u00e1sok mellett Amerik\u00e1ban, Ausztr\u00e1li\u00e1ban \u00e9s az Egyes\u00fclt Kir\u00e1lys\u00e1gban is nagy hagyom\u00e1nyai vannak, innovat\u00edv \u00e9s izgalmas eszk\u00f6z arra, hogy a p\u00e1cienseket ki lehessen mozd\u00edtani a n\u00e9gy fal k\u00f6z\u00fcl, a term\u00e9szet gy\u00f3gy\u00edt\u00f3 k\u00f6zeg\u00e9t a ter\u00e1pia szolg\u00e1lat\u00e1ba \u00e1ll\u00edtva. \u201eA p\u00e1ly\u00e1zat tervez\u00e9skor az is c\u00e9lunk volt, hogy min\u00e9l t\u00f6bb ter\u00fclet egy\u00fcttm\u0171k\u00f6d\u00e9s\u00e9vel val\u00f3suljon meg a program, \u00e9s az impulzivit\u00e1st t\u00f6bb oldalr\u00f3l, genetikai, neuropszichol\u00f3giai aspektusb\u00f3l is vizsg\u00e1ljuk a ter\u00e1pi\u00e1s lehet\u0151s\u00e9gek mellett\u201d \u2013 teszi hozz\u00e1 a szakember.\u00a0<\/p>\n<p>A term\u00e9szet- \u00e9s kalandter\u00e1pi\u00e1t az int\u00e9zm\u00e9nyben m\u00e1r \u00e9vek \u00f3ta j\u00f3l m\u0171k\u00f6d\u0151 \u00fagynevezett s\u00e9macsoportter\u00e1pi\u00e1s programba integr\u00e1lt\u00e1k, ahol p\u00e9ld\u00e1ul szem\u00e9lyis\u00e9gzavarban, ev\u00e9szavarokban, szorong\u00e1sban, depresszi\u00f3ban szenved\u0151ket, illetve \u00a0kr\u00f3nikus \u00f6ns\u00e9rt\u00e9st \u00e9s \u00f6ngyilkoss\u00e1got megk\u00eds\u00e9rl\u0151ket kezelnek n\u00e9gy hetes bentlak\u00e1sos oszt\u00e1lyos ter\u00e1pi\u00e1s rezsimben. \u201eEz alatt azt \u00e9rtj\u00fck, hogy a n\u0151v\u00e9rekt\u0151l az \u00f6sszes munkat\u00e1rsig egyfajta ter\u00e1pi\u00e1s elv szerint viselked\u00fcnk a p\u00e1ciensekkel, nemcsak a ter\u00e1pi\u00e1n, hanem a k\u00f6ztes id\u0151kben is.<\/p>\n<div class=\"fontos_div\">\n<p>Megpr\u00f3b\u00e1ljuk l\u00e9trehozni az egy\u00fctt\u00e9l\u00e9s empatikus, szervezett, szoros keretek k\u00f6z\u00f6tt tartott rendj\u00e9t, amivel mint\u00e1t ny\u00fajtunk arra, hogyan m\u0171k\u00f6dne egy j\u00f3 csal\u00e1d, amelyben jelen van a meg\u00e9rt\u00e9s, egy\u00fctt\u00e9rz\u00e9s, seg\u00edt\u00e9s, de vannak vil\u00e1gos hat\u00e1rok: mit szabad, \u00e9s mit nem \u2013 magyar\u00e1zza dr. Unoka Zsolt egyetemi tan\u00e1r, a Pszichoter\u00e1pi\u00e1s Oszt\u00e1ly vezet\u0151je.<\/p>\n<\/div>\n<figure id=\"attachment_133458\" aria-describedby=\"caption-attachment-133458\" style=\"width: 400px\" class=\"wp-caption alignleft\"><a href=\"https:\/\/semmelweis.hu\/mediasarok\/files\/2022\/11\/RS163530_3P1A6870-scr.jpg\"><img loading=\"lazy\" decoding=\"async\" class=\"wp-image-133458 size-medium\" src=\"https:\/\/semmelweis.hu\/mediasarok\/files\/2022\/11\/RS163530_3P1A6870-scr-400x267.jpg\" alt=\"\" width=\"400\" height=\"267\" srcset=\"https:\/\/semmelweis.hu\/mediasarok\/files\/2022\/11\/RS163530_3P1A6870-scr-400x267.jpg 400w, https:\/\/semmelweis.hu\/mediasarok\/files\/2022\/11\/RS163530_3P1A6870-scr-1024x683.jpg 1024w, https:\/\/semmelweis.hu\/mediasarok\/files\/2022\/11\/RS163530_3P1A6870-scr-768x512.jpg 768w, https:\/\/semmelweis.hu\/mediasarok\/files\/2022\/11\/RS163530_3P1A6870-scr-753x502.jpg 753w, https:\/\/semmelweis.hu\/mediasarok\/files\/2022\/11\/RS163530_3P1A6870-scr-203x135.jpg 203w, https:\/\/semmelweis.hu\/mediasarok\/files\/2022\/11\/RS163530_3P1A6870-scr.jpg 1200w\" sizes=\"auto, (max-width: 400px) 100vw, 400px\" \/><\/a><figcaption id=\"caption-attachment-133458\" class=\"wp-caption-text\">Dr. Unoka Zsolt, dr. R\u00e9thelyi J\u00e1nos, Fot\u00f3: Barta B\u00e1lint<\/figcaption><\/figure>\n<p>A pszichi\u00e1ter \u00e9s pszichoter\u00e1pi\u00e1s szakorvos arra is kit\u00e9r, hogy a 4 hetes intenz\u00edv egy\u00fctt\u00e9l\u00e9s \u00e9s ter\u00e1pia azoknak seg\u00edt a t\u00e1rsas vil\u00e1gra egy pozit\u00edv p\u00e9ld\u00e1t ny\u00fajtani, akik b\u00e1ntalmaz\u00f3, elhanyagol\u00f3 \u00e9rzelmi k\u00f6zegben nevelkedtek, illetve sok kapcsolati trauma \u00e9rte \u0151ket. Ugyanis aki b\u00e1ntalmaz\u00f3 k\u00f6zegben n\u0151 fel, annak esetleg fel sem t\u0171nik, hogy a p\u00e1rja, a bar\u00e1tai \u00e9s \u00f6nmaga is b\u00e1ntalmaz\u00f3, \u00edgy ezt a mint\u00e1t viszi tov\u00e1bb. A ter\u00e1pia r\u00e9szek\u00e9nt viszont az \u00e9rintettek megtanulj\u00e1k, hogyan lehet m\u00e1sokkal szemben tisztelettel viselkedni, megtapasztalj\u00e1k, milyen a j\u00f3 t\u00e1rsas \u00e9lm\u00e9ny, \u00e9s ez teszi lehet\u0151v\u00e9, hogy a k\u00fclvil\u00e1gban is tudjanak v\u00e1logatni a kapcsolataikban. Ezt nevezz\u00fck \u00e9lm\u00e9ny alap\u00fa v\u00e1ltoz\u00e1snak \u2013 ismerteti dr. Unoka Zsolt.<\/p>\n<p>A term\u00e9szet- \u00e9s kalandter\u00e1pia nagyon j\u00f3l illeszkedik ebbe a csoportter\u00e1pi\u00e1s programba, hiszen a csoportter\u00e1pia r\u00e9sztvev\u0151i az int\u00e9zet falain k\u00edv\u00fcl heti k\u00e9t napot a Budai-hegys\u00e9gben t\u00f6ltenek, majd k\u00e9s\u0151bb egy h\u00e9tv\u00e9g\u00e9re elutaznak egy szokatlan, kih\u00edv\u00e1sokat teremt\u0151, teljesen civiliz\u00e1ci\u00f3mentes erdei k\u00f6rnyezetbe a B\u00f6rzs\u00f6nybe, ahol term\u00e9szet-ter\u00e1pi\u00e1s, egy\u00e9ni \u00e9s kooper\u00e1ci\u00f3ra \u00e9p\u00fcl\u0151 gyakorlatokban vesznek r\u00e9szt. Ez az \u00faj helyzet \u00e9s a k\u00f6z\u00f6s \u00e9lm\u00e9nyek er\u0151teljesen cs\u00f6kkentik a kirekesztetts\u00e9get, izol\u00e1ci\u00f3t, \u00e9s n\u00f6velik a kompetencia\u00e9rz\u00e9st. A sokf\u00e9le feladat k\u00f6z\u00f6tt szerepelnek p\u00e9ld\u00e1ul alacsonyk\u00f6t\u00e9l-p\u00e1ly\u00e1s gyakorlatok vagy f\u00e1ra m\u00e1sz\u00e1s is, melyek k\u00f6zben a r\u00e9sztvev\u0151k a t\u00f6bbiekre t\u00e1maszkodnak, vagyis megtapasztalj\u00e1k a bizalom \u00e9rz\u00e9s\u00e9t, illetve t\u00f6bbf\u00e9le stresszold\u00f3, mindfullness gyakorlatot is v\u00e9geznek. A v\u00e1laszthat\u00f3 kih\u00edv\u00e1sok r\u00e9ven megtapasztalhatj\u00e1k az \u00f6nkontrollt, az auton\u00f3mia visszanyer\u00e9s\u00e9nek \u00e9rz\u00e9s\u00e9t is.<\/p>\n\r\n        [slb_exclude]\r\n        <div class=\"row galeria-wrapper mx-0 h-auto\">\r\n            <div class=\"col-9 pl-0 pr-2\">\r\n            <span class=\"gallery-item frame\">\r\n\t\t\t\t<div class=\"galeria-left-img\"><a href=\"https:\/\/semmelweis.hu\/mediasarok\/files\/2022\/11\/IMG-7426-1-scaled.jpg\"><img src=https:\/\/semmelweis.hu\/mediasarok\/files\/2022\/11\/IMG-7426-1-scaled.jpg  \r\n                            alt=\"Fot\u00f3: K\u00e9tt\u00e9 Alap\u00edtv\u00e1ny\" \r\n                            class=\"attachment-sote-gallery-big size-sote-gallery-big\" \r\n                            srcset=\"https:\/\/semmelweis.hu\/mediasarok\/files\/2022\/11\/IMG-7426-1-400x300.jpg 400w, https:\/\/semmelweis.hu\/mediasarok\/files\/2022\/11\/IMG-7426-1-1024x768.jpg 1024w, https:\/\/semmelweis.hu\/mediasarok\/files\/2022\/11\/IMG-7426-1-768x576.jpg 768w, https:\/\/semmelweis.hu\/mediasarok\/files\/2022\/11\/IMG-7426-1-1536x1152.jpg 1536w, https:\/\/semmelweis.hu\/mediasarok\/files\/2022\/11\/IMG-7426-1-2048x1536.jpg 2048w, https:\/\/semmelweis.hu\/mediasarok\/files\/2022\/11\/IMG-7426-1-753x565.jpg 753w\" ><\/a><\/div>\r\n            <\/span>\r\n\r\n            <\/div>\r\n\r\n\t\t\t<div class=\"col-3 pl-0 pr-0\">\r\n\t\t\t\t<div class=\"galeria-right-img d-flex justify-content-between flex-column h-100 w-100 px-0 mx-0 \">\r\n                <div class=\"galeria-box\">\r\n\t\t\t\t\t<h3 class=\"galeria-title\">Gal\u00e9ria<\/h3>\r\n\t\t\t\t\t<div class=\"galeria-subtitle\">\r\n\r\n\t\t\t\t\t\t<div class=\"galeria-page-counter\"><span>6<\/span>k\u00e9p<\/div>\r\n                    <\/div> <\/div>\r\n                    <span class=\"gallery-item frame d-none d-md-flex\">\r\n\t\t\t\t\t<div class=\"galeria-small-img mt-0\"><a href=\"https:\/\/semmelweis.hu\/mediasarok\/files\/2022\/11\/IMG-7165-1-scaled.jpg\"><img src=https:\/\/semmelweis.hu\/mediasarok\/files\/2022\/11\/IMG-7165-1-scaled.jpg \r\n                                alt=\"Fot\u00f3: K\u00e9tt\u00e9 Alap\u00edtv\u00e1ny\"  \r\n                                class=\"attachment-sote-gallery-small size-sote-gallery-small\" \r\n                                srcset=\"https:\/\/semmelweis.hu\/mediasarok\/files\/2022\/11\/IMG-7165-1-300x400.jpg 300w, https:\/\/semmelweis.hu\/mediasarok\/files\/2022\/11\/IMG-7165-1-768x1024.jpg 768w, https:\/\/semmelweis.hu\/mediasarok\/files\/2022\/11\/IMG-7165-1-1152x1536.jpg 1152w, https:\/\/semmelweis.hu\/mediasarok\/files\/2022\/11\/IMG-7165-1-1536x2048.jpg 1536w, https:\/\/semmelweis.hu\/mediasarok\/files\/2022\/11\/IMG-7165-1-753x1004.jpg 753w, https:\/\/semmelweis.hu\/mediasarok\/files\/2022\/11\/IMG-7165-1-scaled.jpg 1920w\" ><\/a><\/div>\r\n                    <\/span>\r\n                    <span class=\"gallery-item frame d-none d-md-flex\">\r\n\t\t\t\t\t<div class=\"galeria-small-img mt-0\"><a href=\"https:\/\/semmelweis.hu\/mediasarok\/files\/2022\/11\/CF2E64EA-3E9B-40A5-8754-FB40D9FBFA9E_1_105_c.jpeg\"><img src=https:\/\/semmelweis.hu\/mediasarok\/files\/2022\/11\/CF2E64EA-3E9B-40A5-8754-FB40D9FBFA9E_1_105_c.jpeg \r\n                                alt=\"Fot\u00f3: K\u00e9tt\u00e9 Alap\u00edtv\u00e1ny\" \r\n                                class=\"attachment-sote-gallery-small size-sote-gallery-small\" \r\n                                srcset=\"https:\/\/semmelweis.hu\/mediasarok\/files\/2022\/11\/CF2E64EA-3E9B-40A5-8754-FB40D9FBFA9E_1_105_c-300x400.jpeg 300w, https:\/\/semmelweis.hu\/mediasarok\/files\/2022\/11\/CF2E64EA-3E9B-40A5-8754-FB40D9FBFA9E_1_105_c-753x1004.jpeg 753w, https:\/\/semmelweis.hu\/mediasarok\/files\/2022\/11\/CF2E64EA-3E9B-40A5-8754-FB40D9FBFA9E_1_105_c.jpeg 768w\" ><\/a><\/div>\r\n                    <\/span>\r\n\r\n                <\/div>\r\n\r\n            <\/div>\r\n\r\n            <span class=\"gallery-item\"><div class=\"hidden\"><a href=\"https:\/\/semmelweis.hu\/mediasarok\/files\/2022\/11\/20220513_154658-1-scaled.jpeg\">\r\n        <img src=https:\/\/semmelweis.hu\/mediasarok\/files\/2022\/11\/20220513_154658-1-scaled.jpeg alt=\"Fot\u00f3: K\u00e9tt\u00e9 Alap\u00edtv\u00e1ny\" class=\"attachment-sote-gallery-big size-sote-gallery-big\" srcset=\"https:\/\/semmelweis.hu\/mediasarok\/files\/2022\/11\/20220513_154658-1-400x300.jpeg 400w, https:\/\/semmelweis.hu\/mediasarok\/files\/2022\/11\/20220513_154658-1-1024x768.jpeg 1024w, https:\/\/semmelweis.hu\/mediasarok\/files\/2022\/11\/20220513_154658-1-768x576.jpeg 768w, https:\/\/semmelweis.hu\/mediasarok\/files\/2022\/11\/20220513_154658-1-1536x1152.jpeg 1536w, https:\/\/semmelweis.hu\/mediasarok\/files\/2022\/11\/20220513_154658-1-2048x1536.jpeg 2048w, https:\/\/semmelweis.hu\/mediasarok\/files\/2022\/11\/20220513_154658-1-753x565.jpeg 753w\" >\r\n        <\/a><\/div><\/span><span class=\"gallery-item\"><div class=\"hidden\"><a href=\"https:\/\/semmelweis.hu\/mediasarok\/files\/2022\/11\/067BCA97-2D6B-4143-8289-7285D5C1C534_1_105_c.jpeg\">\r\n        <img src=https:\/\/semmelweis.hu\/mediasarok\/files\/2022\/11\/067BCA97-2D6B-4143-8289-7285D5C1C534_1_105_c.jpeg alt=\"Fot\u00f3: K\u00e9tt\u00e9 Alap\u00edtv\u00e1ny\" class=\"attachment-sote-gallery-big size-sote-gallery-big\" srcset=\"https:\/\/semmelweis.hu\/mediasarok\/files\/2022\/11\/067BCA97-2D6B-4143-8289-7285D5C1C534_1_105_c-300x400.jpeg 300w, https:\/\/semmelweis.hu\/mediasarok\/files\/2022\/11\/067BCA97-2D6B-4143-8289-7285D5C1C534_1_105_c-753x1004.jpeg 753w, https:\/\/semmelweis.hu\/mediasarok\/files\/2022\/11\/067BCA97-2D6B-4143-8289-7285D5C1C534_1_105_c.jpeg 768w\" >\r\n        <\/a><\/div><\/span><span class=\"gallery-item\"><div class=\"hidden\"><a href=\"https:\/\/semmelweis.hu\/mediasarok\/files\/2022\/11\/37E5ACB9-A328-4EAC-AA6E-2E7A9A802ED1_1_105_c-1.jpeg\">\r\n        <img src=https:\/\/semmelweis.hu\/mediasarok\/files\/2022\/11\/37E5ACB9-A328-4EAC-AA6E-2E7A9A802ED1_1_105_c-1.jpeg alt=\"Fot\u00f3: K\u00e9tt\u00e9 Alap\u00edtv\u00e1ny\" class=\"attachment-sote-gallery-big size-sote-gallery-big\" srcset=\"https:\/\/semmelweis.hu\/mediasarok\/files\/2022\/11\/37E5ACB9-A328-4EAC-AA6E-2E7A9A802ED1_1_105_c-1-400x300.jpeg 400w, https:\/\/semmelweis.hu\/mediasarok\/files\/2022\/11\/37E5ACB9-A328-4EAC-AA6E-2E7A9A802ED1_1_105_c-1-768x576.jpeg 768w, https:\/\/semmelweis.hu\/mediasarok\/files\/2022\/11\/37E5ACB9-A328-4EAC-AA6E-2E7A9A802ED1_1_105_c-1-753x565.jpeg 753w, https:\/\/semmelweis.hu\/mediasarok\/files\/2022\/11\/37E5ACB9-A328-4EAC-AA6E-2E7A9A802ED1_1_105_c-1.jpeg 1024w\" >\r\n        <\/a><\/div><\/span>\r\n            <\/div>\r\n\r\n            [\/slb_exclude]\r\n\t\n<p>A term\u00e9szet- \u00e9s kalandter\u00e1pi\u00e1s program kidolgoz\u00e1s\u00e1ban a Semmelweis Egyetem egy\u00fcttm\u0171k\u00f6d\u0151 partnere a Magyar Tapasztalati Tanul\u00e1s Alap\u00edtv\u00e1ny. R\u00e1k\u00e1r-Szab\u00f3 Nat\u00e1lia pszichol\u00f3gus, a szervezet egyik vezet\u0151je szerint a kalandter\u00e1pia olyan aktivit\u00e1salap\u00fa m\u00f3dszer, ami j\u00f3l kombin\u00e1lhat\u00f3 p\u00e9ld\u00e1ul a kognit\u00edv ter\u00e1pi\u00e1val, a struktur\u00e1lis csal\u00e1dter\u00e1pi\u00e1val is. A szabad \u00e9g alatt t\u00f6rt\u00e9n\u0151 c\u00e9lir\u00e1nyos viselked\u00e9s- \u00e9s k\u00e9szs\u00e9gfejleszt\u00e9s fontos eleme \u2013 azon t\u00fal, hogy aktivit\u00e1sokat k\u00edn\u00e1lnak a p\u00e1cienseknek \u2013, hogy\u00a0 ezeket a k\u00f6z\u00f6sen meg\u00e9lt \u00e9lm\u00e9nyeket egy\u00fctt dolgozz\u00e1k fel, besz\u00e9lik meg a tapasztalatokat, \u00e9lm\u00e9nyeket, tanuls\u00e1gokat.<\/p>\n<figure id=\"attachment_133460\" aria-describedby=\"caption-attachment-133460\" style=\"width: 280px\" class=\"wp-caption alignright\"><a href=\"https:\/\/semmelweis.hu\/mediasarok\/files\/2022\/11\/RSz-Nati_outdoor-26-MB.png\"><img loading=\"lazy\" decoding=\"async\" class=\"wp-image-133460 size-medium\" src=\"https:\/\/semmelweis.hu\/mediasarok\/files\/2022\/11\/RSz-Nati_outdoor-26-MB-280x400.png\" alt=\"\" width=\"280\" height=\"400\" srcset=\"https:\/\/semmelweis.hu\/mediasarok\/files\/2022\/11\/RSz-Nati_outdoor-26-MB-280x400.png 280w, https:\/\/semmelweis.hu\/mediasarok\/files\/2022\/11\/RSz-Nati_outdoor-26-MB-718x1024.png 718w, https:\/\/semmelweis.hu\/mediasarok\/files\/2022\/11\/RSz-Nati_outdoor-26-MB-768x1096.png 768w, https:\/\/semmelweis.hu\/mediasarok\/files\/2022\/11\/RSz-Nati_outdoor-26-MB-753x1075.png 753w, https:\/\/semmelweis.hu\/mediasarok\/files\/2022\/11\/RSz-Nati_outdoor-26-MB.png 1000w\" sizes=\"auto, (max-width: 280px) 100vw, 280px\" \/><\/a><figcaption id=\"caption-attachment-133460\" class=\"wp-caption-text\">R\u00e1k\u00e1r-Szab\u00f3 Nat\u00e1lia, Fot\u00f3: K\u00e9tt\u00e9 Alap\u00edtv\u00e1ny<\/figcaption><\/figure>\n<p>\u201eA csoportter\u00e1pia mellett egy\u00e9ni \u00e9s p\u00e1ros munk\u00e1ra is lehet\u0151s\u00e9g ny\u00edlik. \u00dagynevezett \u00e9szlelt kock\u00e1zattal dolgozunk, vagyis olyan k\u00f6rnyezetet alak\u00edtunk ki \u00e9s olyan feladatokat k\u00edn\u00e1lunk,\u00a0 amelyeket a r\u00e9sztvev\u0151k izgalmasnak, \u00fajszer\u0171nek, kock\u00e1zatosnak \u00e9lnek meg, teh\u00e1t nem mindig tudj\u00e1k alkalmazni a kor\u00e1bban m\u00e1r bev\u00e1lt vagy rutinosan haszn\u00e1lt megold\u00e1saikat. Ezt a helyzetet haszn\u00e1ljuk arra, hogy viselked\u00e9sm\u00f3dos\u00edt\u00e1sra \u00f6szt\u00f6n\u00f6zz\u00fck \u0151ket, majd a meg\u00e9l\u00e9sek tudatos\u00edt\u00e1s\u00e1val \u00e9s generaliz\u00e1l\u00e1s\u00e1val biztos\u00edtjuk, hogy az itt meg\u00e9lt tapasztalatok min\u00e9l ink\u00e1bb kapcsol\u00f3dhassanak a r\u00e9sztvev\u0151k h\u00e9tk\u00f6znapi \u00e9let\u00e9hez. Ak\u00e1r traumafeldolgoz\u00e1s vagy ber\u00f6gz\u00f6tt negat\u00edv viselked\u00e9si mint\u00e1k is j\u00f3l korrig\u00e1lhat\u00f3k ezzel\u201d \u2013 mondja a pszichol\u00f3gus.<\/p>\n<div class=\"fontos_div\">\n<p>Sz\u00e1mos kutat\u00e1s igazolja, hogy a term\u00e9szeti k\u00f6zeg, a term\u00e9szet hangjai, a mad\u00e1rcsicserg\u00e9s, a tenger vagy z\u00f6ld n\u00f6v\u00e9nyzet l\u00e1tv\u00e1nya aktiv\u00e1lja a jutalomk\u00f6zpontot az agyban, \u00e9s ellazult, nyugodt \u00e1llapotot v\u00e1lt ki az emberekben \u2013 teszi hozz\u00e1 dr. Unoka Zsolt.<\/p>\n<\/div>\n<p>A s\u00e9maalap\u00fa csoportpszichoter\u00e1pi\u00e1s ell\u00e1t\u00e1s a Semmelweis Egyetem Pszichi\u00e1triai \u00e9s Pszichoter\u00e1pi\u00e1s Klinik\u00e1j\u00e1n szakorvosi javaslatra t\u00e1rsadalombiztos\u00edt\u00e1si finansz\u00edroz\u00e1ssal \u00e9rhet\u0151 el 18 \u00e9v feletti fiatal- \u00e9s k\u00f6z\u00e9pkor\u00fa feln\u0151ttek r\u00e9sz\u00e9re. A p\u00e1cienseknek el\u0151zetesen r\u00e9szt kell venni\u00fck egy interj\u00fan, ahol a szakemberek felm\u00e9rik, hogy az egy\u00e9n sz\u00e1m\u00e1ra ez a ter\u00e1pi\u00e1s m\u00f3dszer hasznos-e. A term\u00e9szet-, \u00e9s kalandter\u00e1pi\u00e1val kombin\u00e1lt s\u00e9mater\u00e1pia tov\u00e1bbi h\u00e1rom csoporttal 2023 tavasz\u00e1n folytat\u00f3dik a p\u00e1ly\u00e1zat r\u00e9szek\u00e9nt, ezt k\u00f6vet\u0151en dolgozz\u00e1k fel a tapasztalatokat a szakemberek, \u00e9s keresnek v\u00e1laszt arra, hogy az \u00e9rzelemszab\u00e1lyoz\u00e1s k\u00e9pess\u00e9ge, a j\u00f3ll\u00e9t, a szem\u00e9lyis\u00e9g funkcion\u00e1l\u00e1s\u00e1nak szintje, a rugalmas alkalmazkod\u00f3k\u00e9pess\u00e9g illetve a term\u00e9szethez val\u00f3 viszony hogyan v\u00e1ltozik a s\u00e9mater\u00e1pia, illetve \u00a0\u00a0a term\u00e9szet- \u00e9s kalandter\u00e1pi\u00e1val kombin\u00e1lt ter\u00e1pia hat\u00e1s\u00e1ra. K\u00fclf\u00f6ldi vizsg\u00e1latok alapj\u00e1n arra sz\u00e1m\u00edtanak, hogy a szem\u00e9lyis\u00e9g t\u00f6bb dimenzi\u00f3j\u00e1ban javul\u00e1s \u00e9rhet\u0151 majd tetten t\u00f6bbek k\u00f6z\u00f6tt az \u00e9rzelemszab\u00e1lyoz\u00e1sban, a t\u00e1rsas viszonyokban \u00e9s a szorong\u00e1sszint cs\u00f6kken\u00e9s\u00e9ben is.<\/p>\n<p>Fot\u00f3: Barta B\u00e1lint \u2013 Semmelweis Egyetem,\u00a0<span style=\"font-size: 1rem\">Bert\u00f3k Anita, <\/span><span style=\"font-size: 1rem\">K\u00e9tt\u00e9 Alap\u00edtv\u00e1ny\u00a0<\/span><\/p>\n<p>&nbsp;<\/p>\n","protected":false},"excerpt":{"rendered":"<p>A Pszichi\u00e1triai \u00e9s Pszichoter\u00e1pi\u00e1s Klinik\u00e1n egy p\u00e1ly\u00e1zatnak k\u00f6sz\u00f6nhet\u0151en indulhatott el a term\u00e9szet- \u00e9s kalandter\u00e1pia. <\/p>\n","protected":false},"author":101748,"featured_media":133456,"comment_status":"closed","ping_status":"closed","sticky":false,"template":"","format":"standard","meta":{"_acf_changed":false,"footnotes":""},"categories":[5],"tags":[732],"class_list":["post-133455","post","type-post","status-publish","format-standard","has-post-thumbnail","hentry","category-cikkek","tag-temaajanlo"],"acf":[],"_links":{"self":[{"href":"https:\/\/semmelweis.hu\/mediasarok\/wp-json\/wp\/v2\/posts\/133455","targetHints":{"allow":["GET"]}}],"collection":[{"href":"https:\/\/semmelweis.hu\/mediasarok\/wp-json\/wp\/v2\/posts"}],"about":[{"href":"https:\/\/semmelweis.hu\/mediasarok\/wp-json\/wp\/v2\/types\/post"}],"author":[{"embeddable":true,"href":"https:\/\/semmelweis.hu\/mediasarok\/wp-json\/wp\/v2\/users\/101748"}],"replies":[{"embeddable":true,"href":"https:\/\/semmelweis.hu\/mediasarok\/wp-json\/wp\/v2\/comments?post=133455"}],"version-history":[{"count":6,"href":"https:\/\/semmelweis.hu\/mediasarok\/wp-json\/wp\/v2\/posts\/133455\/revisions"}],"predecessor-version":[{"id":133481,"href":"https:\/\/semmelweis.hu\/mediasarok\/wp-json\/wp\/v2\/posts\/133455\/revisions\/133481"}],"wp:featuredmedia":[{"embeddable":true,"href":"https:\/\/semmelweis.hu\/mediasarok\/wp-json\/wp\/v2\/media\/133456"}],"wp:attachment":[{"href":"https:\/\/semmelweis.hu\/mediasarok\/wp-json\/wp\/v2\/media?parent=133455"}],"wp:term":[{"taxonomy":"category","embeddable":true,"href":"https:\/\/semmelweis.hu\/mediasarok\/wp-json\/wp\/v2\/categories?post=133455"},{"taxonomy":"post_tag","embeddable":true,"href":"https:\/\/semmelweis.hu\/mediasarok\/wp-json\/wp\/v2\/tags?post=133455"}],"curies":[{"name":"wp","href":"https:\/\/api.w.org\/{rel}","templated":true}]}}