{"id":132575,"date":"2022-10-13T08:24:12","date_gmt":"2022-10-13T06:24:12","guid":{"rendered":"https:\/\/semmelweis.hu\/mediasarok\/?p=132575"},"modified":"2022-10-13T08:28:02","modified_gmt":"2022-10-13T06:28:02","slug":"sajtomeghivo-adomanyatadas-a-szuleszeti-es-nogyogyaszati-klinika-koraszulott-kisbabainak","status":"publish","type":"post","link":"https:\/\/semmelweis.hu\/mediasarok\/2022\/10\/13\/sajtomeghivo-adomanyatadas-a-szuleszeti-es-nogyogyaszati-klinika-koraszulott-kisbabainak\/","title":{"rendered":"Sajt\u00f3megh\u00edv\u00f3: Adom\u00e1ny\u00e1tad\u00e1s a Sz\u00fcl\u00e9szeti \u00e9s N\u0151gy\u00f3gy\u00e1szati Klinika korasz\u00fcl\u00f6tt kisbab\u00e1inak"},"content":{"rendered":"<p style=\"text-align: center\"><strong>SAJT\u00d3MEGH\u00cdV\u00d3<\/strong><\/p>\n<p style=\"text-align: center\"><strong>Tisztelt Szerkeszt\u0151s\u00e9g!<\/strong><\/p>\n<p>&nbsp;<\/p>\n<p style=\"text-align: center\">A Semmelweis Egyetem \u00e9s az Alap\u00edtv\u00e1ny az Alap\u00edtv\u00e1nyok\u00e9rt tisztelettel megh\u00edvja adom\u00e1ny\u00e1tad\u00f3 rendezv\u00e9ny\u00e9re.<\/p>\n<p style=\"text-align: center\">\u00a0<\/p>\n<p style=\"text-align: center\"><strong>Id\u0151pont: <\/strong>2022. okt\u00f3ber 18., kedd 13.00 \u00f3ra<\/p>\n<p style=\"text-align: center\"><strong>Helysz\u00edn: <\/strong>Semmelweis Egyetem Sz\u00fcl\u00e9szeti \u00e9s N\u0151gy\u00f3gy\u00e1szati Klinika Baross utcai r\u00e9szleg \u2013 K\u00f6nyvt\u00e1r 1. em (1088 Budapest, Baross utca 27.)<\/p>\n<p>&nbsp;<\/p>\n<p>Ma Magyarorsz\u00e1gon minden 10. csal\u00e1dot \u00e9rinti a korasz\u00fcl\u00e9s. Az Alap\u00edtv\u00e1ny az Alap\u00edtv\u00e1nyok\u00e9rt a \u201ePl\u00fcss Kommand\u00f3 Korasz\u00fcl\u00f6tt Hadm\u0171velet\u201d elnevez\u00e9s\u0171 programj\u00e1ban a korasz\u00fcl\u00f6ttek gy\u00f3gy\u00edt\u00e1s\u00e1hoz speci\u00e1lis orvostechnikai eszk\u00f6z\u00f6ket \u2013 egy ultrahang k\u00e9sz\u00fcl\u00e9ket, egy k\u00fcl\u00f6nleges monitort \u00e9s az \u00e1pol\u00e1shoz babaf\u00e9szek csomagokat &#8211; ad \u00e1t.<\/p>\n<p>Az adom\u00e1nyt Nyilka Ildik\u00f3t\u00f3l, az alap\u00edtv\u00e1ny kurat\u00f3riumi eln\u00f6k\u00e9t\u0151l dr. Szab\u00f3 Mikl\u00f3s, a Semmelweis Egyetem I. Sz. Gyermekgy\u00f3gy\u00e1szati Klinik\u00e1j\u00e1nak egyetemi tan\u00e1ra, a Neonatol\u00f3giai Tansz\u00e9ki Csoport vezet\u0151je veszi \u00e1t.<\/p>\n<p>R\u00e9szv\u00e9teli sz\u00e1nd\u00e9k\u00e1t k\u00e9rj\u00fck az <a href=\"mailto:hirek@semmelweis-univ..hu\">hirek@semmelweis-univ.hu<\/a>\u00a0e-mail c\u00edmen jelezze okt\u00f3ber 18-\u00e1n 10-\u00f3r\u00e1ig.\u00a0<\/p>\n<p><strong>A rendezv\u00e9nyen k\u00f6telez\u0151 a sz\u00e1jat \u00e9s az orrot is eltakar\u00f3 maszk haszn\u00e1lata. <\/strong><\/p>\n<p>&nbsp;<\/p>\n","protected":false},"excerpt":{"rendered":"<p>Ma Magyarorsz\u00e1gon minden 10. csal\u00e1dot \u00e9rinti a korasz\u00fcl\u00e9s.<\/p>\n","protected":false},"author":101869,"featured_media":131164,"comment_status":"closed","ping_status":"closed","sticky":false,"template":"","format":"standard","meta":{"_acf_changed":false,"footnotes":""},"categories":[5],"tags":[733],"class_list":["post-132575","post","type-post","status-publish","format-standard","has-post-thumbnail","hentry","category-cikkek","tag-meghivo"],"acf":[],"_links":{"self":[{"href":"https:\/\/semmelweis.hu\/mediasarok\/wp-json\/wp\/v2\/posts\/132575","targetHints":{"allow":["GET"]}}],"collection":[{"href":"https:\/\/semmelweis.hu\/mediasarok\/wp-json\/wp\/v2\/posts"}],"about":[{"href":"https:\/\/semmelweis.hu\/mediasarok\/wp-json\/wp\/v2\/types\/post"}],"author":[{"embeddable":true,"href":"https:\/\/semmelweis.hu\/mediasarok\/wp-json\/wp\/v2\/users\/101869"}],"replies":[{"embeddable":true,"href":"https:\/\/semmelweis.hu\/mediasarok\/wp-json\/wp\/v2\/comments?post=132575"}],"version-history":[{"count":3,"href":"https:\/\/semmelweis.hu\/mediasarok\/wp-json\/wp\/v2\/posts\/132575\/revisions"}],"predecessor-version":[{"id":132583,"href":"https:\/\/semmelweis.hu\/mediasarok\/wp-json\/wp\/v2\/posts\/132575\/revisions\/132583"}],"wp:featuredmedia":[{"embeddable":true,"href":"https:\/\/semmelweis.hu\/mediasarok\/wp-json\/wp\/v2\/media\/131164"}],"wp:attachment":[{"href":"https:\/\/semmelweis.hu\/mediasarok\/wp-json\/wp\/v2\/media?parent=132575"}],"wp:term":[{"taxonomy":"category","embeddable":true,"href":"https:\/\/semmelweis.hu\/mediasarok\/wp-json\/wp\/v2\/categories?post=132575"},{"taxonomy":"post_tag","embeddable":true,"href":"https:\/\/semmelweis.hu\/mediasarok\/wp-json\/wp\/v2\/tags?post=132575"}],"curies":[{"name":"wp","href":"https:\/\/api.w.org\/{rel}","templated":true}]}}