{"id":131049,"date":"2022-08-26T12:12:11","date_gmt":"2022-08-26T10:12:11","guid":{"rendered":"https:\/\/semmelweis.hu\/mediasarok\/?p=131049"},"modified":"2022-09-05T11:28:35","modified_gmt":"2022-09-05T09:28:35","slug":"sajtomeghivo-a-semmelweis-egyetem-2022-2023-as-tanevenek-unnepelyes-megnyitoja","status":"publish","type":"post","link":"https:\/\/semmelweis.hu\/mediasarok\/2022\/08\/26\/sajtomeghivo-a-semmelweis-egyetem-2022-2023-as-tanevenek-unnepelyes-megnyitoja\/","title":{"rendered":"Sajt\u00f3megh\u00edv\u00f3: a Semmelweis Egyetem 2022\/2023-as tan\u00e9v\u00e9nek \u00fcnnep\u00e9lyes megnyit\u00f3ja"},"content":{"rendered":"<p style=\"text-align: center\">Tisztelt Szerkeszt\u0151s\u00e9g!<\/p>\n<p>\nT\u00f6bb mint 3000 hallgat\u00f3 r\u00e9szv\u00e9tel\u00e9vel rendezz\u00fck meg a Semmelweis Egyetem 2022\/2023-as tan\u00e9v\u00e9nek \u00fcnnep\u00e9lyes megnyit\u00f3j\u00e1t <strong>szeptember 3-\u00e1n, szombaton 10 \u00f3r\u00e1t\u00f3l<\/strong> az MVM DOME Budapesti Multifunkcion\u00e1lis Sportcsarnokban (1098 Budapest, \u00dcll\u0151i \u00fat 131., VI-os kapu), ahova tisztelettel megh\u00edvjuk a szerkeszt\u0151s\u00e9g munkat\u00e1rs\u00e1t.<\/p>\n<p>A t\u00f6bb mint 250 \u00e9ves Semmelweis Egyetem b\u00fcszke arra, hogy nem csak Magyarorsz\u00e1g legr\u00e9gebbi, folyamatosan m\u0171k\u00f6d\u0151 orvosk\u00e9pz\u0151 int\u00e9zm\u00e9nye \u00e9s egyik legnagyobb eg\u00e9szs\u00e9g\u00fcgyi szolg\u00e1ltat\u00f3ja, hanem Eur\u00f3pa egyik legjelent\u0151sebb angol \u00e9s n\u00e9met nyelv\u0171 k\u00e9pz\u0151helye. A Semmelweis Egyetem a 2022\/2023-as tan\u00e9vben \u00fcnnepli nemzetk\u00f6zi orvosk\u00e9pz\u00e9s\u00e9nek 40. \u00e9vfordul\u00f3j\u00e1t. A tan\u00e9vnyit\u00f3 e jubileum alkalm\u00e1b\u00f3l, 2022 szeptembere \u00e9s 2023 j\u00faliusa k\u00f6z\u00f6tt megval\u00f3sul\u00f3, nagyszab\u00e1s\u00fa programsorozat nyit\u00f3esem\u00e9nye is egyben.<\/p>\n<p><strong>Fontos tudnival\u00f3k a bel\u00e9p\u00e9shez \u00e9s a helysz\u00edni forgat\u00e1shoz:<\/strong><\/p>\n<ul>\n<li>A korl\u00e1tozott f\u00e9r\u0151helyek sz\u00e1ma miatt k\u00e9rj\u00fck, hogy r\u00e9szv\u00e9teli sz\u00e1nd\u00e9k\u00e1t <strong>legk\u00e9s\u0151bb szeptember 1., cs\u00fct\u00f6rt\u00f6k 12 \u00f3r\u00e1ig <\/strong>legyenek kedvesek elk\u00fcldeni a <a href=\"mailto:hirek@semmelweis-univ.hu\">hirek@semmelweis-univ.hu<\/a> c\u00edmre a rendezv\u00e9nyre \u00e9rkez\u0151 st\u00e1btagok n\u00e9vsor\u00e1val \u00e9s az \u00e9rkez\u0151 g\u00e9pkocsi <strong>rendsz\u00e1m\u00e1val<\/strong>. Tov\u00e1bbi inform\u00e1ci\u00f3: Csat\u00e1ri-F\u00f6ldv\u00e1ry Eszter sajt\u00f3referens, tel.: 0630 269 6302.<\/li>\n<li>A helysz\u00ednen a st\u00e1bok, bele\u00e9rtve az operat\u0151r\u00f6ket is, az arra kijel\u00f6lt helyen tart\u00f3zkodhatnak, az \u00fcnneps\u00e9g \u00e9s a d\u00edj\u00e1tad\u00f3 zavartalan lebonyol\u00edt\u00e1sa \u00e9rdek\u00e9ben.<\/li>\n<li>Bel\u00e9p\u00e9s a VI. kapun\u00e1l lehets\u00e9ges.<\/li>\n<\/ul>\n<p><strong>PROGRAM<\/strong><\/p>\n<p><strong>09:00-9:45<\/strong> Regisztr\u00e1ci\u00f3, helysz\u00edni be\u00e1ll\u00e1s<br \/>\n<strong>10:00 <\/strong>Tan\u00e9vnyit\u00f3 \u00fcnneps\u00e9g kezdete<br \/>\n<strong>10:00<\/strong> R\u00f6vidfilm vet\u00edt\u00e9se (5\u2018)<br \/>\n<strong>10:06<\/strong> Gaudeamus Igitur \u2013 eln\u00f6ks\u00e9gi bevonul\u00e1s (4\u2018)<br \/>\n<strong>10:10<\/strong> Himnusz (4\u2018)<br \/>\n<strong>10:15<\/strong> Rektori k\u00f6sz\u00f6nt\u0151 magyar, angol \u00e9s n\u00e9met nyelven (5\u2019)<br \/>\n<strong>10:20<\/strong> Dr. Merkely B\u00e9la rektor besz\u00e9de\u00a0 magyarul (5\u2018)<br \/>\n<strong>10:25<\/strong> Dr. Hank\u00f3 Bal\u00e1zs fels\u0151oktat\u00e1s\u00e9rt felel\u0151s helyettes \u00e1llamtitk\u00e1r besz\u00e9de magyarul (5\u2018)<br \/>\n<strong>10:30<\/strong> Orb\u00e1n G\u00e1bor, a Nemzeti Eg\u00e9szs\u00e9g\u00fcgyi \u00e9s Orvosk\u00e9pz\u00e9s\u00e9rt Alap\u00edtv\u00e1ny eln\u00f6k\u00e9nek besz\u00e9de magyarul (5\u2018)<br \/>\n<strong>10:35<\/strong> Fogadalomt\u00e9tel magyar, n\u00e9met, angol nyelven (30\u2018)<br \/>\n<strong>11:05<\/strong> D\u00edjak \u00e1tad\u00e1sa \u2013 Pro Universitate \u00c9rdemrend \u00e9s Kiv\u00e1l\u00f3 Oktat\u00f3 kit\u00fcntet\u00e9sek (10\u2018)<br \/>\n<strong>11:15<\/strong> H\u00d6K eln\u00f6k k\u00f6sz\u00f6nt\u0151je (5\u2018)<br \/>\n<strong>11:20<\/strong> Nemzeti Fels\u0151oktat\u00e1si \u00d6szt\u00f6nd\u00edjasok n\u00e9vsor\u00e1nak bemutat\u00e1sa magyarul (5\u2018)<br \/>\n<strong>11:25<\/strong> Medikus Zenekar el\u0151ad\u00e1sa (20\u2018)<br \/>\n<strong>11:45<\/strong> Rektori z\u00e1rsz\u00f3 magyar, angol \u00e9s n\u00e9met nyelven (5\u2018)<br \/>\n<strong>11:50<\/strong> Sz\u00f3zat (5\u2018)<br \/>\n<strong>11:55<\/strong> Gaudeamus Igitur \u2013 eln\u00f6ks\u00e9gi kivonul\u00e1s (4\u2018)<br \/>\n<strong>12:00<\/strong> Tan\u00e9vnyit\u00f3 \u00fcnneps\u00e9g v\u00e9ge<\/p>\n<p>&nbsp;<\/p>\n","protected":false},"excerpt":{"rendered":"<p>T\u00f6bb mint 3000 hallgat\u00f3 r\u00e9szv\u00e9tel\u00e9vel rendezi meg a Semmelweis Egyetem a 2022\/2023-as tan\u00e9v\u00e9nek \u00fcnnep\u00e9lyes megnyit\u00f3j\u00e1t.<\/p>\n","protected":false},"author":101748,"featured_media":131164,"comment_status":"closed","ping_status":"closed","sticky":false,"template":"","format":"standard","meta":{"_acf_changed":false,"footnotes":""},"categories":[5],"tags":[733],"class_list":["post-131049","post","type-post","status-publish","format-standard","has-post-thumbnail","hentry","category-cikkek","tag-meghivo"],"acf":[],"_links":{"self":[{"href":"https:\/\/semmelweis.hu\/mediasarok\/wp-json\/wp\/v2\/posts\/131049","targetHints":{"allow":["GET"]}}],"collection":[{"href":"https:\/\/semmelweis.hu\/mediasarok\/wp-json\/wp\/v2\/posts"}],"about":[{"href":"https:\/\/semmelweis.hu\/mediasarok\/wp-json\/wp\/v2\/types\/post"}],"author":[{"embeddable":true,"href":"https:\/\/semmelweis.hu\/mediasarok\/wp-json\/wp\/v2\/users\/101748"}],"replies":[{"embeddable":true,"href":"https:\/\/semmelweis.hu\/mediasarok\/wp-json\/wp\/v2\/comments?post=131049"}],"version-history":[{"count":2,"href":"https:\/\/semmelweis.hu\/mediasarok\/wp-json\/wp\/v2\/posts\/131049\/revisions"}],"predecessor-version":[{"id":131244,"href":"https:\/\/semmelweis.hu\/mediasarok\/wp-json\/wp\/v2\/posts\/131049\/revisions\/131244"}],"wp:featuredmedia":[{"embeddable":true,"href":"https:\/\/semmelweis.hu\/mediasarok\/wp-json\/wp\/v2\/media\/131164"}],"wp:attachment":[{"href":"https:\/\/semmelweis.hu\/mediasarok\/wp-json\/wp\/v2\/media?parent=131049"}],"wp:term":[{"taxonomy":"category","embeddable":true,"href":"https:\/\/semmelweis.hu\/mediasarok\/wp-json\/wp\/v2\/categories?post=131049"},{"taxonomy":"post_tag","embeddable":true,"href":"https:\/\/semmelweis.hu\/mediasarok\/wp-json\/wp\/v2\/tags?post=131049"}],"curies":[{"name":"wp","href":"https:\/\/api.w.org\/{rel}","templated":true}]}}