{"id":12980,"date":"2012-01-17T16:52:29","date_gmt":"2012-01-17T15:52:29","guid":{"rendered":"http:\/\/mediasarok.sote.hu\/?p=12980"},"modified":"2025-10-28T13:14:57","modified_gmt":"2025-10-28T12:14:57","slug":"kozlemeny-3","status":"publish","type":"post","link":"https:\/\/semmelweis.hu\/mediasarok\/2012\/01\/17\/kozlemeny-3\/","title":{"rendered":"K\u00f6zlem\u00e9ny 2012. 01. 17"},"content":{"rendered":"<p>A Testnevel\u00e9si Egyetemen 1992-ben t\u00f6rt\u00e9ntekkel kapcsolatban a Semmelweis Egyetem, mint jogut\u00f3d folyamatosan t\u00e1j\u00e9koz\u00f3dik. Az egyetem rektora h\u00e9tf\u0151n felk\u00e9rte a Testnevel\u00e9si \u00e9s Sporttudom\u00e1nyi Kar d\u00e9k\u00e1nj\u00e1t, hogy hozzon l\u00e9tre t\u00e9nyfelt\u00e1r\u00f3 vizsg\u00e1l\u00f3 bizotts\u00e1got, mely tanulm\u00e1nyozza Schmitt P\u00e1l kisdoktori disszert\u00e1ci\u00f3ja l\u00e9trej\u00f6tt\u00e9nek k\u00f6r\u00fclm\u00e9nyeit.<\/p>\n","protected":false},"excerpt":{"rendered":"<p>A Testnevel\u00e9si Egyetemen 1992-ben t\u00f6rt\u00e9ntekkel kapcsolatban a Semmelweis Egyetem, mint jogut\u00f3d folyamatosan t\u00e1j\u00e9koz\u00f3dik. Az egyetem rektora h\u00e9tf\u0151n felk\u00e9rte a Testnevel\u00e9si \u00e9s Sporttudom\u00e1nyi Kar d\u00e9k\u00e1nj\u00e1t, hogy hozzon l\u00e9tre t\u00e9nyfelt\u00e1r\u00f3 vizsg\u00e1l\u00f3 bizotts\u00e1got, mely tanulm\u00e1nyozza Schmitt P\u00e1l kisdoktori disszert\u00e1ci\u00f3ja l\u00e9trej\u00f6tt\u00e9nek k\u00f6r\u00fclm\u00e9nyeit.<\/p>\n","protected":false},"author":155,"featured_media":0,"comment_status":"closed","ping_status":"open","sticky":false,"template":"","format":"standard","meta":{"_acf_changed":false,"footnotes":""},"categories":[5],"tags":[734],"class_list":["post-12980","post","type-post","status-publish","format-standard","hentry","category-cikkek","tag-kozlemeny"],"acf":[],"_links":{"self":[{"href":"https:\/\/semmelweis.hu\/mediasarok\/wp-json\/wp\/v2\/posts\/12980","targetHints":{"allow":["GET"]}}],"collection":[{"href":"https:\/\/semmelweis.hu\/mediasarok\/wp-json\/wp\/v2\/posts"}],"about":[{"href":"https:\/\/semmelweis.hu\/mediasarok\/wp-json\/wp\/v2\/types\/post"}],"author":[{"embeddable":true,"href":"https:\/\/semmelweis.hu\/mediasarok\/wp-json\/wp\/v2\/users\/155"}],"replies":[{"embeddable":true,"href":"https:\/\/semmelweis.hu\/mediasarok\/wp-json\/wp\/v2\/comments?post=12980"}],"version-history":[{"count":1,"href":"https:\/\/semmelweis.hu\/mediasarok\/wp-json\/wp\/v2\/posts\/12980\/revisions"}],"predecessor-version":[{"id":93576,"href":"https:\/\/semmelweis.hu\/mediasarok\/wp-json\/wp\/v2\/posts\/12980\/revisions\/93576"}],"wp:attachment":[{"href":"https:\/\/semmelweis.hu\/mediasarok\/wp-json\/wp\/v2\/media?parent=12980"}],"wp:term":[{"taxonomy":"category","embeddable":true,"href":"https:\/\/semmelweis.hu\/mediasarok\/wp-json\/wp\/v2\/categories?post=12980"},{"taxonomy":"post_tag","embeddable":true,"href":"https:\/\/semmelweis.hu\/mediasarok\/wp-json\/wp\/v2\/tags?post=12980"}],"curies":[{"name":"wp","href":"https:\/\/api.w.org\/{rel}","templated":true}]}}