{"id":129122,"date":"2022-06-22T06:00:16","date_gmt":"2022-06-22T04:00:16","guid":{"rendered":"https:\/\/semmelweis.hu\/mediasarok\/?p=129122"},"modified":"2025-02-27T12:00:36","modified_gmt":"2025-02-27T11:00:36","slug":"klinikaland-allergia","status":"publish","type":"post","link":"https:\/\/semmelweis.hu\/mediasarok\/2022\/06\/22\/klinikaland-allergia\/","title":{"rendered":"KliniKaland: Allergia"},"content":{"rendered":"<div class=\"lead\"><strong>Vil\u00e1gszerte mintegy 20.000 allergi\u00e1t kiv\u00e1lt\u00f3 anyagot, azaz allerg\u00e9nt ismer\u00fcnk, melyek \u00e9vr\u0151l \u00e9vre egyre t\u00f6bb embert \u00e9rintenek. A gyerekek k\u00f6r\u00e9ben az elm\u00falt k\u00e9t \u00e9vtizedben 50%-kal n\u0151tt az allergi\u00e1sok sz\u00e1ma. A betegs\u00e9g az enyhe t\u00fcnetekt\u0151l a kr\u00f3nikus betegs\u00e9gen \u00e1t ak\u00e1r \u00e9letvesz\u00e9lyes \u00e1llapotot is okozhat. A parlagf\u0171szezon el\u0151tt jelenleg a f\u0171pollen, a p\u00e1zsitf\u0171f\u00e9l\u00e9k k\u00f6zepes-magas koncentr\u00e1ci\u00f3ja jelenti a legnagyobb terhel\u00e9st.<\/strong><\/div>\n<p>Az allergia egy t\u00e9ves immunv\u00e1lasz, amikor az emberi szervezet olyan h\u00e9tk\u00f6znapi anyagok ellen ind\u00edtja be a v\u00e9dekez\u00e9si folyamatait, amelyek m\u00e1sokn\u00e1l semmilyen reakci\u00f3t nem v\u00e1ltanak ki.<\/p>\n<div class=\"fontos_div\">\n<p>Kialakul\u00e1s\u00e1nak pontos ok\u00e1t nem ismerj\u00fck, azonban a genetikai h\u00e1tt\u00e9r mellett az immunrendszer \u00e1llapota \u00e9s a k\u00fcl\u00f6nb\u00f6z\u0151 k\u00f6rnyezeti t\u00e9nyez\u0151k is szerepet j\u00e1tszhatnak.<\/p>\n<\/div>\n<p>A tudatos eg\u00e9szs\u00e9gmeg\u0151rz\u00e9st seg\u00edt\u0151 anim\u00e1ci\u00f3s, ismeretterjeszt\u0151 filmsorozat \u00fajabb epiz\u00f3dja k\u00f6z\u00e9rthet\u0151en, de szakmailag hitelesen mutatja be a k\u00fcl\u00f6nb\u00f6z\u0151 allergi\u00e1s t\u00fcneteket \u00e9s reakci\u00f3kat, az allergia fajt\u00e1it \u00e9s a kezel\u00e9si lehet\u0151s\u00e9geket.<\/p>\n<p>Az Allergi\u00e1r\u00f3l sz\u00f3l\u00f3 kisfilm itt tekinthet\u0151 meg:<\/p>\n<p><iframe loading=\"lazy\" title=\"Klinikaland: Allergia \u2013 Okok, t\u00fcnetek, anafilaxia, kezel\u00e9si m\u00f3dok\" width=\"753\" height=\"424\" src=\"https:\/\/www.youtube.com\/embed\/Hxja9y8E7tY?feature=oembed\" frameborder=\"0\" allow=\"accelerometer; autoplay; clipboard-write; encrypted-media; gyroscope; picture-in-picture\" allowfullscreen><\/iframe><\/p>\n<p>Az anim\u00e1ci\u00f3s filmet a Semmelweis Egyetem Kommunik\u00e1ci\u00f3s Igazgat\u00f3s\u00e1g\u00e1nak filmes csapata k\u00e9sz\u00edtette (anim\u00e1ci\u00f3: G\u00e1l Bettina). Az allergia szakmai lektora dr. Mezei Gy\u00f6rgyi PhD, a Semmelweis Egyetem I. Sz. Gyermekgy\u00f3gy\u00e1szati Klinika allergol\u00f3gus, gyermekt\u00fcd\u0151gy\u00f3gy\u00e1sz szakorvosa.<\/p>\n<p>&nbsp;<\/p>\n","protected":false},"excerpt":{"rendered":"<p>A betegs\u00e9g az enyhe t\u00fcnetekt\u0151l a kr\u00f3nikus betegs\u00e9gen \u00e1t ak\u00e1r \u00e9letvesz\u00e9lyes \u00e1llapotot is okozhat.<\/p>\n","protected":false},"author":101869,"featured_media":129124,"comment_status":"closed","ping_status":"closed","sticky":false,"template":"","format":"standard","meta":{"_acf_changed":false,"footnotes":""},"categories":[5],"tags":[751,732],"class_list":["post-129122","post","type-post","status-publish","format-standard","has-post-thumbnail","hentry","category-cikkek","tag-klinikaland","tag-temaajanlo"],"acf":[],"_links":{"self":[{"href":"https:\/\/semmelweis.hu\/mediasarok\/wp-json\/wp\/v2\/posts\/129122","targetHints":{"allow":["GET"]}}],"collection":[{"href":"https:\/\/semmelweis.hu\/mediasarok\/wp-json\/wp\/v2\/posts"}],"about":[{"href":"https:\/\/semmelweis.hu\/mediasarok\/wp-json\/wp\/v2\/types\/post"}],"author":[{"embeddable":true,"href":"https:\/\/semmelweis.hu\/mediasarok\/wp-json\/wp\/v2\/users\/101869"}],"replies":[{"embeddable":true,"href":"https:\/\/semmelweis.hu\/mediasarok\/wp-json\/wp\/v2\/comments?post=129122"}],"version-history":[{"count":9,"href":"https:\/\/semmelweis.hu\/mediasarok\/wp-json\/wp\/v2\/posts\/129122\/revisions"}],"predecessor-version":[{"id":129285,"href":"https:\/\/semmelweis.hu\/mediasarok\/wp-json\/wp\/v2\/posts\/129122\/revisions\/129285"}],"wp:featuredmedia":[{"embeddable":true,"href":"https:\/\/semmelweis.hu\/mediasarok\/wp-json\/wp\/v2\/media\/129124"}],"wp:attachment":[{"href":"https:\/\/semmelweis.hu\/mediasarok\/wp-json\/wp\/v2\/media?parent=129122"}],"wp:term":[{"taxonomy":"category","embeddable":true,"href":"https:\/\/semmelweis.hu\/mediasarok\/wp-json\/wp\/v2\/categories?post=129122"},{"taxonomy":"post_tag","embeddable":true,"href":"https:\/\/semmelweis.hu\/mediasarok\/wp-json\/wp\/v2\/tags?post=129122"}],"curies":[{"name":"wp","href":"https:\/\/api.w.org\/{rel}","templated":true}]}}