{"id":128745,"date":"2022-06-07T09:45:36","date_gmt":"2022-06-07T07:45:36","guid":{"rendered":"https:\/\/semmelweis.hu\/mediasarok\/?p=128745"},"modified":"2025-02-27T12:01:30","modified_gmt":"2025-02-27T11:01:30","slug":"uj-diagnosztikai-es-terapias-eljarasok-sars-cov-2-covid-19-fertozesben-a-semmelweis-egyetem-kutatas-fejlesztesi-javaslata","status":"publish","type":"post","link":"https:\/\/semmelweis.hu\/mediasarok\/2022\/06\/07\/uj-diagnosztikai-es-terapias-eljarasok-sars-cov-2-covid-19-fertozesben-a-semmelweis-egyetem-kutatas-fejlesztesi-javaslata\/","title":{"rendered":"\u00daj diagnosztikai \u00e9s ter\u00e1pi\u00e1s elj\u00e1r\u00e1sok SARS-CoV-2 (COVID-19) fert\u0151z\u00e9sben: a Semmelweis Egyetem kutat\u00e1s-fejleszt\u00e9si javaslata"},"content":{"rendered":"<p>A Semmelweis Egyetem 2020-1.1.6-J\u00d6V\u0150-2021-00013 sz\u00e1m\u00fa projektje a Nemzeti Kutat\u00e1si, Fejleszt\u00e9si \u00e9s Innov\u00e1ci\u00f3s Alapb\u00f3l, a Befektet\u00e9s a j\u00f6v\u0151be (2020-1.1.6-J\u00d6V\u0150) p\u00e1ly\u00e1zati programban nyert el t\u00e1mogat\u00e1st. <strong>A program c\u00e9lja a n\u00e9peg\u00e9szs\u00e9g\u00fcgyi szempontb\u00f3l jelent\u0151s kock\u00e1zat\u00fa megbeteged\u00e9sek korai diagn\u00f3zis\u00e1t \u00e9s ter\u00e1pi\u00e1j\u00e1t seg\u00edt\u0151 kutat\u00e1s-fejleszt\u00e9si projektek t\u00e1mogat\u00e1sa.<\/strong> Ezen szakmai program megval\u00f3s\u00edt\u00e1s\u00e1hoz a T\u00e1mogat\u00f3 a Semmelweis Egyetem r\u00e9sz\u00e9re 450 milli\u00f3 forint t\u00e1mogat\u00e1st biztos\u00edtott, 100%-os t\u00e1mogat\u00e1si intenzit\u00e1s mellett. A program teljes futamideje 24 h\u00f3nap, a Semmelweis Egyetem projektje 2021.04.01- 2023.03.31. k\u00f6z\u00f6tt val\u00f3sul meg.<\/p>\n<p><strong>Projekt r\u00f6vid \u00f6sszefoglal\u00f3ja:<\/strong><\/p>\n<p>A Projekt c\u00e9lja a Semmelweis Egyetemen megl\u00e9v\u0151 komplex szaktud\u00e1s, intellektu\u00e1lis \u00e9s infrastruktur\u00e1lis eszk\u00f6zt\u00e1r hat\u00e9kony mozg\u00f3s\u00edt\u00e1sa a <strong>koronav\u00edrus elleni c\u00e9lzott k\u00fczdelemben, a v\u00edrusfert\u0151z\u00e9s mechanizmus\u00e1nak felt\u00e1r\u00e1sa, a diagnosztikai \u00e9s ter\u00e1pi\u00e1s, illetve a megel\u0151z\u0151 elj\u00e1r\u00e1sok kifejleszt\u00e9se c\u00e9lj\u00e1b\u00f3l.<\/strong> Ezen kiemelt eg\u00e9szs\u00e9g\u00fcgyi szakmai c\u00e9lokat szolg\u00e1l\u00f3, a Semmelweis Egyetem t\u00f6bb szervezeti egys\u00e9g\u00e9nek komplex egy\u00fcttm\u0171k\u00f6d\u00e9s\u00e9ben l\u00e9trej\u00f6v\u0151 kutat\u00e1si projekt 3 modulban val\u00f3sul meg.<\/p>\n<p>Az els\u0151 (hat\u00e1smechanizmust felt\u00e1r\u00f3) modul a SARS-CoV-2 v\u00edrus \u00e9s a COVID-19 betegs\u00e9g modellez\u00e9s\u00e9vel k\u00edv\u00e1nja a fert\u0151z\u00e9s mechanizmus\u00e1nak jobb meg\u00e9rt\u00e9s\u00e9t biztos\u00edtani, amelyhez egy, fert\u0151z\u0151 tulajdons\u00e1ggal nem rendelkez\u0151<strong> koronav\u00edrus<\/strong> t\u00edpus el\u0151\u00e1ll\u00edt\u00e1sa sz\u00fcks\u00e9ges. Ezen inakt\u00edv t\u00edpus a t\u00fcnetet nem okoz\u00f3 k\u00f6r\u00fclm\u00e9nyek k\u00f6z\u00f6tt j\u00f3l tudja modellezni a koronav\u00edrus m\u0171k\u00f6d\u00e9s\u00e9t k\u00eds\u00e9rleti rendszerekben. Az \u00edgy kapott tudom\u00e1nyos eredm\u00e9nyeink egy\u00fattal hozz\u00e1j\u00e1rulhatnak a hazai vakcina program kialak\u00edt\u00e1s\u00e1hoz.<\/p>\n<p>A m\u00e1sodik, diagnosztikai fejleszt\u00e9si modul a v\u00edrus biodisztrib\u00faci\u00f3 m\u00e9r\u00e9s\u00e9re f\u00f3kusz\u00e1l, az \u00e9l\u0151 szervezetben elv\u00e9gzett k\u00eds\u00e9rleti k\u00f6r\u00fclm\u00e9nyek k\u00f6z\u00f6tt, amelyhez a Semmelweis Egyetemen el\u00e9rhet\u0151 cs\u00facstechnol\u00f3gi\u00e1t jelent\u0151 k\u00e9palkot\u00f3 vizsg\u00e1l\u00f3rendszereket alkalmazzuk.<\/p>\n<p>A harmadik ter\u00e1pi\u00e1s modul a COVID-19 betegs\u00e9g legs\u00falyosabb k\u00f6vetkezm\u00e9ny\u00e9t, els\u0151sorban a s\u00falyos akut l\u00e9gz\u00e9szavar szindr\u00f3ma (SARS) ok\u00e1n kialakul\u00f3 extr\u00e9m gyullad\u00e1sos reakci\u00f3k f\u0151bb okait vizsg\u00e1lja. Ennek keretein bel\u00fcl sz\u00e1mos, az egyetem laborat\u00f3rium\u00e1ban vizsg\u00e1lat alatt \u00e1ll\u00f3 vagy m\u00e1r forgalomban l\u00e9v\u0151, a fenti k\u00e1ros reakci\u00f3kat g\u00e1tolni k\u00e9pes gy\u00f3gyszer, vagy gy\u00f3gyszer hat\u00f3anyag kipr\u00f3b\u00e1l\u00e1sa is megt\u00f6rt\u00e9nik.<\/p>\n<p>A Projektr\u0151l b\u0151vebb inform\u00e1ci\u00f3k a Semmelweis Egyetem hivatalos honlapj\u00e1nak p\u00e1ly\u00e1zati aloldal\u00e1n tal\u00e1lhat\u00f3k:<\/p>\n<p><a href=\"https:\/\/semmelweis.hu\/innovacio\/palyazat\/hazai-tamogatott-projektek\/2020-1-1-6-jovo-2021-00013\/\">https:\/\/semmelweis.hu\/innovacio\/palyazat\/hazai-tamogatott-projektek\/2020-1-1-6-jovo-2021-00013\/<\/a><\/p>\n<p><em>Projekt szakmai vezet\u0151je:<\/em><\/p>\n<ul>\n<li>Dr. Merkely B\u00e9la rektor<\/li>\n<\/ul>\n<p>E-mail: rektor@semmelweis-univ.hu<\/p>\n<p><em>Projekt k\u00f6zponti menedzsmentj\u00e9t ir\u00e1ny\u00edt\u00f3 szakter\u00fcleti vezet\u0151:<\/em><\/p>\n<ul>\n<li>Szigeti Gyula P\u00e9ter innov\u00e1ci\u00f3s igazgat\u00f3<\/li>\n<\/ul>\n<p>E-mail: <a href=\"szigeti.gyula@med.semmelweis-univ.hu\">szigeti.gyula@med.semmelweis-univ.hu<\/a><\/p>\n<p><em>K\u00f6zponti projektmenedzser:<\/em><\/p>\n<ul>\n<li>Nagy Gy\u00f6rgyi p\u00e1ly\u00e1zati szak\u00e9rt\u0151<\/li>\n<\/ul>\n<p>\u00a0\u00a0 E-mail: <a href=\"mailto:nagy.gyorgyi1@semmelweis-univ.hu\">nagy.gyorgyi1@semmelweis-univ.hu<\/a><\/p>\n<p><a href=\"https:\/\/semmelweis.hu\/mediasarok\/files\/2022\/06\/NKFIA_infoblokk_projekt_fekvo_2019_HU.png\"><img loading=\"lazy\" decoding=\"async\" class=\"alignright size-medium wp-image-128747\" src=\"https:\/\/semmelweis.hu\/mediasarok\/files\/2022\/06\/NKFIA_infoblokk_projekt_fekvo_2019_HU-400x94.png\" alt=\"\" width=\"400\" height=\"94\" srcset=\"https:\/\/semmelweis.hu\/mediasarok\/files\/2022\/06\/NKFIA_infoblokk_projekt_fekvo_2019_HU-400x94.png 400w, https:\/\/semmelweis.hu\/mediasarok\/files\/2022\/06\/NKFIA_infoblokk_projekt_fekvo_2019_HU-1024x240.png 1024w, https:\/\/semmelweis.hu\/mediasarok\/files\/2022\/06\/NKFIA_infoblokk_projekt_fekvo_2019_HU-768x180.png 768w, https:\/\/semmelweis.hu\/mediasarok\/files\/2022\/06\/NKFIA_infoblokk_projekt_fekvo_2019_HU-753x176.png 753w, https:\/\/semmelweis.hu\/mediasarok\/files\/2022\/06\/NKFIA_infoblokk_projekt_fekvo_2019_HU.png 1110w\" sizes=\"auto, (max-width: 400px) 100vw, 400px\" \/><\/a><\/p>\n","protected":false},"excerpt":{"rendered":"<p>A Semmelweis Egyetem 2020-1.1.6-J\u00d6V\u0150-2021-00013 sz\u00e1m\u00fa projektje a Nemzeti Kutat\u00e1si, Fejleszt\u00e9si \u00e9s Innov\u00e1ci\u00f3s Alapb\u00f3l, a Befektet\u00e9s a j\u00f6v\u0151be (2020-1.1.6-J\u00d6V\u0150) p\u00e1ly\u00e1zati programban nyert el t\u00e1mogat\u00e1st. A program c\u00e9lja a n\u00e9peg\u00e9szs\u00e9g\u00fcgyi szempontb\u00f3l jelent\u0151s kock\u00e1zat\u00fa megbeteged\u00e9sek korai diagn\u00f3zis\u00e1t \u00e9s ter\u00e1pi\u00e1j\u00e1t seg\u00edt\u0151 kutat\u00e1s-fejleszt\u00e9si projektek t\u00e1mogat\u00e1sa. Ezen szakmai program megval\u00f3s\u00edt\u00e1s\u00e1hoz a T\u00e1mogat\u00f3 a Semmelweis Egyetem r\u00e9sz\u00e9re 450 milli\u00f3 forint t\u00e1mogat\u00e1st biztos\u00edtott, &hellip;<\/p>\n","protected":false},"author":101869,"featured_media":136802,"comment_status":"closed","ping_status":"closed","sticky":false,"template":"","format":"standard","meta":{"_acf_changed":false,"footnotes":""},"categories":[5],"tags":[734],"class_list":["post-128745","post","type-post","status-publish","format-standard","has-post-thumbnail","hentry","category-cikkek","tag-kozlemeny"],"acf":[],"_links":{"self":[{"href":"https:\/\/semmelweis.hu\/mediasarok\/wp-json\/wp\/v2\/posts\/128745","targetHints":{"allow":["GET"]}}],"collection":[{"href":"https:\/\/semmelweis.hu\/mediasarok\/wp-json\/wp\/v2\/posts"}],"about":[{"href":"https:\/\/semmelweis.hu\/mediasarok\/wp-json\/wp\/v2\/types\/post"}],"author":[{"embeddable":true,"href":"https:\/\/semmelweis.hu\/mediasarok\/wp-json\/wp\/v2\/users\/101869"}],"replies":[{"embeddable":true,"href":"https:\/\/semmelweis.hu\/mediasarok\/wp-json\/wp\/v2\/comments?post=128745"}],"version-history":[{"count":3,"href":"https:\/\/semmelweis.hu\/mediasarok\/wp-json\/wp\/v2\/posts\/128745\/revisions"}],"predecessor-version":[{"id":128749,"href":"https:\/\/semmelweis.hu\/mediasarok\/wp-json\/wp\/v2\/posts\/128745\/revisions\/128749"}],"wp:featuredmedia":[{"embeddable":true,"href":"https:\/\/semmelweis.hu\/mediasarok\/wp-json\/wp\/v2\/media\/136802"}],"wp:attachment":[{"href":"https:\/\/semmelweis.hu\/mediasarok\/wp-json\/wp\/v2\/media?parent=128745"}],"wp:term":[{"taxonomy":"category","embeddable":true,"href":"https:\/\/semmelweis.hu\/mediasarok\/wp-json\/wp\/v2\/categories?post=128745"},{"taxonomy":"post_tag","embeddable":true,"href":"https:\/\/semmelweis.hu\/mediasarok\/wp-json\/wp\/v2\/tags?post=128745"}],"curies":[{"name":"wp","href":"https:\/\/api.w.org\/{rel}","templated":true}]}}