{"id":12760,"date":"2012-01-13T18:00:17","date_gmt":"2012-01-13T17:00:17","guid":{"rendered":"http:\/\/mediasarok.sote.hu\/?p=12760"},"modified":"2025-10-28T13:15:36","modified_gmt":"2025-10-28T12:15:36","slug":"kozlemeny-2012-01-13","status":"publish","type":"post","link":"https:\/\/semmelweis.hu\/mediasarok\/2012\/01\/13\/kozlemeny-2012-01-13\/","title":{"rendered":"K\u00d6ZLEM\u00c9NY: 2012. 01. 13."},"content":{"rendered":"<p><strong>K\u00d6ZLEM\u00c9NY<\/strong><\/p>\n<p>H\u00fasz \u00e9vvel ezel\u0151tt az egyetemi diploma ut\u00e1n az els\u0151k\u00e9nt megszerezhet\u0151 fokozat volt az egyetemi doktori (k\u00f6zkelet\u0171 n\u00e9ven &#8222;kisdoktori&#8221;) c\u00edm. Ezt a c\u00edmet kapta meg 1992-ben a jelenlegi k\u00f6zt\u00e1rsas\u00e1gi eln\u00f6k a Semmelweis Egyetem egyik jogel\u0151dj\u00e9n\u00e9l, az 1999-ig \u00f6n\u00e1ll\u00f3 Testnevel\u00e9si Egyetemen. A doktori \u00e9rtekez\u00e9s meg\u00edt\u00e9l\u00e9se, a kisdoktori c\u00edm kiad\u00e1sa Schmitt P\u00e1l eset\u00e9ben is az \u00e1ltal\u00e1nos elj\u00e1r\u00e1srendnek megfelel\u0151en szab\u00e1lyszer\u0171en t\u00f6rt\u00e9nt, a szak\u00e9rt\u0151k szerint az \u00e9rtekez\u00e9s tartalma megfelelt az akkori k\u00f6vetelm\u00e9nyeknek. Nincs okunk felt\u00e9telezni, hogy nem kell\u0151en megalapozott d\u00f6nt\u00e9st hozott az a bizotts\u00e1g, amely 1992-ben elb\u00edr\u00e1lta a Schmitt P\u00e1l \u00e1ltal beny\u00fajtott Az \u00fajkori olimpiai j\u00e1t\u00e9kok programj\u00e1nak elemz\u00e9se c\u00edm\u0171 \u00e9rtekez\u00e9st.<\/p>\n<p>T\u00f3th Mikl\u00f3s, d\u00e9k\u00e1n<br \/>\nSemmelweis Egyetem Testnevel\u00e9si \u00e9s Sporttudom\u00e1nyi Kar<\/p>\n","protected":false},"excerpt":{"rendered":"<p>K\u00d6ZLEM\u00c9NY H\u00fasz \u00e9vvel ezel\u0151tt az egyetemi diploma ut\u00e1n az els\u0151k\u00e9nt megszerezhet\u0151 fokozat volt az egyetemi doktori (k\u00f6zkelet\u0171 n\u00e9ven &#8222;kisdoktori&#8221;) c\u00edm. Ezt a c\u00edmet kapta meg 1992-ben a jelenlegi k\u00f6zt\u00e1rsas\u00e1gi eln\u00f6k a Semmelweis Egyetem egyik jogel\u0151dj\u00e9n\u00e9l, az 1999-ig \u00f6n\u00e1ll\u00f3 Testnevel\u00e9si Egyetemen. A doktori \u00e9rtekez\u00e9s meg\u00edt\u00e9l\u00e9se, a kisdoktori c\u00edm kiad\u00e1sa Schmitt P\u00e1l eset\u00e9ben is az \u00e1ltal\u00e1nos elj\u00e1r\u00e1srendnek &hellip;<\/p>\n","protected":false},"author":155,"featured_media":0,"comment_status":"closed","ping_status":"open","sticky":false,"template":"","format":"standard","meta":{"_acf_changed":false,"footnotes":""},"categories":[5],"tags":[734],"class_list":["post-12760","post","type-post","status-publish","format-standard","hentry","category-cikkek","tag-kozlemeny"],"acf":[],"_links":{"self":[{"href":"https:\/\/semmelweis.hu\/mediasarok\/wp-json\/wp\/v2\/posts\/12760","targetHints":{"allow":["GET"]}}],"collection":[{"href":"https:\/\/semmelweis.hu\/mediasarok\/wp-json\/wp\/v2\/posts"}],"about":[{"href":"https:\/\/semmelweis.hu\/mediasarok\/wp-json\/wp\/v2\/types\/post"}],"author":[{"embeddable":true,"href":"https:\/\/semmelweis.hu\/mediasarok\/wp-json\/wp\/v2\/users\/155"}],"replies":[{"embeddable":true,"href":"https:\/\/semmelweis.hu\/mediasarok\/wp-json\/wp\/v2\/comments?post=12760"}],"version-history":[{"count":1,"href":"https:\/\/semmelweis.hu\/mediasarok\/wp-json\/wp\/v2\/posts\/12760\/revisions"}],"predecessor-version":[{"id":93577,"href":"https:\/\/semmelweis.hu\/mediasarok\/wp-json\/wp\/v2\/posts\/12760\/revisions\/93577"}],"wp:attachment":[{"href":"https:\/\/semmelweis.hu\/mediasarok\/wp-json\/wp\/v2\/media?parent=12760"}],"wp:term":[{"taxonomy":"category","embeddable":true,"href":"https:\/\/semmelweis.hu\/mediasarok\/wp-json\/wp\/v2\/categories?post=12760"},{"taxonomy":"post_tag","embeddable":true,"href":"https:\/\/semmelweis.hu\/mediasarok\/wp-json\/wp\/v2\/tags?post=12760"}],"curies":[{"name":"wp","href":"https:\/\/api.w.org\/{rel}","templated":true}]}}