{"id":125710,"date":"2022-03-02T16:23:14","date_gmt":"2022-03-02T15:23:14","guid":{"rendered":"https:\/\/semmelweis.hu\/mediasarok\/?p=125710"},"modified":"2025-02-27T12:04:09","modified_gmt":"2025-02-27T11:04:09","slug":"egeszseges-kisfiunak-adott-eletet-egy-ukrajnabol-menekult-kismama-a-szuleszeti-es-nogyogyaszati-klinikan","status":"publish","type":"post","link":"https:\/\/semmelweis.hu\/mediasarok\/2022\/03\/02\/egeszseges-kisfiunak-adott-eletet-egy-ukrajnabol-menekult-kismama-a-szuleszeti-es-nogyogyaszati-klinikan\/","title":{"rendered":"Eg\u00e9szs\u00e9ges kisfi\u00fanak adott \u00e9letet egy Ukrajn\u00e1b\u00f3l menek\u00fclt kismama a Sz\u00fcl\u00e9szeti \u00e9s N\u0151gy\u00f3gy\u00e1szati Klinik\u00e1n (FRISS\u00cdTVE)"},"content":{"rendered":"<div class=\"lead\">Egy Ukrajn\u00e1b\u00f3l \u00e9rkezett kismama a Semmelweis Egyetem Sz\u00fcl\u00e9szeti \u00e9s N\u0151gy\u00f3gy\u00e1szati Klinik\u00e1j\u00e1n adott \u00e9letet eg\u00e9szs\u00e9ges \u00fajsz\u00fcl\u00f6ttj\u00e9nek m\u00e1rcius 1-j\u00e9n este terhess\u00e9g\u00e9nek 40. het\u00e9ben. Az 56 centim\u00e9terrel \u00e9s 3400 grammal sz\u00fcletett kisfi\u00fa a Matvij nevet kapta. A baba \u00e9s \u00e9desanyja is j\u00f3l vannak.<\/div>\n<div>\n<p>A kismama csal\u00e1dj\u00e1val egy\u00fctt az ukrajnai Husztr\u00f3l menek\u00fclt el a haz\u00e1j\u00e1ban d\u00fal\u00f3 h\u00e1bor\u00fa miatt.<\/p>\n<blockquote>\n<p>Az \u00e9desanya febru\u00e1r 25-\u00e9n jelentkezett el\u0151sz\u00f6r a klinik\u00e1n, n\u00e9h\u00e1ny nappal az ut\u00e1n, hogy meg\u00e9rkezett Magyarorsz\u00e1gra. A sz\u00e1m\u00edtott id\u0151pont k\u00f6rny\u00e9k\u00e9n j\u00e1rt, terhess\u00e9ge a besz\u00e1mol\u00f3ja szerint rendben, probl\u00e9m\u00e1k n\u00e9lk\u00fcl zajlott. Akkor m\u00e9g j\u00f3sl\u00f3f\u00e1j\u00e1sai voltak, megvizsg\u00e1ltuk, \u0151t \u00e9s a magzatot is rendben tal\u00e1ltuk, ez\u00e9rt elengedt\u00fck \u00e9s h\u00e9tf\u0151re visszah\u00edvtuk kontrollra. Aznap m\u00e1r megindult sz\u00fcl\u00e9ssel, f\u00e1j\u00e1sokkal jelentkezett ism\u00e9t n\u00e1lunk<\/p>\n<\/blockquote>\n<p>\u2013 magyar\u00e1zta dr. \u00c1cs N\u00e1ndor, a Semmelweis Egyetem Sz\u00fcl\u00e9szeti \u00e9s N\u0151gy\u00f3gy\u00e1szati Klinika igazgat\u00f3ja.<\/p>\n<p>A professzor kiemelte: a sz\u00fcl\u00e9s id\u0151pontj\u00e1ban egy k\u00e1rp\u00e1taljai sz\u00e1rmaz\u00e1s\u00fa, a klinik\u00e1n gyakorlatot folytat\u00f3 sz\u00fcl\u00e9szn\u0151 tudott anyanyelv\u00e9n besz\u00e9lni a kismam\u00e1val. K\u00e9s\u0151bb a csecsem\u0151oszt\u00e1lyon egy m\u00e1sik, szint\u00e9n K\u00e1rp\u00e1talj\u00e1r\u00f3l sz\u00e1rmaz\u00f3 csecsem\u0151gondoz\u00f3 seg\u00edtette a kommunik\u00e1ci\u00f3t, m\u00edg az adminisztrat\u00edv \u00fcgyint\u00e9z\u00e9sben egy tolm\u00e1cs ford\u00edtott sz\u00e1mukra telefonon kereszt\u00fcl. \u201eA helyzethez k\u00e9pest a kismama kifejezetten der\u0171s \u00e1llapotban van, meg van el\u00e9gedve a klinik\u00e1n kapott ell\u00e1t\u00e1ssal. Mivel \u0151 \u00e9s a baba is teljesen eg\u00e9szs\u00e9gesek, hamarosan elengedj\u00fck \u0151ket, amennyiben biztos\u00edtottnak l\u00e1tjuk a megfelel\u0151 elhelyez\u00e9s\u00fcket\u201d \u2013 mutatott r\u00e1 az igazgat\u00f3, hozz\u00e1t\u00e9ve: az \u00e9desany\u00e1nak van egy nagyobb, 8 \u00e9ves kisl\u00e1nya is, aki jelenleg a nagysz\u00fcl\u0151kkel Pr\u00e1g\u00e1ban tart\u00f3zkodik.<\/p>\n<\/div>\n<p>Az elm\u00falt k\u00e9t napban a Semmelweis Egyetem klinik\u00e1in hat esetben l\u00e1ttak el ukr\u00e1n \u00e1llampolg\u00e1rs\u00e1g\u00fa fekv\u0151- \u00e9s t\u00edz esetben j\u00e1r\u00f3beteget. Ennek el\u0151zm\u00e9nyeir\u0151l <a href=\"https:\/\/semmelweis.hu\/hirek\/2022\/02\/28\/tobb-teruleten-is-segiti-a-semmelweis-egyetem-az-ukrajnabol-menekuloket\/\" target=\"_blank\" rel=\"noopener\">itt olvashatnak<\/a>.<\/p>\n\r\n        [slb_exclude]\r\n        <div class=\"row galeria-wrapper mx-0 h-auto\">\r\n            <div class=\"col-9 pl-0 pr-2\">\r\n            <span class=\"gallery-item frame\">\r\n\t\t\t\t<div class=\"galeria-left-img\"><a href=\"https:\/\/semmelweis.hu\/mediasarok\/files\/2022\/03\/3P1A2508-scaled.jpg\"><img src=https:\/\/semmelweis.hu\/mediasarok\/files\/2022\/03\/3P1A2508-scaled.jpg  \r\n                            alt=\"\" \r\n                            class=\"attachment-sote-gallery-big size-sote-gallery-big\" \r\n                            srcset=\"https:\/\/semmelweis.hu\/mediasarok\/files\/2022\/03\/3P1A2508-400x267.jpg 400w, https:\/\/semmelweis.hu\/mediasarok\/files\/2022\/03\/3P1A2508-1024x683.jpg 1024w, https:\/\/semmelweis.hu\/mediasarok\/files\/2022\/03\/3P1A2508-768x512.jpg 768w, https:\/\/semmelweis.hu\/mediasarok\/files\/2022\/03\/3P1A2508-1536x1024.jpg 1536w, https:\/\/semmelweis.hu\/mediasarok\/files\/2022\/03\/3P1A2508-2048x1365.jpg 2048w, https:\/\/semmelweis.hu\/mediasarok\/files\/2022\/03\/3P1A2508-753x502.jpg 753w, https:\/\/semmelweis.hu\/mediasarok\/files\/2022\/03\/3P1A2508-203x135.jpg 203w\" ><\/a><\/div>\r\n            <\/span>\r\n\r\n            <\/div>\r\n\r\n\t\t\t<div class=\"col-3 pl-0 pr-0\">\r\n\t\t\t\t<div class=\"galeria-right-img d-flex justify-content-between flex-column h-100 w-100 px-0 mx-0 \">\r\n                <div class=\"galeria-box\">\r\n\t\t\t\t\t<h3 class=\"galeria-title\">Gal\u00e9ria<\/h3>\r\n\t\t\t\t\t<div class=\"galeria-subtitle\">\r\n\r\n\t\t\t\t\t\t<div class=\"galeria-page-counter\"><span>3<\/span>k\u00e9p<\/div>\r\n                    <\/div> <\/div>\r\n                    <span class=\"gallery-item frame d-none d-md-flex\">\r\n\t\t\t\t\t<div class=\"galeria-small-img mt-0\"><a href=\"https:\/\/semmelweis.hu\/mediasarok\/files\/2022\/03\/3P1A2487-scaled.jpg\"><img src=https:\/\/semmelweis.hu\/mediasarok\/files\/2022\/03\/3P1A2487-scaled.jpg \r\n                                alt=\"\"  \r\n                                class=\"attachment-sote-gallery-small size-sote-gallery-small\" \r\n                                srcset=\"https:\/\/semmelweis.hu\/mediasarok\/files\/2022\/03\/3P1A2487-400x267.jpg 400w, https:\/\/semmelweis.hu\/mediasarok\/files\/2022\/03\/3P1A2487-1024x683.jpg 1024w, https:\/\/semmelweis.hu\/mediasarok\/files\/2022\/03\/3P1A2487-768x512.jpg 768w, https:\/\/semmelweis.hu\/mediasarok\/files\/2022\/03\/3P1A2487-1536x1024.jpg 1536w, https:\/\/semmelweis.hu\/mediasarok\/files\/2022\/03\/3P1A2487-2048x1365.jpg 2048w, https:\/\/semmelweis.hu\/mediasarok\/files\/2022\/03\/3P1A2487-753x502.jpg 753w, https:\/\/semmelweis.hu\/mediasarok\/files\/2022\/03\/3P1A2487-203x135.jpg 203w\" ><\/a><\/div>\r\n                    <\/span>\r\n                    <span class=\"gallery-item frame d-none d-md-flex\">\r\n\t\t\t\t\t<div class=\"galeria-small-img mt-0\"><a href=\"https:\/\/semmelweis.hu\/mediasarok\/files\/2022\/03\/3P1A2570-scaled.jpg\"><img src=https:\/\/semmelweis.hu\/mediasarok\/files\/2022\/03\/3P1A2570-scaled.jpg \r\n                                alt=\"\" \r\n                                class=\"attachment-sote-gallery-small size-sote-gallery-small\" \r\n                                srcset=\"https:\/\/semmelweis.hu\/mediasarok\/files\/2022\/03\/3P1A2570-400x267.jpg 400w, https:\/\/semmelweis.hu\/mediasarok\/files\/2022\/03\/3P1A2570-1024x683.jpg 1024w, https:\/\/semmelweis.hu\/mediasarok\/files\/2022\/03\/3P1A2570-768x512.jpg 768w, https:\/\/semmelweis.hu\/mediasarok\/files\/2022\/03\/3P1A2570-1536x1024.jpg 1536w, https:\/\/semmelweis.hu\/mediasarok\/files\/2022\/03\/3P1A2570-2048x1365.jpg 2048w, https:\/\/semmelweis.hu\/mediasarok\/files\/2022\/03\/3P1A2570-753x502.jpg 753w, https:\/\/semmelweis.hu\/mediasarok\/files\/2022\/03\/3P1A2570-203x135.jpg 203w\" ><\/a><\/div>\r\n                    <\/span>\r\n\r\n                <\/div>\r\n\r\n            <\/div>\r\n\r\n            \r\n            <\/div>\r\n\r\n            [\/slb_exclude]\r\n\t\n<p>Fot\u00f3: Barta B\u00e1lint<\/p>\n<p>A kisbab\u00e1r\u00f3l k\u00e9sz\u00fclt v\u00e1g\u00f3k\u00e9pek az al\u00e1bbi linken \u00e9rhet\u0151k el: <a href=\"https:\/\/drive.google.com\/file\/d\/1-sSkG3DtRCCMQrLMvtzAGIo-CeHCAt_k\/view?usp=sharing\" target=\"_blank\" rel=\"noopener\">https:\/\/drive.google.com\/file\/d\/1-sSkG3DtRCCMQrLMvtzAGIo-CeHCAt_k\/view?usp=sharing<\/a><\/p>\n<p>A dr. \u00c1cs N\u00e1ndorral k\u00e9sz\u00fclt interj\u00fa itt tekinthet\u0151 meg: <a href=\"https:\/\/drive.google.com\/file\/d\/1cobMMdxYMKOt-oRnvavmz5FD_CsxXI1M\/view\" target=\"_blank\" rel=\"noopener\">https:\/\/drive.google.com\/file\/d\/1cobMMdxYMKOt-oRnvavmz5FD_CsxXI1M\/view<\/a><\/p>\n<p>V\u00e1g\u00f3k\u00e9pek a klinik\u00e1r\u00f3l itt \u00e9rhet\u0151k el: <a href=\"https:\/\/drive.google.com\/file\/d\/1vRst-TVUbjtCm2gnNFBWcZjVoZmbNTkg\/view?usp=sharing\" target=\"_blank\" rel=\"noopener\">https:\/\/drive.google.com\/file\/d\/1vRst-TVUbjtCm2gnNFBWcZjVoZmbNTkg\/view?usp=sharing<\/a><\/p>\n<p>Vide\u00f3: Benyovszky R\u00e9ka, Kresalek D\u00e1vid, R\u00e9thly D\u00e1vid<\/p>\n","protected":false},"excerpt":{"rendered":"<p>Az 56 centim\u00e9terrel \u00e9s 3400 grammal sz\u00fcletett kisfi\u00fa a Matvij nevet kapta.<\/p>\n","protected":false},"author":101748,"featured_media":125712,"comment_status":"closed","ping_status":"closed","sticky":false,"template":"","format":"standard","meta":{"_acf_changed":false,"footnotes":""},"categories":[5],"tags":[734],"class_list":["post-125710","post","type-post","status-publish","format-standard","has-post-thumbnail","hentry","category-cikkek","tag-kozlemeny"],"acf":[],"_links":{"self":[{"href":"https:\/\/semmelweis.hu\/mediasarok\/wp-json\/wp\/v2\/posts\/125710","targetHints":{"allow":["GET"]}}],"collection":[{"href":"https:\/\/semmelweis.hu\/mediasarok\/wp-json\/wp\/v2\/posts"}],"about":[{"href":"https:\/\/semmelweis.hu\/mediasarok\/wp-json\/wp\/v2\/types\/post"}],"author":[{"embeddable":true,"href":"https:\/\/semmelweis.hu\/mediasarok\/wp-json\/wp\/v2\/users\/101748"}],"replies":[{"embeddable":true,"href":"https:\/\/semmelweis.hu\/mediasarok\/wp-json\/wp\/v2\/comments?post=125710"}],"version-history":[{"count":7,"href":"https:\/\/semmelweis.hu\/mediasarok\/wp-json\/wp\/v2\/posts\/125710\/revisions"}],"predecessor-version":[{"id":125721,"href":"https:\/\/semmelweis.hu\/mediasarok\/wp-json\/wp\/v2\/posts\/125710\/revisions\/125721"}],"wp:featuredmedia":[{"embeddable":true,"href":"https:\/\/semmelweis.hu\/mediasarok\/wp-json\/wp\/v2\/media\/125712"}],"wp:attachment":[{"href":"https:\/\/semmelweis.hu\/mediasarok\/wp-json\/wp\/v2\/media?parent=125710"}],"wp:term":[{"taxonomy":"category","embeddable":true,"href":"https:\/\/semmelweis.hu\/mediasarok\/wp-json\/wp\/v2\/categories?post=125710"},{"taxonomy":"post_tag","embeddable":true,"href":"https:\/\/semmelweis.hu\/mediasarok\/wp-json\/wp\/v2\/tags?post=125710"}],"curies":[{"name":"wp","href":"https:\/\/api.w.org\/{rel}","templated":true}]}}