{"id":125517,"date":"2022-02-25T09:25:17","date_gmt":"2022-02-25T08:25:17","guid":{"rendered":"https:\/\/semmelweis.hu\/mediasarok\/?p=125517"},"modified":"2022-02-25T09:25:17","modified_gmt":"2022-02-25T08:25:17","slug":"klinikai-kutatasi-partnersegre-lep-a-semmelweis-egyetemmel-a-sanofi","status":"publish","type":"post","link":"https:\/\/semmelweis.hu\/mediasarok\/2022\/02\/25\/klinikai-kutatasi-partnersegre-lep-a-semmelweis-egyetemmel-a-sanofi\/","title":{"rendered":"Klinikai kutat\u00e1si partners\u00e9gre l\u00e9p a Semmelweis Egyetemmel a Sanofi"},"content":{"rendered":"<div class=\"lead\">A vil\u00e1g egyik vezet\u0151 gy\u00f3gyszerv\u00e1llalata \u00e9s az eur\u00f3pai orvos- \u00e9s eg\u00e9szs\u00e9gtudom\u00e1nyi egyetemek sor\u00e1ban el\u0151kel\u0151 poz\u00edci\u00f3t elfoglal\u00f3 egyetem most al\u00e1\u00edrt meg\u00e1llapod\u00e1sa nyom\u00e1n a j\u00f6v\u0151ben az eddigin\u00e9l is t\u00f6bb klinikai kutat\u00e1si vizsg\u00e1lat \u00e9rkezhet haz\u00e1nkba, er\u0151s\u00edtve ezzel Magyarorsz\u00e1g gy\u00f3gyszeriparban bet\u00f6lt\u00f6tt glob\u00e1lis szerep\u00e9t. A meg\u00e1llapod\u00e1s eredm\u00e9nyek\u00e9nt m\u00e9g t\u00f6bb magyarorsz\u00e1gi beteg els\u0151k k\u00f6z\u00f6tt juthat hozz\u00e1 innovat\u00edv, leg\u00fajabb gy\u00f3gyszerekhez, kezel\u00e9si m\u00f3dokhoz.\u00a0<\/div>\n<p>Dr. Merkely B\u00e9la, a Semmelweis Egyetem rektora \u00e9s dr. R\u00f3nay Tam\u00e1s, a Sanofi vez\u00e9rigazgat\u00f3j\u00e1nak jelenl\u00e9t\u00e9ben \u00edrt\u00e1k al\u00e1 a k\u00e9t int\u00e9zm\u00e9ny k\u00f6z\u00f6tti partneri meg\u00e1llapod\u00e1st. Az egy\u00fcttm\u0171k\u00f6d\u00e9s c\u00e9lja, hogy hossz\u00fat\u00e1von er\u0151s\u00f6dj\u00f6n a gy\u00f3gyszerfejleszt\u00e9s hazai klinikai h\u00e1ttere, \u00e9s m\u00e9g t\u00f6bb magyarorsz\u00e1gi beteg juthasson hozz\u00e1 az els\u0151k k\u00f6z\u00f6tt a leg\u00fajabb gy\u00f3gyszerekhez, kezel\u00e9si m\u00f3dokhoz.\u00a0<\/p>\n<p>A Sanofi kutat\u00e1si egy\u00fcttm\u0171k\u00f6d\u00e9seit \u00f6sszefog\u00f3 Site Partnership Programban m\u00e1s hazai int\u00e9zm\u00e9nyek (Debreceni Egyetem, Szegedi Tudom\u00e1nyegyetem, Koch R\u00f3bert K\u00f3rh\u00e1z \u00e9s Rendel\u0151int\u00e9zet) is r\u00e9szt vesznek. A dinamikusan fejl\u0151d\u0151 h\u00e1l\u00f3zatban a Semmelweis Egyetemnek, mely haz\u00e1nk \u00e9s a r\u00e9gi\u00f3 vezet\u0151 orvos- \u00e9s eg\u00e9szs\u00e9gtudom\u00e1nyi egyeteme, kiemelt szerep jut majd \u00e9s a meg\u00e1llapod\u00e1s \u00e9rtelm\u00e9ben m\u00e1r a Sanofi vizsg\u00e1latainak tervez\u00e9s\u00e9be is bekapcsol\u00f3dhat.<\/p>\n<p><img loading=\"lazy\" decoding=\"async\" class=\"aligncenter size-full wp-image-125546\" src=\"https:\/\/semmelweis.hu\/mediasarok\/files\/2022\/02\/RS146055_C19A5223-scr.jpg\" alt=\"\" width=\"1200\" height=\"730\" srcset=\"https:\/\/semmelweis.hu\/mediasarok\/files\/2022\/02\/RS146055_C19A5223-scr.jpg 1200w, https:\/\/semmelweis.hu\/mediasarok\/files\/2022\/02\/RS146055_C19A5223-scr-400x243.jpg 400w, https:\/\/semmelweis.hu\/mediasarok\/files\/2022\/02\/RS146055_C19A5223-scr-1024x623.jpg 1024w, https:\/\/semmelweis.hu\/mediasarok\/files\/2022\/02\/RS146055_C19A5223-scr-768x467.jpg 768w, https:\/\/semmelweis.hu\/mediasarok\/files\/2022\/02\/RS146055_C19A5223-scr-753x458.jpg 753w\" sizes=\"auto, (max-width: 1200px) 100vw, 1200px\" \/><\/p>\n<p>A Sanofi itthon jelenleg harmincn\u00e1l t\u00f6bb klinikai vizsg\u00e1latot folytat k\u00f6zel sz\u00e1z vizsg\u00e1l\u00f3helyen, mintegy 1200 vizsg\u00e1lati alany (betegek \u00e9s eg\u00e9szs\u00e9ges \u00f6nk\u00e9ntesek) r\u00e9szv\u00e9tel\u00e9vel.<\/p>\n<div class=\"fontos_div\">\n<p>A Magyarorsz\u00e1gon jelent\u0151s gy\u00e1rt\u00e1si, kereskedelmi \u00e9s szolg\u00e1ltat\u00e1si b\u00e1zissal jelen l\u00e9v\u0151 v\u00e1llalat \u00f6sszes kulcsfontoss\u00e1g\u00fa ter\u00e1pi\u00e1s ter\u00fclet\u00e9n \u2013 immunol\u00f3gia \u00e9s gyullad\u00e1s, onkol\u00f3gia, ritka betegs\u00e9gek, ritka v\u00e9rk\u00e9pz\u0151szervi betegs\u00e9gek, szkler\u00f3zis multiplex \u00e9s neurol\u00f3gia, vakcin\u00e1k \u2013 \u00a0folytat hazai vizsg\u00e1latokat, \u00e9s a Semmelweis Egyetem szinte valamennyiben \u00e9rintett.<\/p>\n<\/div>\n<p>A most bejelentett egy\u00fcttm\u0171k\u00f6d\u00e9s r\u00e9v\u00e9n az egyetem szak\u00e9rt\u0151i r\u00e9szt vehetnek a vizsg\u00e1latok tervez\u00e9s\u00e9ben, melynek eredm\u00e9nyek\u00e9nt el\u0151zetesen fel tudnak k\u00e9sz\u00fclni, hat\u00e9konyabb\u00e1 t\u00e9ve ezzel a betegek bevon\u00e1s\u00e1t.<\/p>\n<p>Az orvosok tov\u00e1bbk\u00e9pz\u00e9se \u00e9s az egyes ter\u00e1pi\u00e1s protokollok fejl\u0151d\u00e9se mellett a betegek szempontj\u00e1b\u00f3l is t\u00f6bb pozit\u00edv hozad\u00e9kkal b\u00edrnak a hazai kutat\u00e1sok. Egy-egy vizsg\u00e1latban val\u00f3 r\u00e9szv\u00e9tellel ugyanis olyan k\u00eds\u00e9rleti f\u00e1zisban l\u00e9v\u0151 gy\u00f3gyszerekhez lehet hozz\u00e1jutni, amelyek m\u00e1s m\u00f3don m\u00e9g nem el\u00e9rhet\u0151ek, illetve olyan ell\u00e1t\u00e1st, teszteket \u00e9s vizsg\u00e1latokat lehet ig\u00e9nybe venni, amelyekre norm\u00e1l esetben hossz\u00fa a v\u00e1rakoz\u00e1si id\u0151.<\/p>\n<blockquote>\n<p>A Semmelweis Egyetem strat\u00e9giai c\u00e9lkit\u0171z\u00e9sei k\u00f6z\u00f6tt szerepel a klinikai kutat\u00e1si tev\u00e9kenys\u00e9g n\u00f6vel\u00e9se, \u00e9s ehhez a gy\u00f3gyszeripari strat\u00e9giai partnerkapcsolatok ki\u00e9p\u00edt\u00e9se<\/p>\n<\/blockquote>\n<p><a href=\"https:\/\/semmelweis.hu\/mediasarok\/files\/2022\/02\/RS146036_C19A5105-scr.jpg\"><img loading=\"lazy\" decoding=\"async\" class=\"alignleft wp-image-125549 size-medium\" src=\"https:\/\/semmelweis.hu\/mediasarok\/files\/2022\/02\/RS146036_C19A5105-scr-400x255.jpg\" alt=\"\" width=\"400\" height=\"255\" srcset=\"https:\/\/semmelweis.hu\/mediasarok\/files\/2022\/02\/RS146036_C19A5105-scr-400x255.jpg 400w, https:\/\/semmelweis.hu\/mediasarok\/files\/2022\/02\/RS146036_C19A5105-scr-1024x652.jpg 1024w, https:\/\/semmelweis.hu\/mediasarok\/files\/2022\/02\/RS146036_C19A5105-scr-768x489.jpg 768w, https:\/\/semmelweis.hu\/mediasarok\/files\/2022\/02\/RS146036_C19A5105-scr-753x479.jpg 753w, https:\/\/semmelweis.hu\/mediasarok\/files\/2022\/02\/RS146036_C19A5105-scr.jpg 1200w\" sizes=\"auto, (max-width: 400px) 100vw, 400px\" \/><\/a>\u2013 hangs\u00falyozta dr. Merkely B\u00e9la rektor. A Semmelweis Egyetemen a 2021-es \u00e9vben mintegy 150 \u00faj vizsg\u00e1lat indult, csak az elm\u00falt egy h\u00f3napban k\u00f6r\u00fclbel\u00fcl 700 beteg vett r\u00e9szt valamilyen klinikai vizsg\u00e1latban az int\u00e9zm\u00e9nyben. A rektor kiemelte: a mostani meg\u00e1llapod\u00e1snak k\u00f6sz\u00f6nhet\u0151en ez a sz\u00e1m tov\u00e1bb n\u00f6vekedhet, \u00e9s olyan innov\u00e1ci\u00f3k sz\u00fclethetnek, amelyek hozz\u00e1j\u00e1rulnak ahhoz, hogy az emberek eg\u00e9szs\u00e9gesebb \u00e9letet \u00e9ljenek \u00e9s egyben javuljon az \u00e9letmin\u0151s\u00e9g\u00fck. A klinikai vizsg\u00e1latok b\u0151v\u00fcl\u00e9se az egyetem kutat\u00e1si teljes\u00edtm\u00e9ny\u00e9t is n\u00f6veli, ez\u00e1ltal a mostani meg\u00e1llapod\u00e1s \u00fajabb l\u00e9p\u00e9s strat\u00e9gia c\u00e9lunk fel\u00e9, hogy a Semmelweis Egyetem a vil\u00e1g 100 legjobb fels\u0151oktat\u00e1si int\u00e9zm\u00e9nye k\u00f6z\u00e9 ker\u00fclj\u00f6n \u2013 tette hozz\u00e1 a rektor.<\/p>\n<p><a href=\"https:\/\/semmelweis.hu\/mediasarok\/files\/2022\/02\/RS146043_C19A5150-scr.jpg\"><img loading=\"lazy\" decoding=\"async\" class=\"alignright wp-image-125548 size-medium\" src=\"https:\/\/semmelweis.hu\/mediasarok\/files\/2022\/02\/RS146043_C19A5150-scr-400x267.jpg\" alt=\"\" width=\"400\" height=\"267\" srcset=\"https:\/\/semmelweis.hu\/mediasarok\/files\/2022\/02\/RS146043_C19A5150-scr-400x267.jpg 400w, https:\/\/semmelweis.hu\/mediasarok\/files\/2022\/02\/RS146043_C19A5150-scr-1024x683.jpg 1024w, https:\/\/semmelweis.hu\/mediasarok\/files\/2022\/02\/RS146043_C19A5150-scr-768x512.jpg 768w, https:\/\/semmelweis.hu\/mediasarok\/files\/2022\/02\/RS146043_C19A5150-scr-753x502.jpg 753w, https:\/\/semmelweis.hu\/mediasarok\/files\/2022\/02\/RS146043_C19A5150-scr-203x135.jpg 203w, https:\/\/semmelweis.hu\/mediasarok\/files\/2022\/02\/RS146043_C19A5150-scr.jpg 1200w\" sizes=\"auto, (max-width: 400px) 100vw, 400px\" \/><\/a>\u201eA Sanofi akt\u00edvan r\u00e9szt vesz a Magyar Klinikai Vizsg\u00e1latszervez\u0151k T\u00e1rsas\u00e1g\u00e1nak munk\u00e1j\u00e1ban, hozz\u00e1j\u00e1rulva e ter\u00fclet fejl\u0151d\u00e9s\u00e9hez. Egy\u00fcttm\u0171k\u00f6d\u00e9seink r\u00e9v\u00e9n nem csak a gy\u00f3gyszergy\u00e1rt\u00e1sban, hanem a magyar nemzetgazdas\u00e1g sz\u00e1m\u00e1ra kiemelten fontos eg\u00e9szs\u00e9g\u00fcgyi kutat\u00e1s-fejleszt\u00e9si \u00e9s innov\u00e1ci\u00f3s \u00f6kosziszt\u00e9ma tov\u00e1bb \u00e9p\u00edt\u00e9s\u00e9ben is egyre jelent\u0151sebb szerepet v\u00e1llalunk. A Semmelweis Egyetemmel kialak\u00edtott partners\u00e9g r\u00e9v\u00e9n ez csak tov\u00e1bb er\u0151s\u00f6dik\u201d \u2013 mondta el dr. R\u00f3nay Tam\u00e1s, a v\u00e1llalat magyarorsz\u00e1gi vez\u00e9rigazgat\u00f3ja.<\/p>\n<p>A meg\u00e1llapod\u00e1st dr. Merkely B\u00e9la, a Semmelweis Egyetem rektora, dr. Pavlik L\u00edvia, a Semmelweis Egyetem kancell\u00e1ra, illetve dr. R\u00f3nay Tam\u00e1s, a Sanofi vez\u00e9rigazgat\u00f3ja \u00e9s dr. Letan\u00f3czki M\u00e1ria, a Sanofi klinikai kutat\u00e1si igazgat\u00f3ja \u00edrta al\u00e1 \u00fcnnep\u00e9lyes keretek k\u00f6z\u00f6tt.\u00a0<\/p>\n<p>Fot\u00f3: Kov\u00e1cs Attila &#8211; Semmelweis Egyetem<\/p>\n<p>&nbsp;<\/p>\n<div class=\"keretes w-100\">\n<p><strong>A Sanofir\u00f3l<\/strong><\/p>\n<p>A Sanofi elk\u00f6telezetten t\u00e1mogatja az eg\u00e9szs\u00e9gi probl\u00e9m\u00e1val k\u00fczd\u0151ket. Az eg\u00e9szs\u00e9g ir\u00e1nt elhivatott nemzetk\u00f6zi gy\u00f3gyszeripari v\u00e1llalatk\u00e9nt vakcin\u00e1inkkal betegs\u00e9geket el\u0151z\u00fcnk meg, innovat\u00edv kezel\u00e9seinkkel csillap\u00edtjuk a f\u00e1jdalmat \u00e9s enyh\u00edtj\u00fck a szenved\u00e9st. A ritka betegs\u00e9gekben szenved\u0151k kis k\u00f6z\u00f6ss\u00e9ge ugyan\u00fagy sz\u00e1m\u00edthat r\u00e1nk, mint a hossz\u00fa t\u00e1v\u00fa, kr\u00f3nikus betegs\u00e9gekkel kezelt emberek milli\u00f3i. A vil\u00e1g 100 orsz\u00e1g\u00e1ban dolgoz\u00f3 t\u00f6bb mint 100 ezer munkat\u00e1rs\u00e1nak k\u00f6sz\u00f6nhet\u0151en a Sanofi a tudom\u00e1nyos innov\u00e1ci\u00f3t eg\u00e9szs\u00e9g\u00fcgyi megold\u00e1sokk\u00e1 alak\u00edtja \u00e1t. A v\u00e1llalat Magyarorsz\u00e1gon, a Chinoin r\u00e9v\u00e9n t\u00f6bb mint egy \u00e9vsz\u00e1zados trad\u00edci\u00f3val rendelkezik.<\/p>\n<p>Sanofi, Empowering Life<\/p>\n<p>&nbsp;<\/p>\n<p><strong>A Semmelweis Egyetemr\u0151l <\/strong><\/p>\n<p>A Semmelweis Egyetem Magyarorsz\u00e1g \u00e9s a k\u00f6z\u00e9p-eur\u00f3pai r\u00e9gi\u00f3 vezet\u0151 orvos-eg\u00e9szs\u00e9g\u00fcgyi fels\u0151oktat\u00e1si int\u00e9zm\u00e9nye, mely szakegyetemk\u00e9nt egyed\u00fcl\u00e1ll\u00f3 az orsz\u00e1gban. H\u00e1rom f\u0151 tev\u00e9kenys\u00e9ge az oktat\u00e1s, kutat\u00e1s-innov\u00e1ci\u00f3 \u00e9s gy\u00f3gy\u00edt\u00e1s; e h\u00e1rmas egys\u00e9g teszi nemzetk\u00f6zileg is elismert tud\u00e1sk\u00f6zpontt\u00e1 a t\u00f6bb mint 250 \u00e9ves egyetemet.\u00a0 Az int\u00e9zm\u00e9nyben\u00a0kiemelked\u0151 szerepet kap a\u00a0kutat\u00e1s-fejleszt\u00e9si \u00e9s innov\u00e1ci\u00f3s tev\u00e9kenys\u00e9g is, az itt foly\u00f3 kutat\u00e1sok f\u00f3kusz\u00e1ban az eg\u00e9szs\u00e9g megtart\u00e1sa, a betegs\u00e9gek megel\u0151z\u00e9se, a m\u00e1r kialakult betegs\u00e9gek min\u00e9l kor\u00e1bbi diagnosztik\u00e1ja \u00e9s hat\u00e9kony kezel\u00e9se, valamint az eg\u00e9szs\u00e9ges \u00e9s akt\u00edv \u00f6reged\u00e9s \u00e1ll. Mintegy 300 egyetemi kutat\u00f3csoport m\u0171k\u00f6dik, kutat\u00e1saikat 46 nemzetk\u00f6zi \u00e9s 263 hazai p\u00e1ly\u00e1zat t\u00e1mogatja. A Semmelweis Egyetem az oktat\u00e1si \u00e9s kutat\u00e1si tev\u00e9kenys\u00e9ge mellett Magyarorsz\u00e1g egyik legnagyobb gy\u00f3gy\u00edt\u00f3 int\u00e9zm\u00e9nye is, a klinik\u00e1k \u00e9s az eg\u00e9szs\u00e9g\u00fcgyi ell\u00e1t\u00e1st is v\u00e9gz\u0151 int\u00e9zetek\u00a0mintegy\u00a0k\u00e9t \u00e9s f\u00e9l milli\u00f3\u00a0esetet \u00a0l\u00e1tnak el \u00e9vente.<\/p>\n<\/div>\n","protected":false},"excerpt":{"rendered":"<p>A meg\u00e1llapod\u00e1s eredm\u00e9nyek\u00e9nt m\u00e9g t\u00f6bb magyar beteg juthat hozz\u00e1 m\u00e1s m\u00f3don nem el\u00e9rhet\u0151 innovat\u00edv k\u00e9sz\u00edtm\u00e9nyekhez.<\/p>\n","protected":false},"author":101748,"featured_media":125518,"comment_status":"closed","ping_status":"closed","sticky":false,"template":"","format":"standard","meta":{"_acf_changed":false,"footnotes":""},"categories":[5],"tags":[734],"class_list":["post-125517","post","type-post","status-publish","format-standard","has-post-thumbnail","hentry","category-cikkek","tag-kozlemeny"],"acf":[],"_links":{"self":[{"href":"https:\/\/semmelweis.hu\/mediasarok\/wp-json\/wp\/v2\/posts\/125517","targetHints":{"allow":["GET"]}}],"collection":[{"href":"https:\/\/semmelweis.hu\/mediasarok\/wp-json\/wp\/v2\/posts"}],"about":[{"href":"https:\/\/semmelweis.hu\/mediasarok\/wp-json\/wp\/v2\/types\/post"}],"author":[{"embeddable":true,"href":"https:\/\/semmelweis.hu\/mediasarok\/wp-json\/wp\/v2\/users\/101748"}],"replies":[{"embeddable":true,"href":"https:\/\/semmelweis.hu\/mediasarok\/wp-json\/wp\/v2\/comments?post=125517"}],"version-history":[{"count":5,"href":"https:\/\/semmelweis.hu\/mediasarok\/wp-json\/wp\/v2\/posts\/125517\/revisions"}],"predecessor-version":[{"id":125555,"href":"https:\/\/semmelweis.hu\/mediasarok\/wp-json\/wp\/v2\/posts\/125517\/revisions\/125555"}],"wp:featuredmedia":[{"embeddable":true,"href":"https:\/\/semmelweis.hu\/mediasarok\/wp-json\/wp\/v2\/media\/125518"}],"wp:attachment":[{"href":"https:\/\/semmelweis.hu\/mediasarok\/wp-json\/wp\/v2\/media?parent=125517"}],"wp:term":[{"taxonomy":"category","embeddable":true,"href":"https:\/\/semmelweis.hu\/mediasarok\/wp-json\/wp\/v2\/categories?post=125517"},{"taxonomy":"post_tag","embeddable":true,"href":"https:\/\/semmelweis.hu\/mediasarok\/wp-json\/wp\/v2\/tags?post=125517"}],"curies":[{"name":"wp","href":"https:\/\/api.w.org\/{rel}","templated":true}]}}